{"id":62543,"date":"2025-08-21T13:34:11","date_gmt":"2025-08-21T13:34:11","guid":{"rendered":"https:\/\/www.europesays.com\/es\/62543\/"},"modified":"2025-08-21T13:34:11","modified_gmt":"2025-08-21T13:34:11","slug":"miguel-angel-valverde-apoya-a-toreros-de-ciudad-real-en-el-sorteo-de-la-feria-taurina-noticias-de-ciudad-real","status":"publish","type":"post","link":"https:\/\/www.europesays.com\/es\/62543\/","title":{"rendered":"Miguel \u00c1ngel Valverde apoya a toreros de Ciudad Real en el sorteo de la Feria Taurina &#8211; Noticias de Ciudad Real"},"content":{"rendered":"<p> Apoyo a los toreros y a la fiesta taurina en Ciudad Real <\/p>\n<p>Miguel \u00c1ngel Valverde Menchero es el presidente de la Diputaci\u00f3n de Ciudad Real.<\/p>\n<p>Esta ma\u00f1ana ha estado en la plaza de toros de Ciudad Real.<\/p>\n<p>Tambi\u00e9n han estado Adri\u00e1n Fern\u00e1ndez, vicepresidente de Organizaci\u00f3n Interna de la Diputaci\u00f3n, y Francisco Ca\u00f1izares, alcalde de Ciudad Real.<\/p>\n<p>Han asistido al sorteo de los lotes de la \u00faltima corrida de la Feria Taurina de la Virgen del Prado.<\/p>\n<p>Este sorteo es cuando se decide el orden y los toros que saldr\u00e1n en la corrida.<\/p>\n<p>En esta corrida hay toreros de la tierra.<\/p>\n<p>Algunos son:<\/p>\n<p>Estos toreros han estudiado en escuelas taurinas de Ciudad Real y Albacete.<\/p>\n<p> Compromiso con la cultura y la tradici\u00f3n <\/p>\n<p>Valverde dice que es importante preservar la identidad, las tradiciones y la cultura.<\/p>\n<p>Los toros forman parte de la cultura de Ciudad Real.<\/p>\n<p>Ciudad Real es una de las provincias que m\u00e1s fiestas taurinas tiene en Espa\u00f1a.<\/p>\n<p>La Diputaci\u00f3n apoya estas ferias taurinas en la provincia.<\/p>\n<p>Valverde dice que la feria de Ciudad Real es muy importante para la fiesta taurina en la provincia.<\/p>\n<p>Apoyan a los toreros y a las ganader\u00edas (criadores de toros) de la tierra.<\/p>\n<p>Tambi\u00e9n apoyan las escuelas taurinas para que los j\u00f3venes aprendan a torear.<\/p>\n<p> Sorteo y ceremonia <\/p>\n<p>El sorteo es un ritual especial antes de cada corrida.<\/p>\n<p>Valverde dice que este rito es importante para la identidad cultural, aunque no lo conozca todo el mundo.<\/p>\n<p> Deseos para la corrida <\/p>\n<p>Valverde espera que la corrida de esta tarde salga muy bien.<\/p>\n<p>Desea que los toreros de la tierra tengan mucho \u00e9xito.<\/p>\n<p>Ha hablado con Carlos Aranda para desearle suerte.<\/p>\n<p> Participaci\u00f3n en tertulias <\/p>\n<p>Valverde ha participado en las tertulias \u201cCargando la suerte\u201d y \u201cHasta la bola\u201d.<\/p>\n<p>Estas son charlas sobre la feria taurina.<\/p>\n<p>En ellas, ha dicho que la Diputaci\u00f3n seguir\u00e1 apoyando a las escuelas taurinas y a los j\u00f3venes toreros.<\/p>\n<p>Valverde ha defendido la tauromaquia como una parte importante de la cultura de la provincia.<\/p>\n<p> Glosario <\/p>\n<ul>\n<li>Diputaci\u00f3n: Instituci\u00f3n que gobierna una provincia.<\/li>\n<li>Feria Taurina: Fiesta dedicada a los toros que se celebra en una localidad.<\/li>\n<li>Plaza de toros: Lugar donde se hacen las corridas de toros.<\/li>\n<li>Sortear: Escoger por azar el orden o los elementos que participar\u00e1n.<\/li>\n<li>Ganader\u00eda: Lugar donde se cr\u00edan toros para las corridas.<\/li>\n<li>Escuela Taurina: Lugar donde se ense\u00f1a a torear.<\/li>\n<li>Tauromaquia: Arte y tradici\u00f3n de torear toros.<\/li>\n<\/ul>\n","protected":false},"excerpt":{"rendered":"Apoyo a los toreros y a la fiesta taurina en Ciudad Real Miguel \u00c1ngel Valverde Menchero es el&hellip;\n","protected":false},"author":2,"featured_media":62394,"comment_status":"","ping_status":"","sticky":false,"template":"","format":"standard","meta":{"footnotes":""},"categories":[277],"tags":[2594,20777,373,777,168,25,24,599,4098,798,886,23,167,600,374,2487,1933],"class_list":{"0":"post-62543","1":"post","2":"type-post","3":"status-publish","4":"format-standard","5":"has-post-thumbnail","7":"category-toreo","8":"tag-angel","9":"tag-apoya","10":"tag-bullfighting","11":"tag-ciudad","12":"tag-deportes","13":"tag-es","14":"tag-espana","15":"tag-feria","16":"tag-miguel","17":"tag-real","18":"tag-sorteo","19":"tag-spain","20":"tag-sports","21":"tag-taurina","22":"tag-toreo","23":"tag-toreros","24":"tag-valverde"},"share_on_mastodon":{"url":"","error":""},"_links":{"self":[{"href":"https:\/\/www.europesays.com\/es\/wp-json\/wp\/v2\/posts\/62543","targetHints":{"allow":["GET"]}}],"collection":[{"href":"https:\/\/www.europesays.com\/es\/wp-json\/wp\/v2\/posts"}],"about":[{"href":"https:\/\/www.europesays.com\/es\/wp-json\/wp\/v2\/types\/post"}],"author":[{"embeddable":true,"href":"https:\/\/www.europesays.com\/es\/wp-json\/wp\/v2\/users\/2"}],"replies":[{"embeddable":true,"href":"https:\/\/www.europesays.com\/es\/wp-json\/wp\/v2\/comments?post=62543"}],"version-history":[{"count":0,"href":"https:\/\/www.europesays.com\/es\/wp-json\/wp\/v2\/posts\/62543\/revisions"}],"wp:featuredmedia":[{"embeddable":true,"href":"https:\/\/www.europesays.com\/es\/wp-json\/wp\/v2\/media\/62394"}],"wp:attachment":[{"href":"https:\/\/www.europesays.com\/es\/wp-json\/wp\/v2\/media?parent=62543"}],"wp:term":[{"taxonomy":"category","embeddable":true,"href":"https:\/\/www.europesays.com\/es\/wp-json\/wp\/v2\/categories?post=62543"},{"taxonomy":"post_tag","embeddable":true,"href":"https:\/\/www.europesays.com\/es\/wp-json\/wp\/v2\/tags?post=62543"}],"curies":[{"name":"wp","href":"https:\/\/api.w.org\/{rel}","templated":true}]}}