{"id":62551,"date":"2025-08-21T13:40:11","date_gmt":"2025-08-21T13:40:11","guid":{"rendered":"https:\/\/www.europesays.com\/es\/62551\/"},"modified":"2025-08-21T13:40:11","modified_gmt":"2025-08-21T13:40:11","slug":"matt-thomas-cerca-del-coviran-granada","status":"publish","type":"post","link":"https:\/\/www.europesays.com\/es\/62551\/","title":{"rendered":"Matt Thomas, cerca del Coviran Granada"},"content":{"rendered":"<p>        El estadounidense completar\u00eda la rotaci\u00f3n de los de Ram\u00f3n D\u00edaz <\/p>\n<p>\n                     Redacci\u00f3n                    \u00a0|\u00a0  21 de agosto de 2025<\/p>\n<p>                <a href=\"https:\/\/www.europesays.com\/es\/wp-content\/uploads\/2025\/08\/imagen61671_0_original.jpg\" id=\"single_image\" title=\"Thoma podr\u00eda completar la plantilla del Coviran \"><br \/>\n                    <img decoding=\"async\" src=\"https:\/\/www.europesays.com\/es\/wp-content\/uploads\/2025\/08\/imagen61671_0_original.jpg\" title=\"Thoma podr\u00eda completar la plantilla del Coviran \" alt=\"Thoma podr\u00eda completar la plantilla del Coviran \"\/><br \/>\n                <\/a><\/p>\n<p>Thoma podr\u00eda completar la plantilla del Coviran <\/p>\n<p>El Coviran Granada ha ido moldeando con diligencia su plantilla, a la que \u00fanicamente le faltaba una pieza m\u00e1s, <strong>hueco que puede cubrir con la incorporaci\u00f3n de Matt Thomas,<\/strong> un gran anotador con pasado en la NBA que le dar\u00eda un salto de calidad a la l\u00ednea exterior de los rojinegros.&#13;<br \/>\n&#13;\n<\/p>\n<p>Seg\u00fan ha adelantado el portal especializado Encestando<strong>, la llegada de Thomas al Palacio estar\u00eda pr\u00e1cticamente cerrada<\/strong> a falta de que el anuncio se haga oficial. El de Illinois habr\u00eda incluido en el acuerdo una cl\u00e1usula de salida para equipos que disputen la Euroliga.&#13;<br \/>\n&#13;\n<\/p>\n<p>Thomas, que lleg\u00f3 a disputar varias temporadas en la NBA, pasando por los Raptors, los Jazz y los Bulls, ha formado parte las dos \u00faltimas campa\u00f1as del Alba Berl\u00edn,<strong> donde en el \u00faltimo curso promedi\u00f3 14,1 puntos, con un 44,5% de acierto desde la l\u00ednea de tres.<\/strong><\/p>\n<p>\u00a0<\/p>\n<p>Si se confirma su llegada, Thomas supondr\u00e1 un salto de calidad para el Coviran, que <strong>a\u00f1adir\u00eda\u00a0un anotador de gran fiabilidad para su per\u00edmetro<\/strong>, una pieza que necesitaba Ram\u00f3n D\u00edaz para completar una rotaci\u00f3n profunda.<\/p>\n<p>\u00a0<\/p>\n<p>\u00a0<\/p>\n<p>                <a href=\"https:\/\/www.granadaenjuego.com\/Fundacion-CBG\/la-diputacion-de-granada-reafirma-su-compromiso-con-el-coviran-granada\" rel=\"nofollow noopener\" target=\"_blank\"><img decoding=\"async\" src=\"https:\/\/www.europesays.com\/es\/wp-content\/uploads\/2025\/08\/imagen61659_0_ppal.jpg\" title=\"La Diputaci\u00f3n sigue apoyando al Coviran Granada (COVIRAN GRANADA)\" alt=\"La Diputaci\u00f3n sigue apoyando al Coviran Granada (COVIRAN GRANADA)\"\/><\/a>                <\/p>\n<p>20\/08\/2025 | Redacci\u00f3n<\/p>\n<p>El nombre del organismo provincial aparecer\u00e1 en el pantal\u00f3n de ambas equipaciones<\/p>\n<p>                <a href=\"https:\/\/www.granadaenjuego.com\/Fundacion-CBG\/ramon-diaz--el-objetivo-es-intentar-sacar-12-victorias-\" rel=\"nofollow noopener\" target=\"_blank\"><img decoding=\"async\" src=\"https:\/\/www.europesays.com\/es\/wp-content\/uploads\/2025\/08\/imagen61655_0_ppal.jpg\" title=\"Ram\u00f3n D\u00edaz tiene claro el objetivo del Coviran (COVIRAN GRANADA)\" alt=\"Ram\u00f3n D\u00edaz tiene claro el objetivo del Coviran (COVIRAN GRANADA)\"\/><\/a>                    <\/p>\n","protected":false},"excerpt":{"rendered":"El estadounidense completar\u00eda la rotaci\u00f3n de los de Ram\u00f3n D\u00edaz Redacci\u00f3n \u00a0|\u00a0 21 de agosto de 2025 Thoma&hellip;\n","protected":false},"author":2,"featured_media":62552,"comment_status":"","ping_status":"","sticky":false,"template":"","format":"standard","meta":{"footnotes":""},"categories":[269],"tags":[302,299,298,9652,168,25,24,665,25902,25901,23,167],"class_list":{"0":"post-62551","1":"post","2":"type-post","3":"status-publish","4":"format-standard","5":"has-post-thumbnail","7":"category-baloncesto","8":"tag-acb","9":"tag-baloncesto","10":"tag-basketball","11":"tag-coviran-granada","12":"tag-deportes","13":"tag-es","14":"tag-espana","15":"tag-liga-endesa","16":"tag-palacio-de-los-deportes","17":"tag-ramon-diaz","18":"tag-spain","19":"tag-sports"},"share_on_mastodon":{"url":"","error":""},"_links":{"self":[{"href":"https:\/\/www.europesays.com\/es\/wp-json\/wp\/v2\/posts\/62551","targetHints":{"allow":["GET"]}}],"collection":[{"href":"https:\/\/www.europesays.com\/es\/wp-json\/wp\/v2\/posts"}],"about":[{"href":"https:\/\/www.europesays.com\/es\/wp-json\/wp\/v2\/types\/post"}],"author":[{"embeddable":true,"href":"https:\/\/www.europesays.com\/es\/wp-json\/wp\/v2\/users\/2"}],"replies":[{"embeddable":true,"href":"https:\/\/www.europesays.com\/es\/wp-json\/wp\/v2\/comments?post=62551"}],"version-history":[{"count":0,"href":"https:\/\/www.europesays.com\/es\/wp-json\/wp\/v2\/posts\/62551\/revisions"}],"wp:featuredmedia":[{"embeddable":true,"href":"https:\/\/www.europesays.com\/es\/wp-json\/wp\/v2\/media\/62552"}],"wp:attachment":[{"href":"https:\/\/www.europesays.com\/es\/wp-json\/wp\/v2\/media?parent=62551"}],"wp:term":[{"taxonomy":"category","embeddable":true,"href":"https:\/\/www.europesays.com\/es\/wp-json\/wp\/v2\/categories?post=62551"},{"taxonomy":"post_tag","embeddable":true,"href":"https:\/\/www.europesays.com\/es\/wp-json\/wp\/v2\/tags?post=62551"}],"curies":[{"name":"wp","href":"https:\/\/api.w.org\/{rel}","templated":true}]}}