{"id":625557,"date":"2026-06-25T13:41:18","date_gmt":"2026-06-25T13:41:18","guid":{"rendered":"https:\/\/www.europesays.com\/es\/625557\/"},"modified":"2026-06-25T13:41:18","modified_gmt":"2026-06-25T13:41:18","slug":"una-mano-de-pintura-para-las-letronas-de-gijon","status":"publish","type":"post","link":"https:\/\/www.europesays.com\/es\/625557\/","title":{"rendered":"Una mano de pintura para las Letronas de Gij\u00f3n"},"content":{"rendered":"<p class=\"ft-text ft-helper-closenews\">U<strong>nas de las obras m\u00e1s fotografidas de Gij\u00f3n vuelve a pasar por chapa y pintura<\/strong>. Dos operarios se encontraban este jueves por la ma\u00f1ana realizando labores de repintado de las<strong> emblem\u00e1ticas Letronas en el Muelle,<\/strong> una obra <a class=\"ft-link ft-link--decoration\" href=\"https:\/\/www.lne.es\/gijon\/2021\/03\/18\/letronas-quisismos-ciudad-barreras-fronteras-43390134.html\" target=\"_blank\" rel=\"nofollow noopener\">dise\u00f1ada por el artista gijon\u00e9s Juan Jare\u00f1o<\/a> y donada a la ciudad por Femetal.<\/p>\n<p class=\"ft-text\">Las Letronas, que en 2021 celebraron su d\u00e9cimo aniversario, en el entorno de los Jardines de la Reina desde que <strong>salieron de los talleres de Jos\u00e9 Dionisio Fern\u00e1ndez,<\/strong> de Hierros Juan Manuel. Desde su llegada son miles los visitantes, e incluso gijoneses, que se han hecho fotograf\u00edas al lado del popular elemento. <\/p>\n<p class=\"ft-text\">Durante los trabajos de pintura la zona permanece vallada para impedir el acceso hasta que la pinture se seque. Los operarios trabajan con un peque\u00f1o andamio para poder alcanzar todas las zonas de las cinco letras de la ciudad. <\/p>\n<p class=\"ft-text\">La ubicaci\u00f3n de los Jardines de la Reina no fue la \u00fanica opci\u00f3n para instalarlas. <strong>Esa ubicaci\u00f3n se impuso a otras propuestas,<\/strong> como la explanada de Poniente ante el Acuario Bioparc, la plaza del Marqu\u00e9s, el cerro de Santa Catalina o los Jardines del N\u00e1utico. Incluso hubo alternativas populares como el parque de Los Pericones, el puente del\u00a0Piles, Puerta de la Villa, el paseo de Bego\u00f1a y la plaza del Instituto.<\/p>\n<p class=\"ft-text\">\u00a0Cada una de las piezas que representan la marca de ciudad lucen el color rojo caracter\u00edstico de Gij\u00f3n, reforzado ahora tras las labores de pintura que se pusieron en marcha este jueves.<strong> Cada letra de Gij\u00f3n tiene 25 cent\u00edmetros de grosor y m\u00e1s de dos toneladas de peso en su conjunto.<\/strong><\/p>\n<p data-close=\"closedContent\" class=\"subscribeHideForDisplay\">Suscr\u00edbete para seguir leyendo<\/p>\n","protected":false},"excerpt":{"rendered":"Unas de las obras m\u00e1s fotografidas de Gij\u00f3n vuelve a pasar por chapa y pintura. Dos operarios se&hellip;\n","protected":false},"author":2,"featured_media":625558,"comment_status":"","ping_status":"","sticky":false,"template":"","format":"standard","meta":{"footnotes":""},"categories":[173],"tags":[229,233,231,230,232,234,146,147,25,24,6023,7313,116321,3238,503,1386,23,14073],"class_list":["post-625557","post","type-post","status-publish","format-standard","has-post-thumbnail","category-arte-y-diseno","tag-arte","tag-arte-y-diseno","tag-arts","tag-arts-and-design","tag-design","tag-diseno","tag-entertainment","tag-entretenimiento","tag-es","tag-espana","tag-gijon","tag-la-reina","tag-letronas","tag-mano","tag-pintura","tag-plaza","tag-spain","tag-ubicacion"],"share_on_mastodon":{"url":"","error":""},"_links":{"self":[{"href":"https:\/\/www.europesays.com\/es\/wp-json\/wp\/v2\/posts\/625557","targetHints":{"allow":["GET"]}}],"collection":[{"href":"https:\/\/www.europesays.com\/es\/wp-json\/wp\/v2\/posts"}],"about":[{"href":"https:\/\/www.europesays.com\/es\/wp-json\/wp\/v2\/types\/post"}],"author":[{"embeddable":true,"href":"https:\/\/www.europesays.com\/es\/wp-json\/wp\/v2\/users\/2"}],"replies":[{"embeddable":true,"href":"https:\/\/www.europesays.com\/es\/wp-json\/wp\/v2\/comments?post=625557"}],"version-history":[{"count":0,"href":"https:\/\/www.europesays.com\/es\/wp-json\/wp\/v2\/posts\/625557\/revisions"}],"wp:featuredmedia":[{"embeddable":true,"href":"https:\/\/www.europesays.com\/es\/wp-json\/wp\/v2\/media\/625558"}],"wp:attachment":[{"href":"https:\/\/www.europesays.com\/es\/wp-json\/wp\/v2\/media?parent=625557"}],"wp:term":[{"taxonomy":"category","embeddable":true,"href":"https:\/\/www.europesays.com\/es\/wp-json\/wp\/v2\/categories?post=625557"},{"taxonomy":"post_tag","embeddable":true,"href":"https:\/\/www.europesays.com\/es\/wp-json\/wp\/v2\/tags?post=625557"}],"curies":[{"name":"wp","href":"https:\/\/api.w.org\/{rel}","templated":true}]}}