{"id":62557,"date":"2025-08-21T13:44:08","date_gmt":"2025-08-21T13:44:08","guid":{"rendered":"https:\/\/www.europesays.com\/es\/62557\/"},"modified":"2025-08-21T13:44:08","modified_gmt":"2025-08-21T13:44:08","slug":"luka-doncic-inspira-un-libro-de-filosofia-como-simbolo-de-fuerza-interior","status":"publish","type":"post","link":"https:\/\/www.europesays.com\/es\/62557\/","title":{"rendered":"Luka Doncic inspira un libro de filosof\u00eda como s\u00edmbolo de \u201cfuerza interior\u00bb"},"content":{"rendered":"<p> Zagreb, 21 de Agosto (EFE).- La <strong>estrella<\/strong> eslovena <strong>Luka Doncic<\/strong>, base de Los Angeles Lakers, ha inspirado un libro de corte<strong> filos\u00f3fico<\/strong> que lo retrata como \u201cs\u00edmbolo de la fuerza interior\u201d del ser humano por su forma l\u00fadica de afrontar el <strong>juego<\/strong>. <strong>El libro<\/strong>, publicado en <strong>ingl\u00e9s<\/strong> y esloveno por el escritor y fil\u00f3sofo esloveno Primoz Repar, lo presenta \u201cno solo como un gran deportista sino tambi\u00e9n como el s\u00edmbolo del camino interior del ser humano\u201d, informan este jueves los medios eslovenos. <\/p>\n<p>El volumen, titulado- \u201977- <strong>Felicidad <\/strong>eterna en tiempos de Luka Doncic\u2019, no es, seg\u00fan su autor, una biograf\u00eda o un libro deportivo t\u00edpico, dedicado solo a aficionados del baloncesto, sino una obra para todos los interesados ??en c\u00f3mo el deporte transforma a la<strong> sociedad<\/strong> y a nosotros mismos. <\/p>\n<p><strong>Puedes leer: <\/strong><a href=\"https:\/\/elnacional.com.do\/luka-doncic-volvera-a-entrenamientos-tras-pasar-susto\/\" rel=\"nofollow noopener\" target=\"_blank\">Luka Doncic volver\u00e1 a entrenamientos tras pasar susto<\/a><\/p>\n<p>Repar subray\u00f3 que su <strong>trabajo<\/strong> abarca \u201cdimensiones <strong>filos\u00f3ficas<\/strong>, <strong>\u00e9ticas,<\/strong> <strong>psicol\u00f3gica<\/strong>s, <strong>po\u00e9ticas<\/strong>, <strong>meditativas<\/strong>, literarias, espirituales y pol\u00edticas\u00bb. \u201cLo veo como un ni\u00f1o interior, que siempre da sin querer nada a cambio, sin pensar en las consecuencias de su <strong>apertura <\/strong>absoluta, de su <strong>esperanza<\/strong>, que el <strong>mundo<\/strong> tanto necesita. En este sentido es m\u00e1s que un deportista, es un s\u00edmbolo de fuerza interior\u201d, dijo el autor.<\/p>\n<p>Repar, autor de una treintena de<strong> libros<\/strong> filos\u00f3ficos, dijo que lleva ocho a\u00f1os pensando en Luka Doncic y estudiando sus pasos, descubriendo en \u00e9l una <strong>filosof\u00eda<\/strong> peculiar \u201cque nos<strong> transmite<\/strong> con su car\u00e1cter l\u00fadico\u00bb. El <strong>libro<\/strong> contiene tambi\u00e9n <strong>fotograf\u00edas <\/strong>que documentan la trayectoria de Doncic.<\/p>\n<p><img fetchpriority=\"high\" decoding=\"async\" width=\"567\" height=\"850\" src=\"https:\/\/www.europesays.com\/es\/wp-content\/uploads\/2025\/08\/6198x8undjL._SL1500_.jpg\" alt=\"\" class=\"wp-image-1843765\" style=\"width:188px;height:auto\"  \/><\/p>\n<p> El <strong>pr\u00f3logo <\/strong>cuenta con aportaciones del <strong>exjugador Ivo Daneu<\/strong>, leyenda del <strong>baloncesto<\/strong> <strong>yugoslavo<\/strong> de los a\u00f1os 60 y 70, y de los periodistas deportivos Igor Durovic y Sergio Tavcar. Daneu, ex capit\u00e1n de Yugoslavia y campe\u00f3n del mundo con esa <strong>selecci\u00f3n<\/strong> en 1970, lo considera un jugador irrepetible por su talento y por c\u00f3mo se toma el juego- \u201cSiempre sonr\u00ede, aunque le est\u00e9n <strong>golpeando<\/strong>\u00ab. <\/p>\n<p>En esa l\u00ednea critic\u00f3 la permisividad actual de los \u00e1rbitros con el juego duro para frenar a los jugadores m\u00e1s talentosos. \u201cMe duele ver que permitan tanta dureza sin sancionarla\u201d, afirm\u00f3. <\/p>\n<p>Tavcar, por su parte, sostiene que la mente de Doncic \u201cfunciona en varias dimensiones\u201d, lo que explica su capacidad \u00fanica para leer el <strong>juego<\/strong>, y<strong> lamenta<\/strong> que \u201chaya nacido 30 a\u00f1os tarde, en una \u00e9poca en la que el baloncesto ha dejado de considerarse el <strong>deporte <\/strong>de la gente<strong> inteligente<\/strong>\u00ab.EFE<\/p>\n","protected":false},"excerpt":{"rendered":"Zagreb, 21 de Agosto (EFE).- La estrella eslovena Luka Doncic, base de Los Angeles Lakers, ha inspirado un&hellip;\n","protected":false},"author":2,"featured_media":62558,"comment_status":"","ping_status":"","sticky":false,"template":"","format":"standard","meta":{"footnotes":""},"categories":[172],"tags":[224,1819,25904,146,147,25,24,1667,225,813,25905,9,2743,10,524,5155,2330,8457,19665,25903,23,21],"class_list":{"0":"post-62557","1":"post","2":"type-post","3":"status-publish","4":"format-standard","5":"has-post-thumbnail","7":"category-libros","8":"tag-books","9":"tag-diario","10":"tag-el-nacional","11":"tag-entertainment","12":"tag-entretenimiento","13":"tag-es","14":"tag-espana","15":"tag-informacion","16":"tag-libros","17":"tag-nacional","18":"tag-nacional-digital","19":"tag-news","20":"tag-newspaper","21":"tag-noticias","22":"tag-nuevo","23":"tag-periodicos","24":"tag-prensa","25":"tag-reciente","26":"tag-republica-dominicana","27":"tag-santo-domingo","28":"tag-spain","29":"tag-ultimas-noticias"},"share_on_mastodon":{"url":"","error":""},"_links":{"self":[{"href":"https:\/\/www.europesays.com\/es\/wp-json\/wp\/v2\/posts\/62557","targetHints":{"allow":["GET"]}}],"collection":[{"href":"https:\/\/www.europesays.com\/es\/wp-json\/wp\/v2\/posts"}],"about":[{"href":"https:\/\/www.europesays.com\/es\/wp-json\/wp\/v2\/types\/post"}],"author":[{"embeddable":true,"href":"https:\/\/www.europesays.com\/es\/wp-json\/wp\/v2\/users\/2"}],"replies":[{"embeddable":true,"href":"https:\/\/www.europesays.com\/es\/wp-json\/wp\/v2\/comments?post=62557"}],"version-history":[{"count":0,"href":"https:\/\/www.europesays.com\/es\/wp-json\/wp\/v2\/posts\/62557\/revisions"}],"wp:featuredmedia":[{"embeddable":true,"href":"https:\/\/www.europesays.com\/es\/wp-json\/wp\/v2\/media\/62558"}],"wp:attachment":[{"href":"https:\/\/www.europesays.com\/es\/wp-json\/wp\/v2\/media?parent=62557"}],"wp:term":[{"taxonomy":"category","embeddable":true,"href":"https:\/\/www.europesays.com\/es\/wp-json\/wp\/v2\/categories?post=62557"},{"taxonomy":"post_tag","embeddable":true,"href":"https:\/\/www.europesays.com\/es\/wp-json\/wp\/v2\/tags?post=62557"}],"curies":[{"name":"wp","href":"https:\/\/api.w.org\/{rel}","templated":true}]}}