{"id":625604,"date":"2026-06-25T14:30:16","date_gmt":"2026-06-25T14:30:16","guid":{"rendered":"https:\/\/www.europesays.com\/es\/625604\/"},"modified":"2026-06-25T14:30:16","modified_gmt":"2026-06-25T14:30:16","slug":"venus-williams-descarta-el-retiro-tengo-exactamente-la-misma-potencia-que-antes-los-limites-estan-en-la-mente","status":"publish","type":"post","link":"https:\/\/www.europesays.com\/es\/625604\/","title":{"rendered":"Venus Williams descarta el retiro: \u201cTengo exactamente la misma potencia que antes, los l\u00edmites est\u00e1n en la mente\u201d"},"content":{"rendered":"<p><img alt=\"Venus Williams volver\u00e1 a Wimbledon para disputar su 25\u00ba torneo en el All England Club y afirm\u00f3 que no piensa en el retiro (Jayne Kamin-Oncea-IMAGN IMAGES via Reuters Connect)\" class=\"global-image\" decoding=\"async\" fetchpriority=\"high\" height=\"3269\" loading=\"eager\" src=\"https:\/\/www.europesays.com\/es\/wp-content\/uploads\/2026\/06\/ZDKE55ASAVE4ZHUIOCI27RL4JE.JPG\" width=\"5812\"\/>Venus Williams volver\u00e1 a Wimbledon para disputar su 25\u00ba torneo en el All England Club y afirm\u00f3 que no piensa en el retiro (Jayne Kamin-Oncea-IMAGN IMAGES via Reuters Connect)<\/p>\n<p class=\"paragraph\">El regreso de <a href=\"https:\/\/www.infobae.com\/tag\/venus-williams\/\" target=\"_blank\" rel=\"noreferrer nofollow noopener\" title=\"https:\/\/www.infobae.com\/tag\/venus-williams\/\"><b>Venus Williams<\/b><\/a> a Wimbledon llegar\u00e1: disputar\u00e1 su <b>25\u00ba torneo en <\/b><a href=\"https:\/\/www.infobae.com\/tag\/wimbledon\/\" target=\"_blank\" rel=\"noreferrer nofollow noopener\" title=\"https:\/\/www.infobae.com\/tag\/wimbledon\/\"><b>Wimbledon<\/b><\/a> en el All England Club y, en una entrevista con Grazia, dej\u00f3 claro que <b>no piensa en el retiro<\/b> y que a\u00fan se siente tan poderosa como antes.<\/p>\n<p class=\"paragraph\">En esa conversaci\u00f3n con Grazia, Venus Williams dijo que afronta Wimbledon con la misma fuerza que en otras etapas, que jugar\u00e1 dobles con Serena Williams, que la moda ocupa un lugar central en su forma de expresarse y que vive sus 46 a\u00f1os sin temor, siempre que conserve la salud y la fortaleza.<\/p>\n<p class=\"paragraph\">La ex n\u00famero uno del mundo, que cumpli\u00f3 46 a\u00f1os la semana pasada, habl\u00f3 del asombro que todav\u00eda le produce seguir compitiendo: \u201cCreo que ayer me di cuenta: diablos, tengo 46. \u00bfC\u00f3mo sigo jugando al tenis?\u201d<\/p>\n<p class=\"paragraph\">Lejos de plantear un cierre, sostuvo que su nivel f\u00edsico sigue intacto: \u201cPero lo incre\u00edble es que tengo exactamente <b>la misma potencia<\/b> que antes. Los l\u00edmites est\u00e1n solo en nuestra mente\u201d.<\/p>\n<p><img alt=\"Venus Williams dijo a Grazia que mantiene la misma potencia f\u00edsica y que afronta Wimbledon con la misma fuerza que en otras etapas (AP\/Aaron Favila)\" class=\"global-image\" decoding=\"async\" fetchpriority=\"low\" height=\"2687\" loading=\"lazy\" src=\"https:\/\/www.europesays.com\/es\/wp-content\/uploads\/2026\/06\/XEECP7ZCUNGIBF3Y35S6DZIL54.jpg\" width=\"4030\"\/>Venus Williams dijo a Grazia que mantiene la misma potencia f\u00edsica y que afronta Wimbledon con la misma fuerza que en otras etapas (AP\/Aaron Favila)<\/p>\n<p class=\"paragraph\">Williams tambi\u00e9n describi\u00f3 su preparaci\u00f3n diaria para volver a competir al m\u00e1ximo nivel: \u201cAhora mismo mi camino se ve as\u00ed: <b>de dos a tres horas<\/b> en pista cada d\u00eda, una hora en el gimnasio, fisioterapia, estiramientos, calentamiento y vuelta a la calma. Cuando haces todo eso, b\u00e1sicamente te ocupa el d\u00eda entero\u201d. Cuando Grazia le pregunt\u00f3 si alguna vez pens\u00f3 en el retiro, respondi\u00f3: \u201cNo.\u201d<\/p>\n<p class=\"paragraph\">Para Williams, el recorrido no se entiende sin tropiezos. \u201cEl fracaso es una parte enorme del \u00e9xito\u201d, dijo, y a\u00f1adi\u00f3: \u201cTodo el mundo ve la victoria, pero solo t\u00fa conoces la batalla, el camino que ocurri\u00f3 entre bambalinas\u201d.<\/p>\n<p class=\"paragraph\">Fuera de la cancha, la estadounidense situ\u00f3 la moda en el centro de su identidad p\u00fablica. \u201cLa moda es la manera perfecta de expresarte. No hay mejor forma de decir qui\u00e9n eres que lo que llevas puesto\u201d.<\/p>\n<p><img alt=\"La moda ocupa un lugar central en la identidad p\u00fablica de Venus Williams, que la defini\u00f3 como una forma de expresi\u00f3n personal (REUTERS\/Daniel Cole)\" class=\"global-image\" decoding=\"async\" fetchpriority=\"low\" height=\"3780\" loading=\"lazy\" src=\"https:\/\/www.europesays.com\/es\/wp-content\/uploads\/2026\/06\/RN4SSIN7VBF5JOLG46JWKP2HOU.JPG\" width=\"3066\"\/>La moda ocupa un lugar central en la identidad p\u00fablica de Venus Williams, que la defini\u00f3 como una forma de expresi\u00f3n personal (REUTERS\/Daniel Cole)<\/p>\n<p class=\"paragraph\">Ese v\u00ednculo se reforz\u00f3 el mes pasado, cuando fue <b>copresidenta de la Met Gala<\/b> junto a Anna Wintour, seg\u00fan cont\u00f3 a Grazia. \u201cFue m\u00e1s de lo que so\u00f1\u00e9. Nunca imagin\u00e9 que har\u00eda eso o siquiera que me lo pedir\u00edan. Me sent\u00ed afortunada solo por estar all\u00ed\u201d.<\/p>\n<p class=\"paragraph\">Sobre Wintour, su tono mezcl\u00f3 admiraci\u00f3n y distancia. \u201cAnna es incre\u00edble, pero es como una diosa, una reina. En todo momento sientes algo as\u00ed como: \u2018Bueno, probablemente no estoy a la altura de esta conversaci\u00f3n\u2019\u201d.<\/p>\n<p class=\"paragraph\">Tambi\u00e9n habl\u00f3 de sus compa\u00f1eros de presidencia en la gala, entre ellos Beyonc\u00e9, Zo\u00eb Kravitz y Nicole Kidman. \u201cVuelves a sentirte admiradora y ni\u00f1a otra vez\u201d, dijo. Sobre Kidman, a\u00f1adi\u00f3: \u201cEn privado es extraordinaria: dulce, inteligente, aguda y muy tranquila\u201d.<\/p>\n<p><img alt=\"Venus Williams sostuvo que el fracaso forma parte del \u00e9xito y que solo quien compite conoce la batalla detr\u00e1s de cada victoria (EFE\/GERRY PENNY)\" class=\"global-image\" decoding=\"async\" fetchpriority=\"low\" height=\"1316\" loading=\"lazy\" src=\"https:\/\/www.europesays.com\/es\/wp-content\/uploads\/2026\/06\/7GBU2LPRANFEXPPG2MDGTHQZFI.jpg\" width=\"2048\"\/>Venus Williams sostuvo que el fracaso forma parte del \u00e9xito y que solo quien compite conoce la batalla detr\u00e1s de cada victoria (EFE\/GERRY PENNY)<\/p>\n<p class=\"paragraph\">Williams cambi\u00f3 la forma en que mira su disciplina. Casada desde diciembre con Andrea Preti, a quien conoci\u00f3 en un desfile de Gucci en 2024, cont\u00f3 que est\u00e1 dispuesta a relajar una dieta muy estricta.<\/p>\n<p class=\"paragraph\">\u201cNunca he querido permitirme comer pasta\u201d, dijo y agreg\u00f3: \u201cPero este a\u00f1o tendr\u00e9 la oportunidad de ir m\u00e1s a Italia y simplemente comer la pasta\u201d.<\/p>\n<p class=\"paragraph\">La tenista, que ha convivido con un diagn\u00f3stico autoinmune y pas\u00f3 por una cirug\u00eda por fibromas antes de regresar al circuito tras 16 meses fuera, habl\u00f3 de la edad sin dramatismo. En lugar de resistirse al cambio, vincul\u00f3 su bienestar con mantenerse fuerte, cuidarse y no perder de vista su propia responsabilidad ante el paso del tiempo.<\/p>\n<p><img alt=\"Venus Williams dijo que jugar\u00e1 dobles con Serena Williams y explic\u00f3 que ambas protegen el v\u00ednculo familiar frente a la presi\u00f3n del circuito (Europa Press)\" class=\"global-image\" decoding=\"async\" fetchpriority=\"low\" height=\"1317\" loading=\"lazy\" src=\"https:\/\/www.europesays.com\/es\/wp-content\/uploads\/2026\/06\/O7CVJWJWOZHYXC6MCOPUSVV2B4.jpg\" width=\"1920\"\/>Venus Williams dijo que jugar\u00e1 dobles con Serena Williams y explic\u00f3 que ambas protegen el v\u00ednculo familiar frente a la presi\u00f3n del circuito (Europa Press)<\/p>\n<p class=\"paragraph\">La presencia de Serena atraviesa esta etapa deportiva, pero Venus dej\u00f3 claro el lugar que ocupa en esa relaci\u00f3n. Al recordar el anuncio del regreso de su hermana al tenis profesional, dijo: \u201cNada. Siempre dejo que tome sus propias decisiones\u201d.<\/p>\n<p class=\"paragraph\">Despu\u00e9s reforz\u00f3 ese apoyo sin invadir su terreno. \u201cIncluso cuando dej\u00f3 de jugar la primera vez, era la mejor del mundo. No hay ninguna duda. Y aun ahora, tiene el potencial; y lo tiene, si quisiera. Se trata de apoyarla, mirar, esperar, ver qu\u00e9 pasa y ser <b>su mayor animadora<\/b>\u201d.<\/p>\n<p class=\"paragraph\">Sobre la presi\u00f3n que acompa\u00f1a a dos hermanas observadas por todo el mundo, Williams explic\u00f3 c\u00f3mo protegen el v\u00ednculo familiar. \u201cPase lo que pase, en alg\u00fan momento tienes que dejar el trabajo atr\u00e1s y ser humano\u201d, dijo, y agreg\u00f3 que \u201csiempre somos muy cuidadosas con eso, para asegurarnos de que el hogar sea un lugar al que podamos ir\u201d.<\/p>\n<p><img alt=\"La familia Williams busca dejar el trabajo atr\u00e1s para proteger el hogar como un espacio separado del tenis profesional (AP\/Tim Ireland)\" class=\"global-image\" decoding=\"async\" fetchpriority=\"low\" height=\"1500\" loading=\"lazy\" src=\"https:\/\/www.europesays.com\/es\/wp-content\/uploads\/2026\/06\/7ZI4XCWKEFG7JAIH4RQC3VOPKY.jpg\" width=\"2125\"\/>La familia Williams busca dejar el trabajo atr\u00e1s para proteger el hogar como un espacio separado del tenis profesional (AP\/Tim Ireland)<\/p>\n<p class=\"paragraph\">Tambi\u00e9n se refiri\u00f3 ante Grazia al episodio en Roland Garros en el que Adolfo Daniel Vallejo recibi\u00f3 una <b>multa de USD 65.000<\/b> tras decir que su partido debi\u00f3 tener a un juez de silla hombre. <\/p>\n<p class=\"paragraph\">\u201cProbablemente no debi\u00f3 hablar despu\u00e9s de un partido tan emocional. Quiz\u00e1 haya ah\u00ed un momento para aprender\u201d, afirm\u00f3. Luego matiz\u00f3: \u201cNo soy fan de ning\u00fan \u00e1rbitro. No creo que a ning\u00fan jugador le encanten los \u00e1rbitros, sean hombres o mujeres\u201d.<\/p>\n","protected":false},"excerpt":{"rendered":"Venus Williams volver\u00e1 a Wimbledon para disputar su 25\u00ba torneo en el All England Club y afirm\u00f3 que&hellip;\n","protected":false},"author":2,"featured_media":625605,"comment_status":"","ping_status":"","sticky":false,"template":"","format":"standard","meta":{"footnotes":""},"categories":[274],"tags":[168,25,24,3119,23,3020,167,327,326,5512],"class_list":["post-625604","post","type-post","status-publish","format-standard","has-post-thumbnail","category-tenis","tag-deportes","tag-es","tag-espana","tag-north-america","tag-spain","tag-sport","tag-sports","tag-tenis","tag-tennis","tag-tensid"],"share_on_mastodon":{"url":"https:\/\/pubeurope.com\/@es\/116811231898375826","error":""},"_links":{"self":[{"href":"https:\/\/www.europesays.com\/es\/wp-json\/wp\/v2\/posts\/625604","targetHints":{"allow":["GET"]}}],"collection":[{"href":"https:\/\/www.europesays.com\/es\/wp-json\/wp\/v2\/posts"}],"about":[{"href":"https:\/\/www.europesays.com\/es\/wp-json\/wp\/v2\/types\/post"}],"author":[{"embeddable":true,"href":"https:\/\/www.europesays.com\/es\/wp-json\/wp\/v2\/users\/2"}],"replies":[{"embeddable":true,"href":"https:\/\/www.europesays.com\/es\/wp-json\/wp\/v2\/comments?post=625604"}],"version-history":[{"count":0,"href":"https:\/\/www.europesays.com\/es\/wp-json\/wp\/v2\/posts\/625604\/revisions"}],"wp:featuredmedia":[{"embeddable":true,"href":"https:\/\/www.europesays.com\/es\/wp-json\/wp\/v2\/media\/625605"}],"wp:attachment":[{"href":"https:\/\/www.europesays.com\/es\/wp-json\/wp\/v2\/media?parent=625604"}],"wp:term":[{"taxonomy":"category","embeddable":true,"href":"https:\/\/www.europesays.com\/es\/wp-json\/wp\/v2\/categories?post=625604"},{"taxonomy":"post_tag","embeddable":true,"href":"https:\/\/www.europesays.com\/es\/wp-json\/wp\/v2\/tags?post=625604"}],"curies":[{"name":"wp","href":"https:\/\/api.w.org\/{rel}","templated":true}]}}