{"id":625648,"date":"2026-06-25T15:03:53","date_gmt":"2026-06-25T15:03:53","guid":{"rendered":"https:\/\/www.europesays.com\/es\/625648\/"},"modified":"2026-06-25T15:03:53","modified_gmt":"2026-06-25T15:03:53","slug":"tinez-rapero-donostiarra-me-miraban-en-el-bus-me-pedian-fotos-entraba-en-un-bar-y-ponian-mi-tema","status":"publish","type":"post","link":"https:\/\/www.europesays.com\/es\/625648\/","title":{"rendered":"Tinez, rapero donostiarra: \u00abMe miraban en el bus, me ped\u00edan fotos, entraba en un bar y pon\u00edan mi tema&#8230;\u00bb"},"content":{"rendered":"<p><img decoding=\"async\" class=\"v-ath__i\" loading=\"lazy\" src=\"https:\/\/www.europesays.com\/es\/wp-content\/uploads\/2026\/06\/firmas-569649e8d9ad5-foto.jpg\" alt=\"Bego\u00f1a del Teso\"\/><\/p>\n<p>25\/06\/2026<\/p>\n<p>Actualizado a las 11:33h.<\/p>\n<p class=\"v-d-p\" style=\"\">Amaratarra. De la confluencia entre Isabell II, la Torre que mira al estadio y Balleneros. Media punta en el Amara Berri. Estudi\u00f3 dise\u00f1o gr\u00e1fico en Valladolid. All\u00ed empez\u00f3 su inmersi\u00f3n en el rap. El domingo estuvo en Bilbao. \u00bfEn una batalla de gallos? No, de ex\u00e1menes. No sac\u00f3 mala nota. La suficiente, tal vez, para entrar en alguna bolsa de trabajo. Ese ser\u00eda <a href=\"https:\/\/www.diariovasco.com\/culturas\/musica\/inigo-martinez-nanclares-tinez-musica-all-in-album-gira-daba-daba-san-sebastian-amara-reale-arena-20250603175500-nt.html\" title=\"www.diariovasco.com\" data-voc-vtm-id=\"in-text-traffic\" data-mrf-link=\"www.diariovasco.com\" rel=\"nofollow noopener\" target=\"_blank\">I\u00f1igo Mart\u00ednez de Nanclares<\/a>, que trabaja en una pizzer\u00eda de Andoain. Como el <strong>triunfante rapero, cantante y compositor llamado Tinez<\/strong> acaba de lanzar un EP tremendo que bajo el t\u00edtulo &#8216;Costa Fr\u00eda&#8217; presenta cuatro temazos: &#8216;Primera&#8217;, &#8216;No quiero n\u00e1&#8217;, &#8216;Solos&#8217; y &#8216;Mak\u00e9l\u00e9le&#8217;. Hablamos a la fresca, bajo los \u00e1rboles de la plaza Zuloaga. <\/p>\n<p class=\"v-d-p\" style=\"\"><strong>\u2013 Los amigos, primero. Porque t\u00fa eres mucho de tu gente. De tu gente de Amara, tu gente de Anoeta, tu gente de Valladolid; de tu gente de la m\u00fasica. Demos nombres&#8230;<\/strong><\/p>\n<p class=\"v-d-p\" style=\"\">\u2013 Podr\u00edamos empezar con Iv\u00e1n, Iv\u00e1n &#8216;Doblecero&#8217;. Ha dirigido unos cuantos de mis v\u00eddeos y fue quien en Valladolid (donde por cierto hab\u00eda m\u00e1s cultura del rap que aqu\u00ed) me empuj\u00f3 a sacar adelante el tema &#8216;Qu\u00e9 tal?&#8217;. A componerlo, cantarlo, filmarlo. Me daba corte pero fui ense\u00f1\u00e1ndoselo a mi pe\u00f1a y al tiempo, yo, que no era de redes y ten\u00eda un insta privado, con unos 500 seguidores, lo abr\u00ed(mos) y fue incre\u00edble. Me fui a la cama una noche con esos 500 seguidores y cuando me despert\u00e9 de madrugada ya ten\u00eda mil. Y subiendo&#8230;<\/p>\n<p class=\"v-d-p\" style=\"\"><strong>\u2013 En alg\u00fan momento aparece Hazas, otro grande. Pero no de Cu\u00e9llar como Iv\u00e1n sino de Lasarte. Y con un \u00e9xito brutal, su &#8216;Zenbat gau&#8217; tiene mill\u00f3n doscientas mil reproducciones en las plataformas digitales.<\/strong><\/p>\n<p class=\"v-d-p\" style=\"\">\u2013 Hazas, s\u00ed. Con \u00e9l tengo el tema &#8216;Toda la noche&#8217;. Alguien coment\u00f3 en YouTube que sonaba a cumbia euskalduna y desde Brasil alguien m\u00e1s lo defini\u00f3 hace nueve meses de bombazo. La autor\u00eda es compartida por m\u00ed, Hazas, Doblecero y Dgabanna.<\/p>\n<p class=\"v-d-p\" style=\"\"><strong>\u2013 \u00bfQui\u00e9n es Dgabanna? Creo que un fuera de serie muy urbano pero tambi\u00e9n influenciado por lo latino.<\/strong><\/p>\n<p class=\"v-d-p\" style=\"\">\u2013 Es mi productor. Mi productor musical. Fundamental. Con \u00e9l he crecido como artista. Hoy es el d\u00eda en que entre Dgabanna y yo hacemos toda la canci\u00f3n, la creamos de cero, logrando temas muy completos como puede ser &#8216;Sola solita&#8217; o &#8216;Primera&#8217;.<\/p>\n<p class=\"v-d-p\" style=\"\"><strong>\u2013 Otro nombre, el de Ginia. Colabora en &#8216;Solos&#8217;, otro de los temas de vuestro EP. Me gusta eso que dice la letra , &#8216;Cae el sol y nieva ceniza&#8217;&#8230;<\/strong><\/p>\n<p class=\"v-d-p\" style=\"\">\u2013 Creo que es la propuesta m\u00e1s art\u00edstica de nuestro &#8216;Costa fr\u00eda&#8217;. Ginia tiene una gran voz y por eso su acompa\u00f1amiento transforma el tema en otra cosa. Le insufla un aire muy natural que contrasta con mi voz m\u00e1s&#8230; \u00bfartificial? \u00bftecnol\u00f3gica?<\/p>\n<p class=\"v-d-p\" style=\"\"><strong>\u2013 \u00bfPor qu\u00e9 defines as\u00ed tu voz?<\/strong><\/p>\n<p class=\"v-d-p\" style=\"\">\u2013 Yo uso autotune, el software que mide y corrige la afinaci\u00f3n. Juego con el rango, el registro y las escalas. Entre 0 y 100. Ella no necesita autotune. Es, ante todo, cantante.<\/p>\n<p class=\"v-d-p\" style=\"\"><strong>\u2013 \u00bfC\u00f3mo conociste a Danel Argomaniz y entraste a formar parte de la cartera de estrellas de Get In, m\u00edtica promotora musical donostiarra?<\/strong><\/p>\n<p class=\"v-d-p\" style=\"\">\u2013 Cuando Iv\u00e1n y yo colgamos &#8216;Qu\u00e9 tal?&#8217; en plataformas, cuando hicimos &#8216;reels&#8217; de promoci\u00f3n en insta, cuando subimos el v\u00eddeo (grabado durante la fiesta del ascenso del Amara Berri a regional) la reacci\u00f3n de la pe\u00f1a fue brutal. Te juro que notaba que la gente me miraba en el bus, que mis compa\u00f1eros del almac\u00e9n de Massimo Dutti hab\u00edan visto el v\u00eddeo y me ped\u00edan fotos. Entraba a los bares y pon\u00edan mi tema. Se me acercaban muchos ofreci\u00e9ndomelo todo. Danel Argomaniz solo me dio su tel\u00e9fono y me dijo que si ten\u00eda dudas sobre por d\u00f3nde tirar, le llamase. As\u00ed hasta hoy. Es mi manager. Grande.<\/p>\n<p class=\"v-d-p\" style=\"\"><strong>\u2013 Estar en Get In te abri\u00f3 las puertas de Anoeta para filmar el soberbio &#8216;Golden Boy&#8217;. Luces ah\u00ed camiseta blanquiazul con el nombre de Barrene.<\/strong><\/p>\n<p class=\"v-d-p\" style=\"\">\u2013 La cuadrilla siempre hemos jugado en las puertas del campo de f\u00fatbol. Una vez, de un balonazo mal controlado tiramos una de la &#8216;A&#8217; del r\u00f3tulo &#8216;Anoeta&#8217;. Me cae bien Barrene. Es donostiarra, extremo y le gusta regatear, como a m\u00ed. \u00bfQui\u00e9n no sue\u00f1a con que te abran las puertas del estadio y pisar el c\u00e9sped? Yo lo logr\u00e9.<\/p>\n<p class=\"v-d-p\" style=\"\"><strong>\u2013 Sigamos futboleando. Le tienes bastante ley al tema &#8216;Mak\u00e9l\u00e9l\u00e9&#8217;, otro de los cuatro de tu nuevo EP.<\/strong><\/p>\n<p class=\"v-d-p\" style=\"\">\u2013 &#8216;Bara bara bara, bere, bere, bere, entre t\u00fa y yo no hay nada porque yo soy malo tambi\u00e9n&#8217;. Pusimos ese t\u00edtulo porque hay una frase que hace referencia a la leyenda de cu\u00e1n larga la ten\u00eda el volante central del Real Madrid. Bromas aparte, estoy muy orgulloso de este tema porque me recuerda cuando yo empezaba con todo esto. Los otros son quiz\u00e1s m\u00e1s&#8230; \u00bfexperimentales? Hemos convertido Mak\u00e9l\u00e9l\u00e9 en el &#8216;focus track&#8217;. Queremos darle ca\u00f1a y prioridad.<\/p>\n<p class=\"v-d-p\" style=\"\"><strong>\u2013 \u00a1Se nos olvidaba citar a Aiman 42!<\/strong><\/p>\n<p class=\"v-d-p\" style=\"\">\u2013 No podemos no hacerlo. Es que mi m\u00fasica se basa mucho en las vibras que me transmite la gente. Por eso Aiman 42, de Vitoria, bastante urbano, algo &#8216;drill&#8217;, colabora en &#8216;No quiero n\u00e1&#8217;. Mi m\u00fasica, mi gente, mi barrio.<\/p>\n","protected":false},"excerpt":{"rendered":"25\/06\/2026 Actualizado a las 11:33h. Amaratarra. De la confluencia entre Isabell II, la Torre que mira al estadio&hellip;\n","protected":false},"author":2,"featured_media":625649,"comment_status":"","ping_status":"","sticky":false,"template":"","format":"standard","meta":{"footnotes":""},"categories":[170],"tags":[146,147,25,24,184,185,213,675,6086,23,116332],"class_list":["post-625648","post","type-post","status-publish","format-standard","has-post-thumbnail","category-musica","tag-entertainment","tag-entretenimiento","tag-es","tag-espana","tag-music","tag-musica","tag-rap","tag-rapero","tag-san-sebastian","tag-spain","tag-tinez"],"share_on_mastodon":{"url":"https:\/\/pubeurope.com\/@es\/116811365003329777","error":""},"_links":{"self":[{"href":"https:\/\/www.europesays.com\/es\/wp-json\/wp\/v2\/posts\/625648","targetHints":{"allow":["GET"]}}],"collection":[{"href":"https:\/\/www.europesays.com\/es\/wp-json\/wp\/v2\/posts"}],"about":[{"href":"https:\/\/www.europesays.com\/es\/wp-json\/wp\/v2\/types\/post"}],"author":[{"embeddable":true,"href":"https:\/\/www.europesays.com\/es\/wp-json\/wp\/v2\/users\/2"}],"replies":[{"embeddable":true,"href":"https:\/\/www.europesays.com\/es\/wp-json\/wp\/v2\/comments?post=625648"}],"version-history":[{"count":0,"href":"https:\/\/www.europesays.com\/es\/wp-json\/wp\/v2\/posts\/625648\/revisions"}],"wp:featuredmedia":[{"embeddable":true,"href":"https:\/\/www.europesays.com\/es\/wp-json\/wp\/v2\/media\/625649"}],"wp:attachment":[{"href":"https:\/\/www.europesays.com\/es\/wp-json\/wp\/v2\/media?parent=625648"}],"wp:term":[{"taxonomy":"category","embeddable":true,"href":"https:\/\/www.europesays.com\/es\/wp-json\/wp\/v2\/categories?post=625648"},{"taxonomy":"post_tag","embeddable":true,"href":"https:\/\/www.europesays.com\/es\/wp-json\/wp\/v2\/tags?post=625648"}],"curies":[{"name":"wp","href":"https:\/\/api.w.org\/{rel}","templated":true}]}}