{"id":625697,"date":"2026-06-25T15:47:15","date_gmt":"2026-06-25T15:47:15","guid":{"rendered":"https:\/\/www.europesays.com\/es\/625697\/"},"modified":"2026-06-25T15:47:15","modified_gmt":"2026-06-25T15:47:15","slug":"begona-darceles-e-inigo-alzugaray-ganan-el-concurso-fotografico-popular-de-la-afi","status":"publish","type":"post","link":"https:\/\/www.europesays.com\/es\/625697\/","title":{"rendered":"Bego\u00f1a Darceles e I\u00f1igo Alzugaray, ganan el Concurso Fotogr\u00e1fico Popular de la AFI"},"content":{"rendered":"<p style=\"\">La entrega de premios de esta 39\u00aa Concurso Fotogr\u00e1fico Popular tuvo lugar este mi\u00e9rcoles en el local de la Asociaci\u00f3n Fotogr\u00e1fica Irunesa (AFI-IAE). Los  &#8230; ganadores de esta edici\u00f3n fueron Bego\u00f1a Darceles, en la categor\u00eda tem\u00e1tica de Irun, e I\u00f1igo Alzugaray, en el tema libre. El segundo y tercer premio en el tema Irun fueron para Jes\u00fas Hern\u00e1ndez y Yolanda Dom\u00ednguez, respectivamente, mientras que en la categor\u00eda de tema libre los galardonados fueron Eladio Aires y Ana Juarros.<\/p>\n<p class=\"v-d-p\" style=\"\">El acto de entrega de premios tuvo lugar bajo la presidencia de la concejala delegada de Cultura, Nuria Alzaga, en representaci\u00f3n del Ayuntamiento como patrocinador del evento. Aunque los 18 autores de las fotograf\u00edas presentaron sus obras en la exposici\u00f3n inaugurada el 15 de este mes en el local de la AFI, no fue hasta la entrega de premios que se hizo el reconocimiento oficial. En total, el certamen cont\u00f3 con la participaci\u00f3n de 54 fotograf\u00edas, de las cuales 25 se presentaron en la categor\u00eda tem\u00e1tica de Irun y 29 en la modalidad de tema libre.<\/p>\n<p class=\"v-d-p\" style=\"\">La selecci\u00f3n de los ganadores se realiz\u00f3 por un jurado mixto compuesto, por un lado, por los asistentes a la inauguraci\u00f3n de la exposici\u00f3n de esta edici\u00f3n; y por otro lado, por un grupo t\u00e9cnico formado por fot\u00f3grafos profesionales, entre los que se encontraban Estitxu Ortolaiz, Floren Portu y Fernando Vergara.<\/p>\n<p class=\"v-d-p\" style=\"\">Entre los responsables del evento se encontraba Gerardo Garc\u00eda, presidente de la AFI, entidad que a parte de organizar este concurso prepara otros dos m\u00e1s a lo largo del a\u00f1o.<\/p>\n<p class=\"v-d-p\" style=\"\">El primer evento que organizan, El Rally Fotogr\u00e1fico del Bidasoa, que cumpli\u00f3 su 11\u00aa edici\u00f3n este a\u00f1o, se realiza anualmente en el mes de abril junto a la Bidasoako Euskal Kultur Taldea. Adem\u00e1s, la asociaci\u00f3n cuenta con un evento principal, el Concurso Fotogr\u00e1fico Ciudad de Irun, que se realiza cada oto\u00f1o.<\/p>\n","protected":false},"excerpt":{"rendered":"La entrega de premios de esta 39\u00aa Concurso Fotogr\u00e1fico Popular tuvo lugar este mi\u00e9rcoles en el local de&hellip;\n","protected":false},"author":2,"featured_media":625698,"comment_status":"","ping_status":"","sticky":false,"template":"","format":"standard","meta":{"footnotes":""},"categories":[173],"tags":[116337,116336,229,233,231,230,7421,4023,116335,232,234,146,147,25,24,15663,8776,5178,7108,23],"class_list":["post-625697","post","type-post","status-publish","format-standard","has-post-thumbnail","category-arte-y-diseno","tag-afi","tag-alzugaray","tag-arte","tag-arte-y-diseno","tag-arts","tag-arts-and-design","tag-begona","tag-concurso","tag-darceles","tag-design","tag-diseno","tag-entertainment","tag-entretenimiento","tag-es","tag-espana","tag-fotografico","tag-ganan","tag-inigo","tag-popular","tag-spain"],"share_on_mastodon":{"url":"https:\/\/pubeurope.com\/@es\/116811533033093321","error":""},"_links":{"self":[{"href":"https:\/\/www.europesays.com\/es\/wp-json\/wp\/v2\/posts\/625697","targetHints":{"allow":["GET"]}}],"collection":[{"href":"https:\/\/www.europesays.com\/es\/wp-json\/wp\/v2\/posts"}],"about":[{"href":"https:\/\/www.europesays.com\/es\/wp-json\/wp\/v2\/types\/post"}],"author":[{"embeddable":true,"href":"https:\/\/www.europesays.com\/es\/wp-json\/wp\/v2\/users\/2"}],"replies":[{"embeddable":true,"href":"https:\/\/www.europesays.com\/es\/wp-json\/wp\/v2\/comments?post=625697"}],"version-history":[{"count":0,"href":"https:\/\/www.europesays.com\/es\/wp-json\/wp\/v2\/posts\/625697\/revisions"}],"wp:featuredmedia":[{"embeddable":true,"href":"https:\/\/www.europesays.com\/es\/wp-json\/wp\/v2\/media\/625698"}],"wp:attachment":[{"href":"https:\/\/www.europesays.com\/es\/wp-json\/wp\/v2\/media?parent=625697"}],"wp:term":[{"taxonomy":"category","embeddable":true,"href":"https:\/\/www.europesays.com\/es\/wp-json\/wp\/v2\/categories?post=625697"},{"taxonomy":"post_tag","embeddable":true,"href":"https:\/\/www.europesays.com\/es\/wp-json\/wp\/v2\/tags?post=625697"}],"curies":[{"name":"wp","href":"https:\/\/api.w.org\/{rel}","templated":true}]}}