{"id":625791,"date":"2026-06-25T17:05:17","date_gmt":"2026-06-25T17:05:17","guid":{"rendered":"https:\/\/www.europesays.com\/es\/625791\/"},"modified":"2026-06-25T17:05:17","modified_gmt":"2026-06-25T17:05:17","slug":"los-casos-de-viruela-del-mono-siguen-aumentando-en-zaragoza-el-brote-ya-afecta-a-13-personas","status":"publish","type":"post","link":"https:\/\/www.europesays.com\/es\/625791\/","title":{"rendered":"Los casos de viruela del mono siguen aumentando en Zaragoza: el brote ya afecta a 13 personas"},"content":{"rendered":"<p class=\"ft-text ft-helper-closenews\">El brote de<strong> viruela del mono<\/strong> detectado en la provincia de Zaragoza a principios de mayo sigue dejando contagios. En las dos \u00faltimas semanas se han notificado dos casos m\u00e1s en el bolet\u00edn epidemiol\u00f3gico de Salud P\u00fablica, por los que<strong> los afectados ascienden ya a 13 personas<\/strong>. En lo que va de 2026, los casos de monkeypox registrados en Arag\u00f3n son 15, de los que 13 se han concentrado en el \u00faltimo mes y medio. <\/p>\n<p class=\"ft-text\">La cifra ya supera con creces a los perjudicados por viruela del mono en Arag\u00f3n en los tres \u00faltimos a\u00f1os, cuando hubo siete (2025), ninguno (2024) y cinco (2023), respectivamente. Fue 2022 cuando m\u00e1s contagios se produjeron, con 74 en Arag\u00f3n, dentro de un contexto mundial de\u00a0transmisi\u00f3n.<\/p>\n<p class=\"ft-text\">Se trata de una enfermedad viral que se transmite por\u00a0<strong>contacto estrecho con personas infectadas<\/strong>. El mecanismo de transmisi\u00f3n m\u00e1s frecuente es el<strong>\u00a0contacto sexual,<\/strong>\u00a0si bien tambi\u00e9n se puede producir el contagio en contactos muy estrechos no sexuales. Para tratar la viruela del mono se siguen las indicaciones del protocolo nacional aprobado en 2024, que indica que se recomienda la\u00a0<strong>vacunaci\u00f3n a todos los contactos estrechos<\/strong>\u00a0que no hayan pasado la enfermedad.\u00a0<\/p>\n<p>Erupci\u00f3n en la piel<\/p>\n<p class=\"ft-text\">Los\u00a0<strong>s\u00edntomas de la viruela del mono<\/strong>\u00a0son parecidos a la gripe e incluyen los t\u00edpicos dolores musculares, fiebre, escalofr\u00edos, agotamiento, dolor de cabeza, dolor de espalda, ganglios linf\u00e1ticos inflamados. Y la t\u00edpica<strong>\u00a0erupci\u00f3n tan caracter\u00edstica de la viruela<\/strong>, que en este caso suele comenzar por la cara para extenderse a otras zonas del cuerpo, sobre todo las palmas de las manos y las plantas de los pies.<\/p>\n<p class=\"ft-text\">Lo m\u00e1s frecuente es que comience el\u00a0<strong>sarpullido\u00a0<\/strong>cuando empieza a subir la fiebre. La erupci\u00f3n de la viruela del mono comienza en forma de manchas planas y rojas, que luego se convierten en ampollas que se llenan de pus, formando p\u00fastulas.<\/p>\n<p data-close=\"closedContent\" class=\"subscribeHideForDisplay\">Suscr\u00edbete para seguir leyendo<\/p>\n","protected":false},"excerpt":{"rendered":"El brote de viruela del mono detectado en la provincia de Zaragoza a principios de mayo sigue dejando&hellip;\n","protected":false},"author":2,"featured_media":625792,"comment_status":"","ping_status":"","sticky":false,"template":"","format":"standard","meta":{"footnotes":""},"categories":[92],"tags":[12628,858,25,24,165,20905,166,7768,23,20904],"class_list":["post-625791","post","type-post","status-publish","format-standard","has-post-thumbnail","category-salud","tag-aumentando","tag-casos","tag-es","tag-espana","tag-health","tag-mono","tag-salud","tag-siguen","tag-spain","tag-viruela"],"share_on_mastodon":{"url":"https:\/\/pubeurope.com\/@es\/116811840151343843","error":""},"_links":{"self":[{"href":"https:\/\/www.europesays.com\/es\/wp-json\/wp\/v2\/posts\/625791","targetHints":{"allow":["GET"]}}],"collection":[{"href":"https:\/\/www.europesays.com\/es\/wp-json\/wp\/v2\/posts"}],"about":[{"href":"https:\/\/www.europesays.com\/es\/wp-json\/wp\/v2\/types\/post"}],"author":[{"embeddable":true,"href":"https:\/\/www.europesays.com\/es\/wp-json\/wp\/v2\/users\/2"}],"replies":[{"embeddable":true,"href":"https:\/\/www.europesays.com\/es\/wp-json\/wp\/v2\/comments?post=625791"}],"version-history":[{"count":0,"href":"https:\/\/www.europesays.com\/es\/wp-json\/wp\/v2\/posts\/625791\/revisions"}],"wp:featuredmedia":[{"embeddable":true,"href":"https:\/\/www.europesays.com\/es\/wp-json\/wp\/v2\/media\/625792"}],"wp:attachment":[{"href":"https:\/\/www.europesays.com\/es\/wp-json\/wp\/v2\/media?parent=625791"}],"wp:term":[{"taxonomy":"category","embeddable":true,"href":"https:\/\/www.europesays.com\/es\/wp-json\/wp\/v2\/categories?post=625791"},{"taxonomy":"post_tag","embeddable":true,"href":"https:\/\/www.europesays.com\/es\/wp-json\/wp\/v2\/tags?post=625791"}],"curies":[{"name":"wp","href":"https:\/\/api.w.org\/{rel}","templated":true}]}}