{"id":625840,"date":"2026-06-25T17:43:11","date_gmt":"2026-06-25T17:43:11","guid":{"rendered":"https:\/\/www.europesays.com\/es\/625840\/"},"modified":"2026-06-25T17:43:11","modified_gmt":"2026-06-25T17:43:11","slug":"luis-alcalde-nuevo-jugador-de-unionistas-de-salamanca","status":"publish","type":"post","link":"https:\/\/www.europesays.com\/es\/625840\/","title":{"rendered":"Luis Alcalde, nuevo jugador de Unionistas de Salamanca"},"content":{"rendered":"<p style=\"text-align: justify;\"><strong>Unionistas de Salamanca<\/strong> ha llegado a un <strong>acuerdo<\/strong> con <strong>Luis Alcalde<\/strong> para su incorporaci\u00f3n de cara a la <strong>temporada 2026\/27<\/strong>.<\/p>\n<p style=\"text-align: justify;\">A sus <strong>31 a\u00f1os<\/strong>, el futbolista almeriense cuenta con una <strong>amplia trayectoria<\/strong> en el f\u00fatbol nacional. Capaz de desenvolverse tanto en el <strong>centro del campo<\/strong> como en <strong>posiciones m\u00e1s adelantadas<\/strong>, destaca por su visi\u00f3n de juego, su capacidad asociativa y su llegada al \u00e1rea rival.<\/p>\n<p style=\"text-align: justify;\">Alcalde acumula <strong>m\u00e1s de 100 partidos<\/strong> en las tres \u00faltimas temporadas en <strong>Primera Federaci\u00f3n<\/strong>, otros <strong>36<\/strong> encuentros en la antigua <strong>Segunda Divisi\u00f3n B<\/strong> y <strong>supera los 200 partidos oficiales<\/strong> a lo largo de su carrera, cifras que reflejan su experiencia en el f\u00fatbol espa\u00f1ol.<\/p>\n<p style=\"text-align: justify;\">Durante su trayectoria ha defendido las camisetas del <strong>Antequera CF<\/strong> -en dos etapas, logrando el ascenso a Primera Federaci\u00f3n en la segunda-, la <strong>Real Balomp\u00e9dica Linense<\/strong>, la <strong>AD Ceuta<\/strong> -con la que tambi\u00e9n consigui\u00f3 el ascenso a la categor\u00eda de bronce-, el <strong>Recreativo de Huelva<\/strong>, el <strong>Marbella FC<\/strong> y el <strong>Real Avil\u00e9s<\/strong>, equipo del que procede.<\/p>\n<p style=\"text-align: justify;\">Luis Alcalde es el <strong>sexto jugador confirmado<\/strong> en la plantilla de Unionistas de Salamanca para la temporada 2026\/27, junto a Hugo de Bustos, Steffan, Ramiro, \u00c1lvaro G\u00f3mez y Juanma.<\/p>\n","protected":false},"excerpt":{"rendered":"Unionistas de Salamanca ha llegado a un acuerdo con Luis Alcalde para su incorporaci\u00f3n de cara a la&hellip;\n","protected":false},"author":2,"featured_media":625841,"comment_status":"","ping_status":"","sticky":false,"template":"","format":"standard","meta":{"footnotes":""},"categories":[268],"tags":[1201,168,25,24,557,280,282,116350,281,23,167],"class_list":["post-625840","post","type-post","status-publish","format-standard","has-post-thumbnail","category-futbol","tag-alcalde","tag-deportes","tag-es","tag-espana","tag-fichaje","tag-football","tag-futbol","tag-luis-alcalde","tag-soccer","tag-spain","tag-sports"],"share_on_mastodon":{"url":"https:\/\/pubeurope.com\/@es\/116811989458814342","error":""},"_links":{"self":[{"href":"https:\/\/www.europesays.com\/es\/wp-json\/wp\/v2\/posts\/625840","targetHints":{"allow":["GET"]}}],"collection":[{"href":"https:\/\/www.europesays.com\/es\/wp-json\/wp\/v2\/posts"}],"about":[{"href":"https:\/\/www.europesays.com\/es\/wp-json\/wp\/v2\/types\/post"}],"author":[{"embeddable":true,"href":"https:\/\/www.europesays.com\/es\/wp-json\/wp\/v2\/users\/2"}],"replies":[{"embeddable":true,"href":"https:\/\/www.europesays.com\/es\/wp-json\/wp\/v2\/comments?post=625840"}],"version-history":[{"count":0,"href":"https:\/\/www.europesays.com\/es\/wp-json\/wp\/v2\/posts\/625840\/revisions"}],"wp:featuredmedia":[{"embeddable":true,"href":"https:\/\/www.europesays.com\/es\/wp-json\/wp\/v2\/media\/625841"}],"wp:attachment":[{"href":"https:\/\/www.europesays.com\/es\/wp-json\/wp\/v2\/media?parent=625840"}],"wp:term":[{"taxonomy":"category","embeddable":true,"href":"https:\/\/www.europesays.com\/es\/wp-json\/wp\/v2\/categories?post=625840"},{"taxonomy":"post_tag","embeddable":true,"href":"https:\/\/www.europesays.com\/es\/wp-json\/wp\/v2\/tags?post=625840"}],"curies":[{"name":"wp","href":"https:\/\/api.w.org\/{rel}","templated":true}]}}