{"id":62601,"date":"2025-08-21T14:09:09","date_gmt":"2025-08-21T14:09:09","guid":{"rendered":"https:\/\/www.europesays.com\/es\/62601\/"},"modified":"2025-08-21T14:09:09","modified_gmt":"2025-08-21T14:09:09","slug":"dua-lipa-hablo-sobre-su-vision-del-amor-fm-mundo","status":"publish","type":"post","link":"https:\/\/www.europesays.com\/es\/62601\/","title":{"rendered":"Dua Lipa habl\u00f3 sobre su visi\u00f3n del amor &#8211; FM Mundo"},"content":{"rendered":"<ol>\n<li><a href=\"https:\/\/news.google.com\/rss\/articles\/CBMigAFBVV95cUxQa0x6VkM0dC1hSXFHWV96bW5scnN1NldTZjBPS2twWVZyZEo3OTU4UzlpUHJXdzhNcHY1dXI5VExleXpZVUlHbWpfSFMtcXhWTkpkMjlUT0ZrOTdvbl9UMXdTNExsWEo5VUpZdk5zcThjWGlHQ0ppb1IxU1Q4dnI0RdIBhgFBVV95cUxQc29qdnVzZlRWTm1zNW5tMG5RVFB1VWJLVU9iSWdEaGh4a2pndXZBYkFDSWNEa1ZYazd4cTVqX3NaTVFYa2dHZkFMQWwtWThUREpaUlcwNFl2WHJoZDFORm92bnhERjJtWlozejFyYkF2ZGlFT0t1ZlZMcmdKTmQxNmhwWXpMdw?oc=5\" target=\"_blank\" rel=\"nofollow noopener\">Dua Lipa habl\u00f3 sobre su visi\u00f3n del amor<\/a>&nbsp;&nbsp;FM Mundo<\/li>\n<li><a href=\"https:\/\/news.google.com\/rss\/articles\/CBMi8AFBVV95cUxPUVRENVUxYTVuSzFrRWtjTGxpU3c2MmVrUWFMdXpOZW4xWkRMc19FZ1VreEpMLTd1UlI1M1pYdDBtbUZDc1BhMW91empFQTFIRkFQZzUzMEswbW5MVDh2X2djbWJHcERab0U0SDdkVTduMi02cGVNRkJTVGNVeFNBLVpfTEdFbzVISlZjeDBOZGV6Zl9rNUQ5aWhWTzcyaDNFZVpTejZpdi1VYWV1NU9mVm11LXI3RVhNdENQelBqbU9yc0xMYVd1dDlmUmxUeXJKZFY3QUowZWZHMHZKWksxZHQxV3dxQVdfOG5Sb0xFUETSAfABQVVfeXFMTlpqZ2ZSb0NPdUxBSGJNajkzcHB0YWhVUk9nRkEwSmtyU1FwYXEwdE5UbXduLTlfMnRFTFA4YnZpWUhnZjNWNEFsNExzOEdlSXpQekJUd19DX2dsamxZdU0wbC1JTjNPUVlJaEdkWGVweFJBOGZyb29Da3EwbmN4Q3gtYnkwUXIxS2FfRmwzSzZnNGpVcm56MG5LZnFxMXdacFdTdUg3dXN5cmdEbjljeDhVd1JDS2dqaWg4ZmhQRlVXNUxoYVFORVNWWEZZd0dKTWR1MGxZZ1FRUGRzNDZMUkc2NVdrVHV1SzVuR3ZMY1Zo?oc=5\" target=\"_blank\" rel=\"nofollow noopener\">Dua Lipa se sincera sobre su relaci\u00f3n con Callum Turner: \u00abHe pasado mucho tiempo protegiendo mi coraz\u00f3n..<\/a>&nbsp;&nbsp;EuropaFM<\/li>\n<li><a href=\"https:\/\/news.google.com\/rss\/articles\/CBMi0AFBVV95cUxOcjRxQ0tiQkNEUXB5UW5kdTZ2ZW1UbTEtRldHQ2ljbWRsZ0RXQzhmUTlzc21ab0I5c2xPWkg5MXdRbnBRM3AtbDFON0Z3MXpPdjRDR3hMTl9NT01sdWNvVGRoNkoyQ2xiZmdGelU5cU1yT3BqRkdzVk90amExRFVnbmhrc2w2dmNWWWh5Q3ZKbG9KemtWWm5OZUpKZnRiQk1aVDFQdE9uNDQyUHZEeEZmcW1MRElDaVJsSWJwMlM4MHBaZU1HcS1GMmxDY25mZnNr0gHkAUFVX3lxTE9nbGFXcE9aUkI4OG1RakhsbG9nZ0J4T2dNM2dPY2NpYmNwMTJQN1hncHp4QUdDZnEwYWFSa2RuTkdlRkMzSHhCaWlRaENpaDNJX2JUNWhkTkJRV0w1MU9pSmxSMExlQ3R5NURaMGdWREU5Y2I5V2RRVW5qeFpETXRCeENBeFM5b1BzUzNUYjJPZUp2b1JDaDJJS1ViNjhrNkNBTkM4UEJLS0MxYkZoTTNKNnU2bUZfeEJmb1ZiTlM2TF9UYlZUME82RHkwTURJYU1LN0h2ZlJVQ0lSZHRFZmF2bnIwZw?oc=5\" target=\"_blank\" rel=\"nofollow noopener\">Dua Lipa revela que el nuevo \u00e1lbum se le est\u00e1 complicando: \u00abEncontrar una nueva direcci\u00f3n es lo m\u00e1s dif\u00edcil\u00bb<\/a>&nbsp;&nbsp;LOS40<\/li>\n<li><a href=\"https:\/\/news.google.com\/rss\/articles\/CBMirAFBVV95cUxPQWNUeFJobDhuLXJGWEFMUTRSWFhPbjRNVHRIMnU0R3pDY0F3ZFExR29FNUpzNnJtVmNFZF9nYXMybllPbGkyRWV2Y1VtOFpWUTRwSmhqRFZqUndNM1V0ZmQ2N2lVbjRzN3V6Qjd6UGxTalZ3dzJJdTNqdU9yQmxUUUcwMGUyOXFKcF9WSkFCUlMzWjYxRWJJeTlXTlBFaWVpRjlvMDlrb1JscGVF0gG6AUFVX3lxTE9hOEEwRmR5dHJvem9YWTlaQ0JiZDZUTnR2M0MtZGk4ZWFuaWw2dUNPekRxbG5Va2FJVnd0Zk43UE50eTV6b1JaV0dNVlN4R2NOMFN5S256dEl1cjVHRXpFeGhsMl9RajFWLWR4U0l1OFlTVlF3Q2Z2ZnJQNnNDSDZ0X3Bmajlyai1NX3puQ21rVUpxTnFiSlJkUGhYMUNRZGFYcTBSb2ZnNHRiLWluQ2JfQS1iaGtNRlBDdw?oc=5\" target=\"_blank\" rel=\"nofollow noopener\">Dua Lipa celebra sus 30 a\u00f1os en la portada de Harper&#8217;s Bazaar M\u00e9xico<\/a>&nbsp;&nbsp;Revista Caras M\u00e9xico<\/li>\n<li><a href=\"https:\/\/news.google.com\/rss\/articles\/CBMiywFBVV95cUxNUU5zMFFIZ1ZveDE2dHh4TWVGVmFLUFVyeWp0c3pIOHpaUDRIZFlvMWk5LTk2NmdnNnBNWFJQb3AyeXMxT1Jmbkh4bEVQZk9JMVlINkZJY3lBSkphSTVlbWlBS1BBUGFycXFUNDdOb1REaFVCNVB2N0VVTmVyOEozZ3IxWFlhSmFzczZqcHNFQ1ZRRFZyWkFmcEJpZDZLS1RYNGFuakI4Q3B1R0s1cHY2aGdnaUozbS1laS1zb3h0M0RIN1BIdFJPN0xlNA?oc=5\" target=\"_blank\" rel=\"nofollow noopener\">\u00abSoy m\u00e1s feliz que nunca\u00bb: Dua Lipa se sincera sobre su vida amorosa<\/a>&nbsp;&nbsp;MSN<\/li>\n<\/ol>\n","protected":false},"excerpt":{"rendered":"Dua Lipa habl\u00f3 sobre su visi\u00f3n del amor&nbsp;&nbsp;FM Mundo Dua Lipa se sincera sobre su relaci\u00f3n con Callum&hellip;\n","protected":false},"author":2,"featured_media":62602,"comment_status":"","ping_status":"","sticky":false,"template":"","format":"standard","meta":{"footnotes":""},"categories":[170],"tags":[25912,14008,146,147,25,24,10392,25913,184,185,23],"class_list":{"0":"post-62601","1":"post","2":"type-post","3":"status-publish","4":"format-standard","5":"has-post-thumbnail","7":"category-musica","8":"tag-callumturner","9":"tag-dua-lipa","10":"tag-entertainment","11":"tag-entretenimiento","12":"tag-es","13":"tag-espana","14":"tag-espectaculo","15":"tag-harpersbazaar","16":"tag-music","17":"tag-musica","18":"tag-spain"},"share_on_mastodon":{"url":"","error":""},"_links":{"self":[{"href":"https:\/\/www.europesays.com\/es\/wp-json\/wp\/v2\/posts\/62601","targetHints":{"allow":["GET"]}}],"collection":[{"href":"https:\/\/www.europesays.com\/es\/wp-json\/wp\/v2\/posts"}],"about":[{"href":"https:\/\/www.europesays.com\/es\/wp-json\/wp\/v2\/types\/post"}],"author":[{"embeddable":true,"href":"https:\/\/www.europesays.com\/es\/wp-json\/wp\/v2\/users\/2"}],"replies":[{"embeddable":true,"href":"https:\/\/www.europesays.com\/es\/wp-json\/wp\/v2\/comments?post=62601"}],"version-history":[{"count":0,"href":"https:\/\/www.europesays.com\/es\/wp-json\/wp\/v2\/posts\/62601\/revisions"}],"wp:featuredmedia":[{"embeddable":true,"href":"https:\/\/www.europesays.com\/es\/wp-json\/wp\/v2\/media\/62602"}],"wp:attachment":[{"href":"https:\/\/www.europesays.com\/es\/wp-json\/wp\/v2\/media?parent=62601"}],"wp:term":[{"taxonomy":"category","embeddable":true,"href":"https:\/\/www.europesays.com\/es\/wp-json\/wp\/v2\/categories?post=62601"},{"taxonomy":"post_tag","embeddable":true,"href":"https:\/\/www.europesays.com\/es\/wp-json\/wp\/v2\/tags?post=62601"}],"curies":[{"name":"wp","href":"https:\/\/api.w.org\/{rel}","templated":true}]}}