{"id":626090,"date":"2026-06-25T20:51:19","date_gmt":"2026-06-25T20:51:19","guid":{"rendered":"https:\/\/www.europesays.com\/es\/626090\/"},"modified":"2026-06-25T20:51:19","modified_gmt":"2026-06-25T20:51:19","slug":"vilanova-aprovecha-el-paso-del-tour-de-francia-por-la-ciudad-para-mejorar-infraestructuras-deportivas-y-fomentar-el-ciclismo","status":"publish","type":"post","link":"https:\/\/www.europesays.com\/es\/626090\/","title":{"rendered":"Vilanova aprovecha el paso del Tour de Francia por la ciudad para mejorar infraestructuras deportivas y fomentar el ciclismo"},"content":{"rendered":"<p class=\"ft-text\">Para muchos de los <strong>municipios de la provincia de Barcelona<\/strong> que acoger\u00e1n<strong> el paso del Tour de Francia<\/strong> resultan claves las <a class=\"ft-link ft-link--decoration\" href=\"https:\/\/www.elperiodico.com\/es\/barcelona\/20260310\/quincena-ciudades-barcelonesas-afianzan-carreteras-paso-tour-de-francia-inversion-700000-euros-127595019\" rel=\"nofollow noopener\" target=\"_blank\">ayudas que presta la Diputaci\u00f3 (Diba), destinadas tanto para el asfaltado<\/a> y adecuaci\u00f3n de las calzadas por d\u00f3nde discurrir\u00e1n los ciclistas as\u00ed como <a class=\"ft-link ft-link--decoration\" href=\"https:\/\/www.elperiodico.com\/es\/barcelona\/20260310\/area-barcelona-impulsa-destino-cicloturistico-paso-tour-francia-verano-127737714\" rel=\"nofollow noopener\" target=\"_blank\">para impulsar actuaciones relacionadas con el fomento de la pr\u00e1ctica ciclista<\/a>. Es el caso de<strong> Vilanova i la Geltr\u00fa<\/strong>, cuyo Ayuntamiento asegura, a trav\u00e9s de un comunicado, que la carrera ciclista m\u00e1s importante del mundo \u00ab<strong>dejar\u00e1 un legado<\/strong> que ir\u00e1 m\u00e1s all\u00e1 del acontecimiento deportivo\u00bb y que ayudar\u00e1 a \u00abreforzar la apuesta por la bicicleta como herramienta de movilidad sostenible, salud, educaci\u00f3n y cohesi\u00f3n social\u00bb.<\/p>\n<p class=\"ft-text\">As\u00ed, m\u00e1s all\u00e1 del fugaz recuerdo del pelot\u00f3n atravesando la poblaci\u00f3n, para los vilanovenses quedar\u00e1 el \u00abimpulso de un conjunto de actuaciones \u00abdestinadas a fomentar la pr\u00e1ctica del ciclismo, promover la movilidad sostenible y mejorar las infraestructuras deportivas\u00bb de la ciudad. Una parte destacada de los recursos, indica el gobierno municipal, se destinar\u00e1 a<strong> financiar la mejora del Circuito Municipal de Ciclismo Vicen\u00e7 Iturat<\/strong>. Ya se han limpiado y acondicionado los accesos, se ha renovado la jardiner\u00eda, se han regulado las zonas de tierra, y se ha incorporado un nuevo equipamiento para la actividad deportiva, con la adquisici\u00f3n de 20 bicicletas y nuevos cascos de protecci\u00f3n. Tambi\u00e9n se han instalado soportes de pared para aparcar la bicicleta, dos bancos adicionales y nuevas papeleras. <\/p>\n<p class=\"ft-text\">Paralelamente \u2014y aunque el consistorio indica que se han parado las obras hasta que pasen los meses de m\u00e1s calor\u2014, se encuentran en ejecuci\u00f3n los trabajos de pintura y renovaci\u00f3n de la se\u00f1alizaci\u00f3n del circuito, el repaso y reparaci\u00f3n del asfalto y la reparaci\u00f3n de varios tramos de las vallas perimetrales. <\/p>\n<p><img decoding=\"async\" src=\"https:\/\/www.europesays.com\/es\/wp-content\/uploads\/2026\/06\/ac5bf5f0-2f96-4c0c-a107-80c459715f7c_alta-libre-aspect-ratio_default_0_x320y160.jpg\" width=\"1200\" height=\"900\" alt=\"Imagen de una formaci\u00f3n en bicicleta de carretera destinada a mujeres en Vilanova i la Geltr\u00fa\" class=\"ft-helper-img-rd\" loading=\"lazy\" fetchpriority=\"auto\"\/><\/p>\n<p class=\"ft-helper-fontColor-quaternary ft-helper-fontSize-body-S ft-helper-spacer-t-xxs\">Imagen de una formaci\u00f3n en bicicleta de carretera destinada a mujeres en Vilanova i la Geltr\u00fa  \/ AJUNTAMENT DE VILANOVA I LA GELTR\u00da<\/p>\n<p class=\"ft-text\">Sin salir del mencionado circuito municipal, el Ayuntamiento prev\u00e9 que en los pr\u00f3ximos meses comience la reforma del armario el\u00e9ctrico y la mejora de la iluminaci\u00f3n, la renovaci\u00f3n de la cartelera informativa, la instalaci\u00f3n de mesas con bancos y la mejora de los contenedores existentes, con una nueva puerta de acero galvanizado, la reparaci\u00f3n de la cubierta y la pintura exterior. Asimismo, est\u00e1 prevista la <strong>creaci\u00f3n de un circuito espec\u00edfico de BTT<\/strong>, la construcci\u00f3n de un nuevo acceso desde la rambla de los Pa\u00efsos Catalans y la incorporaci\u00f3n de nuevos elementos para ampliar las posibilidades de uso del recinto, como una mecedora y una rampa met\u00e1lica, as\u00ed como la incorporaci\u00f3n de nuevas zonas de sombra para mejorar el confort de los usuarios. Actuaciones que, a tenor del Ayuntamiento de Vilanova, \u00abpermitir\u00e1n disponer de <strong>un equipamiento m\u00e1s moderno, funcional y adaptado a las necesidades<\/strong> actuales de la pr\u00e1ctica ciclista, tanto en el \u00e1mbito formativo como competitivo\u00bb.<\/p>\n<p>Promoci\u00f3n del ciclismo<\/p>\n<p class=\"ft-text\">El circuito acoge a los alumnos de 5\u00ba y 6\u00ba de primaria y de ESO, que a trav\u00e9s del Pla d&#8217;Animaci\u00f3 Educativa (PAE), se han incorporado durante este curso a una<strong> actividad de iniciaci\u00f3n al ciclismo de carretera<\/strong>. La propuesta combina formaci\u00f3n te\u00f3rica y pr\u00e1ctica sobre conducci\u00f3n, seguridad viaria, mantenimiento de la bicicleta y h\u00e1bitos saludables. Paralelamente, la concejal\u00eda de Esports impulsa desde el mes de mayo un <strong>programa espec\u00edfico de iniciaci\u00f3n al ciclismo de carretera para mujeres mayores de 18 a\u00f1os <\/strong>que combina sesiones en circuito y salidas a carretera, con apoyo t\u00e9cnico especializado y la posibilidad de disponer de bicicleta municipal para facilitar la participaci\u00f3n.<\/p>\n<p class=\"ft-text\">La culminaci\u00f3n de este conjunto de iniciativas llegar\u00e1 el 24 de octubre, d\u00eda de la celebraci\u00f3n de la<strong> primera edici\u00f3n de &#8216;Vilanova amb bicicleta&#8217;<\/strong>, una \u00abjornada l\u00fadica y participativa que nace con la voluntad de convertirse en una cita anual de referencia\u00bb, se\u00f1ala el gobierno municipal. La propuesta incluir\u00e1 \u00abuna pedalada popular abierta a todas las edades y un amplio programa de actividades vinculadas a la movilidad sostenible, la seguridad viaria, la actividad f\u00edsica y el patrimonio local\u00bb.<\/p>\n","protected":false},"excerpt":{"rendered":"Para muchos de los municipios de la provincia de Barcelona que acoger\u00e1n el paso del Tour de Francia&hellip;\n","protected":false},"author":2,"featured_media":626091,"comment_status":"","ping_status":"","sticky":false,"template":"","format":"standard","meta":{"footnotes":""},"categories":[273],"tags":[937,313,312,168,15900,25,24,22091,317,17853,3483,4191,23,167,316,41297],"class_list":["post-626090","post","type-post","status-publish","format-standard","has-post-thumbnail","category-ciclismo","tag-aprovecha","tag-ciclismo","tag-cycling","tag-deportes","tag-deportivas","tag-es","tag-espana","tag-fomentar","tag-francia","tag-infraestructuras","tag-mejorar","tag-paso","tag-spain","tag-sports","tag-tour","tag-vilanova"],"share_on_mastodon":{"url":"https:\/\/pubeurope.com\/@es\/116812729125097920","error":""},"_links":{"self":[{"href":"https:\/\/www.europesays.com\/es\/wp-json\/wp\/v2\/posts\/626090","targetHints":{"allow":["GET"]}}],"collection":[{"href":"https:\/\/www.europesays.com\/es\/wp-json\/wp\/v2\/posts"}],"about":[{"href":"https:\/\/www.europesays.com\/es\/wp-json\/wp\/v2\/types\/post"}],"author":[{"embeddable":true,"href":"https:\/\/www.europesays.com\/es\/wp-json\/wp\/v2\/users\/2"}],"replies":[{"embeddable":true,"href":"https:\/\/www.europesays.com\/es\/wp-json\/wp\/v2\/comments?post=626090"}],"version-history":[{"count":0,"href":"https:\/\/www.europesays.com\/es\/wp-json\/wp\/v2\/posts\/626090\/revisions"}],"wp:featuredmedia":[{"embeddable":true,"href":"https:\/\/www.europesays.com\/es\/wp-json\/wp\/v2\/media\/626091"}],"wp:attachment":[{"href":"https:\/\/www.europesays.com\/es\/wp-json\/wp\/v2\/media?parent=626090"}],"wp:term":[{"taxonomy":"category","embeddable":true,"href":"https:\/\/www.europesays.com\/es\/wp-json\/wp\/v2\/categories?post=626090"},{"taxonomy":"post_tag","embeddable":true,"href":"https:\/\/www.europesays.com\/es\/wp-json\/wp\/v2\/tags?post=626090"}],"curies":[{"name":"wp","href":"https:\/\/api.w.org\/{rel}","templated":true}]}}