{"id":626107,"date":"2026-06-25T21:02:24","date_gmt":"2026-06-25T21:02:24","guid":{"rendered":"https:\/\/www.europesays.com\/es\/626107\/"},"modified":"2026-06-25T21:02:24","modified_gmt":"2026-06-25T21:02:24","slug":"el-consumo-de-drogas-dana-el-cerebro-joven-y-dispara-el-riesgo-de-ictus","status":"publish","type":"post","link":"https:\/\/www.europesays.com\/es\/626107\/","title":{"rendered":"El consumo de drogas da\u00f1a el cerebro joven y dispara el riesgo de ictus"},"content":{"rendered":"<p>Con motivo del D\u00eda Mundial contra la Droga, que se celebra el 26 de junio, la Sociedad Espa\u00f1ola de Neurolog\u00eda (SEN) recuerda que el consumo de drogas contin\u00faa representando una amenaza importante para la salud cerebral, especialmente entre la poblaci\u00f3n m\u00e1s joven. Seg\u00fan la &#8216;Encuesta poblacional sobre h\u00e1bitos cerebrosaludables de &#8230;            &#13;\n        <\/p>\n<p> &#13;<br \/>\n&#13;<\/p>\n<p>Con motivo del <strong>D\u00eda Mundial contra la Droga<\/strong>, que se celebra el 26 de junio, la Sociedad Espa\u00f1ola de Neurolog\u00eda (SEN) recuerda que el <strong>consumo de drogas<\/strong> contin\u00faa representando una amenaza importante para la salud cerebral, especialmente entre la poblaci\u00f3n m\u00e1s joven. Seg\u00fan la &#8216;<a href=\"https:\/\/www.sen.es\/attachments\/article\/3798\/ENCUESTA%20POBLACIONAL%20SOBRE%20H%C3%81BITOS%20CEREBROSALUDABLES%20DE%20LA%20POBLACI%C3%93N%20ESPA%C3%91OLA.pdf\" rel=\"nofollow noopener\" target=\"_blank\">Encuesta poblacional sobre h\u00e1bitos cerebrosaludables de la poblaci\u00f3n espa\u00f1ola<\/a>&#8216;, impulsada por la SEN, los j\u00f3venes espa\u00f1oles de entre 18 y 34 a\u00f1os son el grupo que registra una mayor frecuencia de consumo reciente de drogas: m\u00e1s del 15,5% consumi\u00f3 alg\u00fan tipo de droga ilegal durante el \u00faltimo a\u00f1o.<\/p>\n<p>En t\u00e9rminos globales, el estudio de la SEN apunta que <strong>el 7% de la poblaci\u00f3n espa\u00f1ola reconoce haber consumido alguna sustancia recientemente<\/strong>. Al 15,5% de los j\u00f3venes se suman el 9,5% de las personas de entre 35 y 59 a\u00f1os y el 4,5% de los mayores de 60. El informe tambi\u00e9n pone de manifiesto diferencias relevantes por sexo: mientras que <strong>el 83,9% de las mujeres asegura no haber consumido nunca drogas<\/strong>, este porcentaje desciende hasta el 71,7% entre los hombres, que, adem\u00e1s, registran cifras superiores en todas las categor\u00edas de consumo reciente, incluidos los \u00faltimos d\u00edas, semanas o meses.<\/p>\n<p>\u00abAunque los datos obtenidos en este estudio podr\u00edan infraestimar el consumo real, porque en este tipo de encuestas puede existir infradeclaraci\u00f3n, muestran que, si bien el consumo de drogas puede estar presente en cualquier grupo de edad, es especialmente relevante entre la poblaci\u00f3n joven. Esto resulta particularmente preocupante porque el cerebro contin\u00faa madurando estructural y funcionalmente incluso despu\u00e9s de los 30 a\u00f1os, y la exposici\u00f3n a sustancias t\u00f3xicas durante estas etapas puede tener consecuencias duraderas sobre las capacidades cognitivas, la memoria, la atenci\u00f3n y el comportamiento\u00bb, se\u00f1ala la doctora <strong>Marta Guill\u00e1n<\/strong>, miembro del Grupo de Estudio de Neurolog\u00eda Cr\u00edtica e Intensivista de la Sociedad Espa\u00f1ola de Neurolog\u00eda. <\/p>\n<p>\u00abEn todo caso \u2013a\u00f1ade\u2013, e independientemente de la edad del consumidor, las drogas il\u00edcitas pueden da\u00f1ar seriamente el sistema nervioso tanto a corto como a largo plazo. Estos da\u00f1os pueden aparecer con el consumo ocasional o habitual de drogas, la sobredosis e incluso la abstinencia\u00bb.<\/p>\n<p> &#13;<br \/>\n&#13;<\/p>\n<p><strong>Las drogas multiplican el riesgo de ictus en j\u00f3venes<\/strong><\/p>\n<p>La SEN ya ha alertado del aumento registrado durante los \u00faltimos a\u00f1os en los casos de ictus entre personas j\u00f3venes. Se ha demostrado <strong>una relaci\u00f3n directa entre el consumo de drogas y el riesgo de ictus<\/strong>, y numerosos estudios apuntan que una proporci\u00f3n relevante de los pacientes j\u00f3venes que sufren uno reconoce haber consumido drogas previamente. De hecho, <strong>las probabilidades de padecer un ictus durante las 24 horas posteriores al consumo de drogas se multiplican por siete<\/strong>, mientras que consumirlas m\u00e1s de una vez por semana puede duplicar ese riesgo. En Espa\u00f1a, se estima que el 30% de las personas menores de 50 a\u00f1os que sufren un ictus ha consumido drogas il\u00edcitas.<\/p>\n<p>El consumo de drogas tambi\u00e9n puede provocar <strong>da\u00f1os neurol\u00f3gicos a largo plazo<\/strong>. Sustancias como la coca\u00edna, las anfetaminas, los opioides, el cannabis o las nuevas drogas sint\u00e9ticas se han relacionado no solo con un mayor riesgo de ictus, sino tambi\u00e9n con <strong>alteraciones cognitivas, trastornos de la memoria y la atenci\u00f3n, epilepsia y da\u00f1o vascular cerebral<\/strong>. Asimismo, pueden afectar a los mecanismos cerebrales implicados en la respiraci\u00f3n y el nivel de conciencia, lo que puede derivar en coma o muerte.<\/p>\n<p>\u00abExiste evidencia cient\u00edfica suficiente para afirmar que las drogas constituyen un factor de riesgo para la salud cerebral. Sus efectos no se limitan al momento del consumo, sino que pueden producir alteraciones permanentes en el funcionamiento del cerebro e incrementar el riesgo de enfermedades neurol\u00f3gicas graves\u00bb, se\u00f1ala la doctora Marta Guill\u00e1n.\u00a0 \u00abA pesar de ello, muchas personas siguen percibiendo algunas drogas como relativamente inocuas, por lo que la percepci\u00f3n del riesgo es clave para la prevenci\u00f3n. Ninguna droga es segura para el cerebro ni existe un consumo seguro. Incluso el consumo ocasional puede tener consecuencias neurol\u00f3gicas graves. Aunque estos efectos no siempre sean inmediatos, pueden ser permanentes y afectar de forma significativa a la salud y a la calidad de vida presente y futura\u00bb, a\u00f1ade.<\/p>\n<p><strong>Un dato para la esperanza<\/strong><\/p>\n<p>No obstante, la doctora Guill\u00e1n destaca tambi\u00e9n algunos datos esperanzadores: \u00abLa &#8216;Encuesta sobre uso de drogas en ense\u00f1anzas secundarias en Espa\u00f1a (ESTUDES) 2025&#8217;, realizada entre estudiantes de 14 a 18 a\u00f1os, ha revelado una ca\u00edda hist\u00f3rica en el consumo de alcohol, tabaco, cannabis y vapeadores. La noticia m\u00e1s relevante es que el consumo de alcohol, tabaco y cannabis contin\u00faa descendiendo y alcanza m\u00ednimos hist\u00f3ricos desde que existen registros, en 1994. Tambi\u00e9n disminuye el consumo intensivo de alcohol \u2013borracheras o &#8216;binge drinking&#8217;\u2013, que registra sus cifras m\u00e1s bajas desde el a\u00f1o 2000\u00bb.<\/p>\n<p>\u00abAun as\u00ed, el alcohol sigue siendo, con diferencia, la sustancia legal m\u00e1s consumida, y el cannabis, la ilegal \u2013contin\u00faa la facultativa\u2013. En este grupo de edad, otras drogas ilegales contin\u00faan presentando un consumo bajo y en descenso: la coca\u00edna, el \u00e9xtasis, las anfetaminas, los alucin\u00f3genos y los inhalantes permanecen por debajo del 2-3% en la mayor\u00eda de los indicadores. En 2025 tambi\u00e9n se observa el primer descenso en el consumo de hipnosedantes, que constitu\u00eda una preocupaci\u00f3n creciente\u00bb.<\/p>\n<p>Seg\u00fan concluye Guill\u00e1n, \u00abestos siguen siendo los medicamentos con potencial adictivo m\u00e1s consumidos por los adolescentes, especialmente entre las chicas, y su uso sin receta contin\u00faa siendo una preocupaci\u00f3n sanitaria. Por tanto, parece haber aumentado la percepci\u00f3n del riesgo y la conciencia sobre los efectos de las drogas en la salud, lo que tambi\u00e9n supone prevenci\u00f3n y salud cerebral para el futuro\u00bb.<\/p>\n","protected":false},"excerpt":{"rendered":"Con motivo del D\u00eda Mundial contra la Droga, que se celebra el 26 de junio, la Sociedad Espa\u00f1ola&hellip;\n","protected":false},"author":2,"featured_media":626108,"comment_status":"","ping_status":"","sticky":false,"template":"","format":"standard","meta":{"footnotes":""},"categories":[92],"tags":[4205,10854,2670,4206,3213,1681,55032,5658,794,94964,25,24,165,12369,10046,1928,114713,58728,116388,110278,27691,18313,789,1288,166,36767,5294,23,18389],"class_list":["post-626107","post","type-post","status-publish","format-standard","has-post-thumbnail","category-salud","tag-accidente","tag-advierte","tag-cerebro","tag-cerebrovascular","tag-consumo","tag-dana","tag-danos","tag-dispara","tag-drogas","tag-duraderos","tag-es","tag-espana","tag-health","tag-ictus","tag-incluso","tag-joven","tag-multiplicar","tag-neurologicos","tag-ocasional","tag-posteriores","tag-probabilidad","tag-provocar","tag-puede","tag-riesgo","tag-salud","tag-sen","tag-siete","tag-spain","tag-sufrir"],"share_on_mastodon":{"url":"https:\/\/pubeurope.com\/@es\/116812772016988965","error":""},"_links":{"self":[{"href":"https:\/\/www.europesays.com\/es\/wp-json\/wp\/v2\/posts\/626107","targetHints":{"allow":["GET"]}}],"collection":[{"href":"https:\/\/www.europesays.com\/es\/wp-json\/wp\/v2\/posts"}],"about":[{"href":"https:\/\/www.europesays.com\/es\/wp-json\/wp\/v2\/types\/post"}],"author":[{"embeddable":true,"href":"https:\/\/www.europesays.com\/es\/wp-json\/wp\/v2\/users\/2"}],"replies":[{"embeddable":true,"href":"https:\/\/www.europesays.com\/es\/wp-json\/wp\/v2\/comments?post=626107"}],"version-history":[{"count":0,"href":"https:\/\/www.europesays.com\/es\/wp-json\/wp\/v2\/posts\/626107\/revisions"}],"wp:featuredmedia":[{"embeddable":true,"href":"https:\/\/www.europesays.com\/es\/wp-json\/wp\/v2\/media\/626108"}],"wp:attachment":[{"href":"https:\/\/www.europesays.com\/es\/wp-json\/wp\/v2\/media?parent=626107"}],"wp:term":[{"taxonomy":"category","embeddable":true,"href":"https:\/\/www.europesays.com\/es\/wp-json\/wp\/v2\/categories?post=626107"},{"taxonomy":"post_tag","embeddable":true,"href":"https:\/\/www.europesays.com\/es\/wp-json\/wp\/v2\/tags?post=626107"}],"curies":[{"name":"wp","href":"https:\/\/api.w.org\/{rel}","templated":true}]}}