{"id":62615,"date":"2025-08-21T14:16:12","date_gmt":"2025-08-21T14:16:12","guid":{"rendered":"https:\/\/www.europesays.com\/es\/62615\/"},"modified":"2025-08-21T14:16:12","modified_gmt":"2025-08-21T14:16:12","slug":"mas-de-20-muertos-por-nuevas-lluvias-monzonicas-en-pakistan","status":"publish","type":"post","link":"https:\/\/www.europesays.com\/es\/62615\/","title":{"rendered":"M\u00e1s de 20 muertos por nuevas lluvias monz\u00f3nicas en Pakist\u00e1n"},"content":{"rendered":"<p>    <img src=\"https:\/\/www.europesays.com\/es\/wp-content\/uploads\/2025\/08\/69yg4g6-item01-ipad-89865666.jpg\" width=\"1024\" height=\"682\" alt=\"\" loading=\"eager\" decoding=\"sync\" fetchpriority=\"high\"\/><\/p>\n<p>            afp_tickers        <\/p>\n<p>        Este contenido fue publicado en    <\/p>\n<p>        21 agosto 2025 &#8211; 11:25\n<\/p>\n<p>M\u00e1s de 20 personas han muerto en una nueva ola de lluvias monz\u00f3nicas en Pakist\u00e1n, inform\u00f3 el mi\u00e9rcoles la agencia local de gesti\u00f3n de desastres.<\/p>\n<p>Las precipitaciones torrenciales que han ca\u00eddo en todo Pakist\u00e1n durante la \u00faltima semana han provocado inundaciones y deslizamientos de tierra que arrasaron pueblos enteros y dejaron cientos de muertos y decenas de desaparecidos.<\/p>\n<p>La Autoridad Nacional de Gesti\u00f3n de Desastres inform\u00f3 el mi\u00e9rcoles que otras diez personas fallecieron en Karachi, la capital financiera del sur, debido a crecidas que causaron el derrumbe de viviendas y descargas el\u00e9ctricas.\u00a0<\/p>\n<p>Otras 11 personas perdieron la vida en la regi\u00f3n septentrional de Gilgit-Baltistan, a\u00f1adi\u00f3.<\/p>\n<p>M\u00e1s de 400 personas han muerto solo en Khyber-Pakhtunkhwa, una provincia monta\u00f1osa del noroeste fronteriza con Afganist\u00e1n, desde la tarde del jueves.<\/p>\n<p>Los deslizamientos de tierra y las inundaciones repentinas son habituales durante la temporada del monz\u00f3n, que suele comenzar en junio y dura hasta finales de septiembre.<\/p>\n<p>En total, seg\u00fan la dependencia de gesti\u00f3n de desastres, cerca de 750 personas han muerto desde que comenz\u00f3 la estaci\u00f3n monz\u00f3nica.<\/p>\n<p>Pakist\u00e1n es uno de los pa\u00edses m\u00e1s vulnerables a los efectos del cambio clim\u00e1tico y se enfrenta cada vez m\u00e1s a fen\u00f3menos meteorol\u00f3gicos extremos.<\/p>\n<p>Las inundaciones monz\u00f3nicas sumergieron un tercio de Pakist\u00e1n en 2022 y dejaron aproximadamente 1.700 muertos.<\/p>\n<p>stm\/tym\/arm\/mas<\/p>\n","protected":false},"excerpt":{"rendered":"afp_tickers Este contenido fue publicado en 21 agosto 2025 &#8211; 11:25 M\u00e1s de 20 personas han muerto en&hellip;\n","protected":false},"author":2,"featured_media":62616,"comment_status":"","ping_status":"","sticky":false,"template":"","format":"standard","meta":{"footnotes":""},"categories":[42],"tags":[17,18,637,638,756,13,14,15535,11,61,62,63,64,19,20,9,10,15,16,90,12,21,22,15537,65,66,67],"class_list":{"0":"post-62615","1":"post","2":"type-post","3":"status-publish","4":"format-standard","5":"has-post-thumbnail","7":"category-internacional","8":"tag-breaking-news","9":"tag-breakingnews","10":"tag-disaster","11":"tag-disaster-general","12":"tag-environment","13":"tag-featured-news","14":"tag-featurednews","15":"tag-global-change","16":"tag-headlines","17":"tag-internacional","18":"tag-international","19":"tag-international-news","20":"tag-internationalnews","21":"tag-latest-news","22":"tag-latestnews","23":"tag-news","24":"tag-noticias","25":"tag-noticias-destacadas","26":"tag-noticiasdestacadas","27":"tag-ticker","28":"tag-titulares","29":"tag-ultimas-noticias","30":"tag-ultimasnoticias","31":"tag-weather","32":"tag-world","33":"tag-world-news","34":"tag-worldnews"},"share_on_mastodon":{"url":"","error":""},"_links":{"self":[{"href":"https:\/\/www.europesays.com\/es\/wp-json\/wp\/v2\/posts\/62615","targetHints":{"allow":["GET"]}}],"collection":[{"href":"https:\/\/www.europesays.com\/es\/wp-json\/wp\/v2\/posts"}],"about":[{"href":"https:\/\/www.europesays.com\/es\/wp-json\/wp\/v2\/types\/post"}],"author":[{"embeddable":true,"href":"https:\/\/www.europesays.com\/es\/wp-json\/wp\/v2\/users\/2"}],"replies":[{"embeddable":true,"href":"https:\/\/www.europesays.com\/es\/wp-json\/wp\/v2\/comments?post=62615"}],"version-history":[{"count":0,"href":"https:\/\/www.europesays.com\/es\/wp-json\/wp\/v2\/posts\/62615\/revisions"}],"wp:featuredmedia":[{"embeddable":true,"href":"https:\/\/www.europesays.com\/es\/wp-json\/wp\/v2\/media\/62616"}],"wp:attachment":[{"href":"https:\/\/www.europesays.com\/es\/wp-json\/wp\/v2\/media?parent=62615"}],"wp:term":[{"taxonomy":"category","embeddable":true,"href":"https:\/\/www.europesays.com\/es\/wp-json\/wp\/v2\/categories?post=62615"},{"taxonomy":"post_tag","embeddable":true,"href":"https:\/\/www.europesays.com\/es\/wp-json\/wp\/v2\/tags?post=62615"}],"curies":[{"name":"wp","href":"https:\/\/api.w.org\/{rel}","templated":true}]}}