{"id":626166,"date":"2026-06-25T21:53:17","date_gmt":"2026-06-25T21:53:17","guid":{"rendered":"https:\/\/www.europesays.com\/es\/626166\/"},"modified":"2026-06-25T21:53:17","modified_gmt":"2026-06-25T21:53:17","slug":"la-contaminacion-duplica-el-empeoramiento-en-pacientes-con-asma","status":"publish","type":"post","link":"https:\/\/www.europesays.com\/es\/626166\/","title":{"rendered":"La contaminaci\u00f3n duplica el empeoramiento en pacientes con asma"},"content":{"rendered":"<p>El asma es una enfermedad heterog\u00e9nea influenciada por factores gen\u00e9ticos y ambientales. Las part\u00edculas finas (PM\u00a02.5\u00a0) exacerban la patolog\u00eda, probablemente a trav\u00e9s de v\u00edas de estr\u00e9s oxidativo, pero a\u00fan no est\u00e1 claro si la variaci\u00f3n gen\u00e9tica modifica este efecto.Al respecto, investigadores de la\u00a0Facultad de Salud P\u00fablica de la Universidad de &#8230;            &#13;\n        <\/p>\n<p> &#13;<br \/>\n&#13;<br \/>\n&#13;<\/p>\n<p>El asma es una enfermedad heterog\u00e9nea influenciada por factores gen\u00e9ticos y ambientales. Las part\u00edculas finas (PM\u00a02.5\u00a0) exacerban la patolog\u00eda, probablemente a trav\u00e9s de v\u00edas de estr\u00e9s oxidativo, pero a\u00fan no est\u00e1 claro si la variaci\u00f3n gen\u00e9tica modifica este efecto.<\/p>\n<p>Al respecto, investigadores de la\u00a0Facultad de Salud P\u00fablica de la Universidad de Pittsburgh (EEUU)\u00a0, en colaboraci\u00f3n con el Programa de Investigaci\u00f3n del Asma Grave (SARP), identificaron v\u00edas biol\u00f3gicas que comienzan a desvelar este misterio, mostrando c\u00f3mo la exposici\u00f3n a la contaminaci\u00f3n atmosf\u00e9rica interact\u00faa con los genes de cada persona.<\/p>\n<p> Este estudio, publicado en &#8216;eBioMedicine&#8217;, representa uno\u00a0de los m\u00e1s extensos y completos de su tipo hasta la fecha, y podr\u00eda abrir nuevas v\u00edas para el desarrollo de f\u00e1rmacos contra el asma, as\u00ed como posibles nuevos biomarcadores e intervenciones de salud p\u00fablica dirigidas a las personas m\u00e1s vulnerables al asma exacerbada por la contaminaci\u00f3n.<\/p>\n<p>El equipo se centr\u00f3 en c\u00f3mo estos genes interactuaban con el estr\u00e9s ambiental de la exposici\u00f3n a material particulado fino conocido como PM2.5. Estas part\u00edculas microsc\u00f3picas, con un di\u00e1metro menor que el de un cabello humano (menos de 2,5 micras), son lo suficientemente peque\u00f1as como para penetrar profundamente en los pulmones y se consideran ampliamente uno de los componentes m\u00e1s da\u00f1inos de la contaminaci\u00f3n del aire.<\/p>\n<p> &#13;<br \/>\n&#13;<br \/>\n&#13;<\/p>\n<p>Para este trabajo se utilizaron datos de casi 1000 adultos con asma de todo el pa\u00eds inscritos en el SARP, incluy\u00f3 una combinaci\u00f3n de secuenciaci\u00f3n del genoma completo, datos de exposici\u00f3n a la contaminaci\u00f3n atmosf\u00e9rica y perfiles de expresi\u00f3n g\u00e9nica. Entre los miles de genes del genoma humano, el equipo se centr\u00f3 en unos 450 genes que controlan el estr\u00e9s oxidativo, un proceso en el que mol\u00e9culas altamente reactivas pueden da\u00f1ar c\u00e9lulas y tejidos.<\/p>\n<p>Las muestras de c\u00e9lulas epiteliales de las v\u00edas respiratorias se obtuvieron mediante cepillado bronquial en un subgrupo de aproximadamente 200 participantes del estudio. Los datos mostraron c\u00f3mo la actividad gen\u00e9tica cambiaba en respuesta a la exposici\u00f3n a la contaminaci\u00f3n.<\/p>\n<p>\u00abEstos estr\u00e9s en las c\u00e9lulas pueden traducirse en graves efectos fisiol\u00f3gicos, como el empeoramiento de la funci\u00f3n pulmonar o las exacerbaciones del asma\u00bb, indic\u00f3 la Dra.\u00a0Sally Wenzel, autora principal, presidenta del\u00a0Departamento de Salud Ambiental y Ocupacional de Salud\u00a0P\u00fablica de Pitt y directora del\u202f\u00a0Instituto de Asma y Salud Pulmonar Ambiental de Pitt\u00a0en UPMC, quien codirigi\u00f3 el estudio con Shuangjia Xue, reci\u00e9n graduada del programa de doctorado del departamento.\u00a0\u00abLos genes determinan qui\u00e9nes podr\u00edamos ser, pero el ARN y las prote\u00ednas que transcriben son lo que nos define\u00bb, agreg\u00f3 dicha investigadora.<\/p>\n<p>Se pudo constatar que\u00a0los pacientes m\u00e1s vulnerables presentaban variantes en siete genes relacionados con el estr\u00e9s oxidativo que determinan la respuesta del organismo al da\u00f1o celular causado por la contaminaci\u00f3n. Estas variantes gen\u00e9ticas parecen influir en la respuesta de las c\u00e9lulas de las v\u00edas respiratorias a la exposici\u00f3n a PM2.5; algunas variantes mejoran la protecci\u00f3n contra PM2.5, mientras que otras parecen agravar el da\u00f1o.<\/p>\n<p>Los pr\u00f3ximos pasos del equipo incluyen profundizar en las v\u00edas identificadas en este estudio y comprobar si las intervenciones dirigidas, desde cambios de comportamiento hasta terapias antioxidantes espec\u00edficas, pueden mitigar los efectos nocivos de la contaminaci\u00f3n en personas de alto riesgo. En este sentido,\u00a0\u00abya estamos explorando algunas de estas v\u00edas\u00bb, asegur\u00f3 la Dra. Wenzel, para quien,\u00a0 \u00absi bien reducir la contaminaci\u00f3n sigue siendo el enfoque m\u00e1s eficaz, los hallazgos de nuestro estudio sugieren que podr\u00edamos desarrollar intervenciones espec\u00edficas para personas en riesgo que disminuir\u00edan el impacto de la contaminaci\u00f3n\u00bb.<\/p>\n","protected":false},"excerpt":{"rendered":"El asma es una enfermedad heterog\u00e9nea influenciada por factores gen\u00e9ticos y ambientales. Las part\u00edculas finas (PM\u00a02.5\u00a0) exacerban la&hellip;\n","protected":false},"author":2,"featured_media":626167,"comment_status":"","ping_status":"","sticky":false,"template":"","format":"standard","meta":{"footnotes":""},"categories":[92],"tags":[490,5505,4179,4647,11097,21409,1291,102272,82672,4291,3273,56148,25,24,3361,19784,21051,165,5537,869,5879,15115,689,80882,2860,1817,5110,8766,3477,597,7171,740,1085,16367,166,29444,23,11104,10301,7449,49394,41882],"class_list":["post-626166","post","type-post","status-publish","format-standard","has-post-thumbnail","category-salud","tag-abre","tag-afecta","tag-afectados","tag-aire","tag-algunas","tag-asma","tag-contaminacion","tag-contaminantes","tag-determinadas","tag-duplica","tag-efectos","tag-empeoramiento","tag-es","tag-espana","tag-estrategias","tag-geneticas","tag-hacer","tag-health","tag-investigaciones","tag-lo","tag-manera","tag-misma","tag-no","tag-nocivos","tag-nuevas","tag-pacientes","tag-particulas","tag-personalizados","tag-personas","tag-prevencion","tag-pueden","tag-puerta","tag-recientes","tag-respecto","tag-salud","tag-sean","tag-spain","tag-sugieren","tag-todos","tag-tratamientos","tag-variantes","tag-vulnerables"],"share_on_mastodon":{"url":"https:\/\/pubeurope.com\/@es\/116812972520251174","error":""},"_links":{"self":[{"href":"https:\/\/www.europesays.com\/es\/wp-json\/wp\/v2\/posts\/626166","targetHints":{"allow":["GET"]}}],"collection":[{"href":"https:\/\/www.europesays.com\/es\/wp-json\/wp\/v2\/posts"}],"about":[{"href":"https:\/\/www.europesays.com\/es\/wp-json\/wp\/v2\/types\/post"}],"author":[{"embeddable":true,"href":"https:\/\/www.europesays.com\/es\/wp-json\/wp\/v2\/users\/2"}],"replies":[{"embeddable":true,"href":"https:\/\/www.europesays.com\/es\/wp-json\/wp\/v2\/comments?post=626166"}],"version-history":[{"count":0,"href":"https:\/\/www.europesays.com\/es\/wp-json\/wp\/v2\/posts\/626166\/revisions"}],"wp:featuredmedia":[{"embeddable":true,"href":"https:\/\/www.europesays.com\/es\/wp-json\/wp\/v2\/media\/626167"}],"wp:attachment":[{"href":"https:\/\/www.europesays.com\/es\/wp-json\/wp\/v2\/media?parent=626166"}],"wp:term":[{"taxonomy":"category","embeddable":true,"href":"https:\/\/www.europesays.com\/es\/wp-json\/wp\/v2\/categories?post=626166"},{"taxonomy":"post_tag","embeddable":true,"href":"https:\/\/www.europesays.com\/es\/wp-json\/wp\/v2\/tags?post=626166"}],"curies":[{"name":"wp","href":"https:\/\/api.w.org\/{rel}","templated":true}]}}