{"id":626220,"date":"2026-06-25T22:36:11","date_gmt":"2026-06-25T22:36:11","guid":{"rendered":"https:\/\/www.europesays.com\/es\/626220\/"},"modified":"2026-06-25T22:36:11","modified_gmt":"2026-06-25T22:36:11","slug":"asi-sera-el-homenaje-mundial-a-michael-jackson-a-17-anos-de-su-muerte-este-25-de-junio","status":"publish","type":"post","link":"https:\/\/www.europesays.com\/es\/626220\/","title":{"rendered":"As\u00ed ser\u00e1 el homenaje mundial a Michael Jackson a 17 a\u00f1os de su muerte este 25 de junio"},"content":{"rendered":"<p class=\"font--secondary\">Un 25 de junio, pero de 2009, el mundo de la m\u00fasica recibi\u00f3 una de las noticias m\u00e1s impactantes de las \u00faltimas d\u00e9cadas. <b>Michael Jackson<\/b>, conocido como el \u2018Rey del Pop\u2019, falleci\u00f3 a los 50 a\u00f1os en Los \u00c1ngeles tras sufrir un paro card\u00edaco provocado por una intoxicaci\u00f3n aguda de propofol y otros sedantes, seg\u00fan determin\u00f3 la investigaci\u00f3n oficial. Su m\u00e9dico personal, <b>Conrad Murray<\/b>, fue posteriormente declarado culpable de homicidio involuntario por suministrarle el anest\u00e9sico fuera de un entorno hospitalario.<\/p>\n<p class=\"font--secondary\">Diecisiete a\u00f1os despu\u00e9s de su muerte, <a href=\"https:\/\/www.elespectador.com\/revista-vea\/musica-y-conciertos\/17-anos-sin-michael-jackson-un-legado-entre-la-vigencia-global-y-los-cambios-del-pop\/\" target=\"_blank\" rel=\"noreferrer nofollow noopener\" title=\"https:\/\/www.elespectador.com\/revista-vea\/musica-y-conciertos\/17-anos-sin-michael-jackson-un-legado-entre-la-vigencia-global-y-los-cambios-del-pop\/\">el legado del artista contin\u00faa movilizando a millones de seguidores alrededor del mundo<\/a>. Cada 25 de junio, fan\u00e1ticos recuerdan su trayectoria con encuentros, publicaciones, reproducciones de su m\u00fasica y diferentes homenajes. Sin embargo, en esta ocasi\u00f3n, una iniciativa impulsada desde comunidades de seguidores en redes sociales busca reunir simb\u00f3licamente a personas de distintos pa\u00edses a trav\u00e9s de una misma canci\u00f3n y en un mismo momento.<\/p>\n<p>As\u00ed conmemorar\u00e1n los fan\u00e1ticos de Michael Jackson el aniversario de su muerte<\/p>\n<p class=\"font--secondary\">La propuesta consiste en que los seguidores reproduzcan de manera simult\u00e1nea la canci\u00f3n &#8216;<b>Heal the World<\/b>\u2019 este jueves 25 de junio a las 2:26 p. m., hora de Los \u00c1ngeles, momento en el que el cantante fue declarado muerto en 2009. Para Colombia, la convocatoria est\u00e1 programada para las 4:26 p. m., con el prop\u00f3sito de que miles de personas se unan al homenaje sin importar el pa\u00eds en el que se encuentren.<\/p>\n<p class=\"font--secondary\">La iniciativa surgi\u00f3 de forma espont\u00e1nea entre comunidades de fans que comenzaron a difundir la invitaci\u00f3n en distintas plataformas digitales. Aunque no se trata de un evento oficial organizado por la familia Jackson o por sus representantes, la convocatoria ha sido compartida por seguidores de diferentes continentes, quienes han invitado a sincronizar la reproducci\u00f3n de la canci\u00f3n como una forma de recordar el mensaje que el artista promovi\u00f3 durante buena parte de su carrera.<\/p>\n<p class=\"font--secondary\">La elecci\u00f3n de \u2018Heal the World\u2019 tampoco es casual. Publicada en 1991 como parte del \u00e1lbum \u2018<b>Dangerous<\/b>\u2019, la canci\u00f3n se convirti\u00f3 en uno de los mayores himnos humanitarios de Michael Jackson. Su letra hace un llamado a construir un mundo mejor, promover la paz y pensar en las futuras generaciones, valores que el cantante tambi\u00e9n busc\u00f3 trasladar a su labor filantr\u00f3pica.<\/p>\n<p class=\"font--secondary\">De hecho, en 1992 cre\u00f3 la <b>Heal the World Foundation<\/b>, una organizaci\u00f3n con la que impuls\u00f3 programas de ayuda dirigidos a ni\u00f1os y comunidades vulnerables en distintos pa\u00edses. Por esa raz\u00f3n, muchos seguidores consideran que esta canci\u00f3n representa mejor que cualquier otra el legado solidario que el artista quiso dejar m\u00e1s all\u00e1 de la m\u00fasica.<\/p>\n<p class=\"font--secondary\">Los organizadores de la convocatoria han se\u00f1alado que cualquier formato es v\u00e1lido para participar. La invitaci\u00f3n es reproducir la canci\u00f3n completa desde plataformas de streaming, el videoclip oficial, discos compactos, vinilos o incluso casetes, siempre procurando que el homenaje ocurra de manera sincronizada con miles de personas alrededor del mundo.<\/p>\n<p><img alt=\"Video Thumbnail\" width=\"100%\" height=\"auto\"\/><\/p>\n<p class=\"font--secondary\"><a href=\"https:\/\/www.elespectador.com\/revista-vea\/\" rel=\"nofollow noopener\" title=\"https:\/\/www.elespectador.com\/revista-vea\/\" target=\"_blank\">Descubre las principales noticias del entretenimiento en Colombia y el mundo dando clic aqu\u00ed<\/a><\/p>\n","protected":false},"excerpt":{"rendered":"Un 25 de junio, pero de 2009, el mundo de la m\u00fasica recibi\u00f3 una de las noticias m\u00e1s&hellip;\n","protected":false},"author":2,"featured_media":626221,"comment_status":"","ping_status":"","sticky":false,"template":"","format":"standard","meta":{"footnotes":""},"categories":[170],"tags":[116399,116400,146,147,25,24,186,116402,116401,116398,184,185,23],"class_list":["post-626220","post","type-post","status-publish","format-standard","has-post-thumbnail","category-musica","tag-a-que-hora-murio-michael-jackson","tag-cuando-murio-michael-jackson","tag-entertainment","tag-entretenimiento","tag-es","tag-espana","tag-michael-jackson","tag-michael-jackson-como-murio","tag-michael-jackson-homenaje","tag-michael-jackson-muerte","tag-music","tag-musica","tag-spain"],"share_on_mastodon":{"url":"https:\/\/pubeurope.com\/@es\/116813142091626424","error":""},"_links":{"self":[{"href":"https:\/\/www.europesays.com\/es\/wp-json\/wp\/v2\/posts\/626220","targetHints":{"allow":["GET"]}}],"collection":[{"href":"https:\/\/www.europesays.com\/es\/wp-json\/wp\/v2\/posts"}],"about":[{"href":"https:\/\/www.europesays.com\/es\/wp-json\/wp\/v2\/types\/post"}],"author":[{"embeddable":true,"href":"https:\/\/www.europesays.com\/es\/wp-json\/wp\/v2\/users\/2"}],"replies":[{"embeddable":true,"href":"https:\/\/www.europesays.com\/es\/wp-json\/wp\/v2\/comments?post=626220"}],"version-history":[{"count":0,"href":"https:\/\/www.europesays.com\/es\/wp-json\/wp\/v2\/posts\/626220\/revisions"}],"wp:featuredmedia":[{"embeddable":true,"href":"https:\/\/www.europesays.com\/es\/wp-json\/wp\/v2\/media\/626221"}],"wp:attachment":[{"href":"https:\/\/www.europesays.com\/es\/wp-json\/wp\/v2\/media?parent=626220"}],"wp:term":[{"taxonomy":"category","embeddable":true,"href":"https:\/\/www.europesays.com\/es\/wp-json\/wp\/v2\/categories?post=626220"},{"taxonomy":"post_tag","embeddable":true,"href":"https:\/\/www.europesays.com\/es\/wp-json\/wp\/v2\/tags?post=626220"}],"curies":[{"name":"wp","href":"https:\/\/api.w.org\/{rel}","templated":true}]}}