{"id":626321,"date":"2026-06-26T00:11:14","date_gmt":"2026-06-26T00:11:14","guid":{"rendered":"https:\/\/www.europesays.com\/es\/626321\/"},"modified":"2026-06-26T00:11:14","modified_gmt":"2026-06-26T00:11:14","slug":"irene-montero-visita-a-alba-carrillo-en-el-sotano-club-y-habla-de-su-dia-a-dia-en-la-eurocamara-el-duopolio-de-la-tv-y-ana-rosa","status":"publish","type":"post","link":"https:\/\/www.europesays.com\/es\/626321\/","title":{"rendered":"Irene Montero visita a Alba Carrillo en &#8216;El S\u00f3tano club&#8217; y habla de su d\u00eda a d\u00eda en la Euroc\u00e1mara, el \u00abduopolio\u00bb de la TV y Ana Rosa"},"content":{"rendered":"<p class=\"article-text\">\n        <strong>El s\u00f3tano club<\/strong><strong> <\/strong>ha recibido la visita de <strong>Irene Montero <\/strong>este jueves, 25 de junio, para abordar distintos temas de conversaci\u00f3n. Con <strong>Alba Carrillo <\/strong>a los mandos, y tras varios d\u00edas <a href=\"https:\/\/www.eldiario.es\/vertele\/audiencias-tv\/el-sotano-club-alba-carrillo-mejora-audiencias-tdt-rocio-carrasco-dazn-rival-tv-pago_1_13328248.html\" target=\"_blank\" data-mrf-recirculation=\"links-noticia\" class=\"link\" rel=\"nofollow noopener\">mejorando en audiencias<\/a>, el programa vespertino de <strong>Ten <\/strong>ha apostado por sentar en plat\u00f3 a un perfil destacado de la pol\u00edtica espa\u00f1ola. La eurodiputada ha hablado de varias cuestiones como su <strong>d\u00eda a d\u00eda<\/strong> en el <strong>Parlamento Europeo<\/strong>, el \u201c<strong>duopolio<\/strong>\u201d de la televisi\u00f3n y tambi\u00e9n sobre <strong>Ana Rosa Quintana<\/strong>.\n    <\/p>\n<p>    <a href=\"https:\/\/www.eldiario.es\/vertele\/noticias\/director-ten-anuncia-renovacion-el-sotano-club-alba-carrillo-hay-seguir-callando-bocas-nueva-temporada_1_13330842.html\" data-mrf-recirculation=\"saber-mas\" data-dl-event=\"saber-mas\" rel=\"nofollow noopener\" target=\"_blank\"><\/p>\n<p class=\"know-more__title\">&#8216;El s\u00f3tano club&#8217; de Alba Carrillo anuncia su renovaci\u00f3n en Ten: \u00abNo est\u00e1 siendo f\u00e1cil, pero hay que seguir callando bocas\u00bb<\/p>\n<p>            <img decoding=\"async\" class=\"lazy\" loading=\"lazy\" data-src=\"https:\/\/static.eldiario.es\/clip\/b5149bb4-af2c-4f53-919f-04e019e1c485_16-9-aspect-ratio_default_0.jpg\" src=\"data:image\/svg+xml,%3Csvg xmlns=\" http:=\"\" viewbox=\"0 0 880 495\" alt=\"'El s\u00f3tano club' de Alba Carrillo anuncia su renovaci\u00f3n en Ten: &quot;No est\u00e1 siendo f\u00e1cil, pero hay que seguir callando bocas&quot;\"\/><\/p>\n<p>                        <\/a><\/p>\n<p class=\"article-text\">\n        Su intervenci\u00f3n se ha centrado en la Euroc\u00e1mara durante los primeros minutos: \u201cDepende mucho de si hay pleno o estamos en Bruselas\u201d. La invitada ha recordado que todos los europarlamentarios viajan \u201cuna vez al mes a Estrasburgo\u201d, ciudad donde se celebra un pleno durante cuatro d\u00edas. Como era de esperar, la presentadora ha elucubrado sobre los compa\u00f1eros de asiento: <strong>\u201c\u00bfPero luego os llev\u00e1is un poco mejor de lo que parece o qu\u00e9?<\/strong>\u201d.\n    <\/p>\n<p class=\"article-text\">\n        La pol\u00edtica ha respondido afirmativamente: \u201cComo en todo, cuando hay una convivencia, puedes terminar hablando y teniendo momentos de complicidad. [\u2026] <strong>Con los del PP pasa mucho<\/strong>\u201d. Despu\u00e9s de indicar que \u201csalseos hay\u201d, Montero ha sorprendido con sus declaraciones: \u201c<strong>La gente se l\u00eda con la gente<\/strong>. A veces te enteras, a veces no. Otras lo comentas&#8230; Siempre con respeto y con cari\u00f1o\u201d. En este sentido, se ha puesto el foco en el factor tiempo: \u201cSe pasa mogoll\u00f3n de horas all\u00ed, al final es normal\u201d.\n    <\/p>\n<p class=\"article-text\">\n        \u201cAhora hay un poquito de mala racha para nosotras\u201d, ha continuado explicando, se\u00f1alando a los eurodiputados de formaciones de extrema derecha: \u201c<strong>Eso est\u00e1 lleno de nazis<\/strong>\u201d. Como recoge <a href=\"https:\/\/www.eldiario.es\/internacional\/extrema-derecha-dispara-elecciones-europeas-sondeos_1_11434839.html\" target=\"_blank\" data-mrf-recirculation=\"links-noticia\" class=\"link\" rel=\"nofollow noopener\">elDiario.es<\/a>, el Parlamento Europeo se derechiz\u00f3 en junio de 2024 con el ascenso de fuerzas ultras. El tono distendido ha sido clave para escuchar confesiones de lo m\u00e1s sorprendentes sobre el <strong>pasado <\/strong>relacionadas con su vida \u00edntima: \u201c<strong>Yo he tenido alguna caidita<\/strong> con gente de derechas, pero no con pol\u00edticos del PP\u201d.\n    <\/p>\n<blockquote class=\"twitter-tweet\" data-lang=\"es\"><p><a href=\"https:\/\/twitter.com\/X\/status\/2070181481406701585?ref_src=twsrc%5Etfw\" rel=\"nofollow noopener\" target=\"_blank\"><\/p><\/blockquote>\n<p class=\"article-text\">\n        La invitada ha tirado entonces de recuerdos y vivencias personales: \u201cT\u00fa a veces ves que est\u00e1s cayendo por el precipicio\u2026 La cosa de la salvadora que nos dicen: &#8216;T\u00fa lo vas a cambiar, lo vas a hacer diferente&#8217;. Nunca pasa. Una mierda porque sigue <strong>siendo el mismo idiota que cuando lo conociste<\/strong>\u201d.\n    <\/p>\n<p class=\"article-text\">\n        Tras esta an\u00e9cdota, la entrevista ha continuado abordando otros asuntos, incluso con cr\u00edticas a <strong>Ana Rosa<\/strong> <strong>Quintana<\/strong> relacionadas con sus inmuebles o las producciones de <strong>Unicorn Content<\/strong> para la cadena p\u00fablica madrile\u00f1a: \u201cA m\u00ed me gustar\u00eda que presentadores y presentadoras como Ana Rosa hicieran declaraciones de bienes como nosotros [&#8230;]. Ella tiene bastantes millones para su productora que vienen de Telemadrid\u201d.\n    <\/p>\n<p>    Irene Montero habla de \u201cduopolio\u201d en la televisi\u00f3n<\/p>\n<p class=\"article-text\">\n        Por otro lado, el panorama medi\u00e1tico espa\u00f1ol tambi\u00e9n ha sido objeto de conversaci\u00f3n en El s\u00f3tano club. Irene Montero ha puesto el foco en la regulaci\u00f3n: \u201c\u00bfPor qu\u00e9 no hemos hecho una<strong> ley de medios<\/strong> para garantizar que haya <strong>m\u00e1s variedad y m\u00e1s diversidad<\/strong>?\u201d. Alba Carrillo se ha hecho con el turno de palabra en ese preciso instante para poner en valor a Ten: \u201cSolo hay uno, que somos nosotros\u201d.\n    <\/p>\n<p>    <a href=\"https:\/\/www.eldiario.es\/vertele\/noticias\/presidente-rtve-pide-perdon-madre-futbolista-fabian-ruiz-subtitular-acento-andaluz-duele_1_13333523.html\" data-mrf-recirculation=\"saber-mas-abajo\" data-dl-event=\"saber-mas-abajo\" rel=\"nofollow noopener\" target=\"_blank\"><\/p>\n<p class=\"know-more__title\">El presidente de RTVE pide perd\u00f3n a la madre del futbolista Fabi\u00e1n Ruiz por subtitular su acento andaluz: \u201cMe duele\u201d<\/p>\n<p>            <img decoding=\"async\" class=\"lazy\" loading=\"lazy\" data-src=\"https:\/\/static.eldiario.es\/clip\/d6d7404d-ddd1-4922-95d8-404a24e0002d_16-9-aspect-ratio_default_0.jpg\" src=\"data:image\/svg+xml,%3Csvg xmlns=\" http:=\"\" viewbox=\"0 0 880 495\" alt=\"El presidente de RTVE pide perd\u00f3n a la madre del futbolista Fabi\u00e1n Ruiz por subtitular su acento andaluz: &quot;Me duele&quot;\"\/><\/p>\n<p>                        <\/a><\/p>\n<p class=\"article-text\">\n        La eurodiputada ha se\u00f1alado entonces a <strong>Atresmedia <\/strong>y <strong>Mediaset Espa\u00f1a<\/strong>: \u201cHay dos grandes grupos medi\u00e1ticos que controlan todo lo que vemos, o\u00edmos y leemos. Luego nos dir\u00e1n que libertad de expresi\u00f3n. Yo no veo ninguna libertad de expresi\u00f3n. <strong>Aqu\u00ed hay un duopolio<\/strong>\u201d. Minutos despu\u00e9s, la entrevista ha llegado a su fin coincidiendo con la despedida del programa: \u201c\u00a1Bola\u00f1os, te invitamos a Ten!\u201d. Puedes ver la entrevista completa, a continuaci\u00f3n:\n    <\/p>\n<p>                                        <script async src=\"https:\/\/platform.twitter.com\/widgets.js\" charset=\"utf-8\"><\/script><\/p>\n","protected":false},"excerpt":{"rendered":"El s\u00f3tano club ha recibido la visita de Irene Montero este jueves, 25 de junio, para abordar distintos&hellip;\n","protected":false},"author":2,"featured_media":626322,"comment_status":"","ping_status":"","sticky":false,"template":"","format":"standard","meta":{"footnotes":""},"categories":[171],"tags":[9623,683,24039,53118,116302,146,147,25,24,37481,4596,8363,2466,2465,23,214,938],"class_list":["post-626321","post","type-post","status-publish","format-standard","has-post-thumbnail","category-tv","tag-alba","tag-ana","tag-carrillo","tag-duopolio","tag-el-sotano-club","tag-entertainment","tag-entretenimiento","tag-es","tag-espana","tag-eurocamara","tag-habla","tag-irene","tag-montero","tag-rosa","tag-spain","tag-tv","tag-visita"],"share_on_mastodon":{"url":"https:\/\/pubeurope.com\/@es\/116813515052980492","error":""},"_links":{"self":[{"href":"https:\/\/www.europesays.com\/es\/wp-json\/wp\/v2\/posts\/626321","targetHints":{"allow":["GET"]}}],"collection":[{"href":"https:\/\/www.europesays.com\/es\/wp-json\/wp\/v2\/posts"}],"about":[{"href":"https:\/\/www.europesays.com\/es\/wp-json\/wp\/v2\/types\/post"}],"author":[{"embeddable":true,"href":"https:\/\/www.europesays.com\/es\/wp-json\/wp\/v2\/users\/2"}],"replies":[{"embeddable":true,"href":"https:\/\/www.europesays.com\/es\/wp-json\/wp\/v2\/comments?post=626321"}],"version-history":[{"count":0,"href":"https:\/\/www.europesays.com\/es\/wp-json\/wp\/v2\/posts\/626321\/revisions"}],"wp:featuredmedia":[{"embeddable":true,"href":"https:\/\/www.europesays.com\/es\/wp-json\/wp\/v2\/media\/626322"}],"wp:attachment":[{"href":"https:\/\/www.europesays.com\/es\/wp-json\/wp\/v2\/media?parent=626321"}],"wp:term":[{"taxonomy":"category","embeddable":true,"href":"https:\/\/www.europesays.com\/es\/wp-json\/wp\/v2\/categories?post=626321"},{"taxonomy":"post_tag","embeddable":true,"href":"https:\/\/www.europesays.com\/es\/wp-json\/wp\/v2\/tags?post=626321"}],"curies":[{"name":"wp","href":"https:\/\/api.w.org\/{rel}","templated":true}]}}