{"id":62639,"date":"2025-08-21T14:31:17","date_gmt":"2025-08-21T14:31:17","guid":{"rendered":"https:\/\/www.europesays.com\/es\/62639\/"},"modified":"2025-08-21T14:31:17","modified_gmt":"2025-08-21T14:31:17","slug":"madrid-directo-20-08-2025","status":"publish","type":"post","link":"https:\/\/www.europesays.com\/es\/62639\/","title":{"rendered":"Madrid Directo 20.08.2025"},"content":{"rendered":"<p class=\"mce\">En el programa de hoy de <a data-content-id=\"\" href=\"https:\/\/www.telemadrid.es\/programas\/madrid-directo\/\" text=\"Madrid Directo\" title=\"\" target=\"_blank\" rel=\"noopener nofollow\" class=\"mceNonEditable mce\">Madrid Directo<\/a>, nos desplazamos a <strong class=\"mce\">Collado Mediano<\/strong>, que celebra sus <strong class=\"mce\">fiestas de verano en honor al Sant\u00edsimo Cristo de la Caridad<\/strong> arrancan con un variado programa de actividades hasta el 25 de agosto, incluyendo conciertos, degustaciones y tradiciones locales.<\/p>\n<p>                <a href=\"https:\/\/www.telemadrid.es\/programas\/madrid-directo\/Arrancan-las-fiestas-de-verano-de-Collado-Mediano-en-honor-al-Santisimo-Cristo-de-la-Caridad-2-2808639144--20250820084355.html\" class=\"lnk\" target=\"_blank\" rel=\"nofollow noopener\">Arrancan las fiestas de verano de Collado Mediano en honor al Sant\u00edsimo Cristo de la Caridad<\/a><\/p>\n<p class=\"mce\">En el <strong class=\"mce\">Mercado Guillermo de Osma<\/strong> de Madrid, entre puestos de frutas y pescados frescos, se esconde <strong class=\"mce\">La Pasteria 55<\/strong>, un peque\u00f1o local que ha convertido un antiguo puesto abandonado en un trocito de Italia. Detr\u00e1s de este proyecto est\u00e1n <strong class=\"mce\">Carlo y Giorgia<\/strong>, un matrimonio romano que lleg\u00f3 a Madrid en 2018 con un sue\u00f1o: compartir la aut\u00e9ntica <strong class=\"mce\">pasta fresca italiana<\/strong>.<\/p>\n<p>                <a href=\"https:\/\/www.telemadrid.es\/programas\/madrid-directo\/La-Pasteria-55-el-pequeno-tesoro-italiano-que-conquista-Arganzuela-con-pasta-fresca-2-2808639145--20250820084549.html\" class=\"lnk\" target=\"_blank\" rel=\"nofollow noopener\">La Pasteria 55: el peque\u00f1o tesoro italiano que conquista Arganzuela con pasta fresca<\/a><\/p>\n<p class=\"mce\"><strong class=\"mce\">RACE<\/strong> ofrece <a data-content-id=\"\" href=\"https:\/\/www.telemadrid.es\/programas\/madrid-directo\/Los-mejores-consejos-para-evitar-accidentes-en-carretera-2-2808639143--20250820083858.html\" text=\"consejos para evitar accidentes \" title=\"\" target=\"_blank\" rel=\"noopener nofollow\" class=\"mceNonEditable mce\">consejos para evitar accidentes <\/a>en las carreteras este verano, destacando la importancia de usar correctamente el cintur\u00f3n de seguridad y no dejar objetos sueltos en el veh\u00edculo. Con un <strong class=\"mce\">simulador de vuelco<\/strong>, se busca concienciar sobre la seguridad vial y prevenir sustos en los viajes.<\/p>\n","protected":false},"excerpt":{"rendered":"En el programa de hoy de Madrid Directo, nos desplazamos a Collado Mediano, que celebra sus fiestas de&hellip;\n","protected":false},"author":2,"featured_media":62640,"comment_status":"","ping_status":"","sticky":false,"template":"","format":"standard","meta":{"footnotes":""},"categories":[171],"tags":[517,209,168,95,2666,146,147,25,24,2661,2660,2665,2659,2667,2663,2662,2664,492,23,214,21],"class_list":{"0":"post-62639","1":"post","2":"type-post","3":"status-publish","4":"format-standard","5":"has-post-thumbnail","7":"category-tv","8":"tag-actualidad","9":"tag-cultura","10":"tag-deportes","11":"tag-economia","12":"tag-emision-en-directo","13":"tag-entertainment","14":"tag-entretenimiento","15":"tag-es","16":"tag-espana","17":"tag-internacionales","18":"tag-nacionales","19":"tag-noticias-de-hoy","20":"tag-noticias-de-madrid","21":"tag-podcast","22":"tag-programas-de-telemadrid","23":"tag-programas-de-television","24":"tag-programas-onda-madrid","25":"tag-sociedad","26":"tag-spain","27":"tag-tv","28":"tag-ultimas-noticias"},"share_on_mastodon":{"url":"","error":""},"_links":{"self":[{"href":"https:\/\/www.europesays.com\/es\/wp-json\/wp\/v2\/posts\/62639","targetHints":{"allow":["GET"]}}],"collection":[{"href":"https:\/\/www.europesays.com\/es\/wp-json\/wp\/v2\/posts"}],"about":[{"href":"https:\/\/www.europesays.com\/es\/wp-json\/wp\/v2\/types\/post"}],"author":[{"embeddable":true,"href":"https:\/\/www.europesays.com\/es\/wp-json\/wp\/v2\/users\/2"}],"replies":[{"embeddable":true,"href":"https:\/\/www.europesays.com\/es\/wp-json\/wp\/v2\/comments?post=62639"}],"version-history":[{"count":0,"href":"https:\/\/www.europesays.com\/es\/wp-json\/wp\/v2\/posts\/62639\/revisions"}],"wp:featuredmedia":[{"embeddable":true,"href":"https:\/\/www.europesays.com\/es\/wp-json\/wp\/v2\/media\/62640"}],"wp:attachment":[{"href":"https:\/\/www.europesays.com\/es\/wp-json\/wp\/v2\/media?parent=62639"}],"wp:term":[{"taxonomy":"category","embeddable":true,"href":"https:\/\/www.europesays.com\/es\/wp-json\/wp\/v2\/categories?post=62639"},{"taxonomy":"post_tag","embeddable":true,"href":"https:\/\/www.europesays.com\/es\/wp-json\/wp\/v2\/tags?post=62639"}],"curies":[{"name":"wp","href":"https:\/\/api.w.org\/{rel}","templated":true}]}}