{"id":62656,"date":"2025-08-21T14:42:14","date_gmt":"2025-08-21T14:42:14","guid":{"rendered":"https:\/\/www.europesays.com\/es\/62656\/"},"modified":"2025-08-21T14:42:14","modified_gmt":"2025-08-21T14:42:14","slug":"primer-asalto-en-la-supercopa-de-cataluna","status":"publish","type":"post","link":"https:\/\/www.europesays.com\/es\/62656\/","title":{"rendered":"primer asalto en la Supercopa de Catalu\u00f1a"},"content":{"rendered":"<p>El Bar\u00e7a comienza la defensa de la Supercopa de Catalunya ITEGRA este viernes (20h, La Xarxa), en Sabadell. Los azulgranas visitan al OAR Gr\u00e0cia, de Primera Nacional, en las semifinales de la m\u00e1xima competici\u00f3n catalana. Ser\u00e1 la vuelta a casa de Aleix G\u00f3mez, surgido del club &#8216;gracienc&#8217;, y el primer test en Catalunya para el nuevo Bar\u00e7a.<\/p>\n<p>El equipo llega a la cita reforzado tras la victoria en la Premium Cup amistosa, deshaci\u00e9ndose del Nordhorn-Lingen y del campe\u00f3n de la Bundesliga, el F\u00fcchse Berl\u00edn, en la tanda de penaltis.<\/p>\n<p>El turno de los j\u00f3venes<\/p>\n<p>Las sensaciones del equipo van en ascenso a la espera del otro sabadellense del equipo, Dani Fern\u00e1ndez, a\u00fan fuera de la cita del viernes por su lesi\u00f3n en el s\u00f3leo de la pierna izquierda.<\/p>\n<p>El entrenador del Bar\u00e7a, Carlos Ortega, ha conformado una convocatoria con mucho protagonismo para los jugadores j\u00f3venes. As\u00ed, descansar\u00e1n hombres importantes del primer equipo como Emil Nielsen, Lu\u00eds Frade y Blaz Janc. S\u00ed estar\u00e1n en la lista Manuel Ortega, Filip Saric y Adri\u00e1n Sola.<\/p>\n<p>La otra semifinal de la Supercopa de Catalunya enfrentar\u00e1, tambi\u00e9n este viernes, al Handbol Bordils y al Fraikin Granollers. Los ganadores de las dos eliminatorias se citar\u00e1n el martes 26 de agosto (21h) en el pabell\u00f3n Les Moreres de Esplugues de Llobregat.<\/p>\n","protected":false},"excerpt":{"rendered":"El Bar\u00e7a comienza la defensa de la Supercopa de Catalunya ITEGRA este viernes (20h, La Xarxa), en Sabadell.&hellip;\n","protected":false},"author":2,"featured_media":62657,"comment_status":"","ping_status":"","sticky":false,"template":"","format":"standard","meta":{"footnotes":""},"categories":[278],"tags":[376,168,25,24,375,23,167,2288],"class_list":{"0":"post-62656","1":"post","2":"type-post","3":"status-publish","4":"format-standard","5":"has-post-thumbnail","7":"category-balonmano","8":"tag-balonmano","9":"tag-deportes","10":"tag-es","11":"tag-espana","12":"tag-handball","13":"tag-spain","14":"tag-sports","15":"tag-text"},"share_on_mastodon":{"url":"","error":""},"_links":{"self":[{"href":"https:\/\/www.europesays.com\/es\/wp-json\/wp\/v2\/posts\/62656","targetHints":{"allow":["GET"]}}],"collection":[{"href":"https:\/\/www.europesays.com\/es\/wp-json\/wp\/v2\/posts"}],"about":[{"href":"https:\/\/www.europesays.com\/es\/wp-json\/wp\/v2\/types\/post"}],"author":[{"embeddable":true,"href":"https:\/\/www.europesays.com\/es\/wp-json\/wp\/v2\/users\/2"}],"replies":[{"embeddable":true,"href":"https:\/\/www.europesays.com\/es\/wp-json\/wp\/v2\/comments?post=62656"}],"version-history":[{"count":0,"href":"https:\/\/www.europesays.com\/es\/wp-json\/wp\/v2\/posts\/62656\/revisions"}],"wp:featuredmedia":[{"embeddable":true,"href":"https:\/\/www.europesays.com\/es\/wp-json\/wp\/v2\/media\/62657"}],"wp:attachment":[{"href":"https:\/\/www.europesays.com\/es\/wp-json\/wp\/v2\/media?parent=62656"}],"wp:term":[{"taxonomy":"category","embeddable":true,"href":"https:\/\/www.europesays.com\/es\/wp-json\/wp\/v2\/categories?post=62656"},{"taxonomy":"post_tag","embeddable":true,"href":"https:\/\/www.europesays.com\/es\/wp-json\/wp\/v2\/tags?post=62656"}],"curies":[{"name":"wp","href":"https:\/\/api.w.org\/{rel}","templated":true}]}}