{"id":627060,"date":"2026-06-26T11:10:12","date_gmt":"2026-06-26T11:10:12","guid":{"rendered":"https:\/\/www.europesays.com\/es\/627060\/"},"modified":"2026-06-26T11:10:12","modified_gmt":"2026-06-26T11:10:12","slug":"el-hormiguero-anuncia-sus-ultimos-4-invitados-de-la-temporada-entre-ellos-un-clasico-de-la-revuelta","status":"publish","type":"post","link":"https:\/\/www.europesays.com\/es\/627060\/","title":{"rendered":"&#8216;El Hormiguero&#8217; anuncia sus \u00faltimos 4 invitados de la temporada, entre ellos un cl\u00e1sico de &#8216;La Revuelta&#8217;"},"content":{"rendered":"<p class=\"article-text\">\n        <strong>El Hormiguero<\/strong> puesto nombre y apellidos a sus \u00faltimos invitados de la temporada en <strong>Antena 3<\/strong>. El programa de <strong>Pablo Motos<\/strong> se despedir\u00e1 hasta el pr\u00f3ximo curso con una semana m\u00e1s corta de lo habitual, ya que \u00e9sta no tendr\u00e1 cuatro entregas, sino tres, pues el presentador y su equipo cerrar\u00e1n el curso el <strong>mi\u00e9rcoles 30 de junio<\/strong>. Es decir, que el 1 de julio no habr\u00e1 un programa de estreno, sino una reposici\u00f3n.\n    <\/p>\n<p>    <a href=\"https:\/\/www.eldiario.es\/vertele\/noticias\/toni-moreno-desvela-el-hormiguero-apuesta-paz-padilla-tendra-cumplir-culpa-programa_1_13335312.html\" data-mrf-recirculation=\"saber-mas\" data-dl-event=\"saber-mas\" rel=\"nofollow noopener\" target=\"_blank\"><\/p>\n<p class=\"know-more__title\">To\u00f1i Moreno desvela en &#8216;El Hormiguero&#8217; su apuesta con Paz Padilla, que tendr\u00e1 que cumplir por &#8216;culpa&#8217; del programa<\/p>\n<p>            <img decoding=\"async\" class=\"lazy\" loading=\"lazy\" data-src=\"https:\/\/static.eldiario.es\/clip\/2653dc56-5495-4e35-9312-34823069265d_16-9-aspect-ratio_default_0.jpg\" src=\"data:image\/svg+xml,%3Csvg xmlns=\" http:=\"\" viewbox=\"0 0 880 495\" alt=\"To\u00f1i Moreno desvela en 'El Hormiguero' su apuesta con Paz Padilla, que tendr\u00e1 que cumplir por 'culpa' del programa\"\/><\/p>\n<p>                        <\/a><\/p>\n<p class=\"article-text\">\n        Aun as\u00ed, el n\u00famero de invitados que ir\u00e1 a divertirse con <strong>Trancas y Barrancas <\/strong>ser\u00e1 el de casi siempre, cuatro, pues en uno de los tres d\u00edas de emisi\u00f3n habr\u00e1 dos celebridades en vez de una. Dentro de este cuarteto de caras conocidas destaca dos nombre. El primero, el de <strong>Esperansa Grasia<\/strong>, actual colaboradora del programa, que se pasar\u00e1 &#8216;al otro lado&#8217; por un d\u00eda para ser entrevistada por Motos. Y el segundo, el de <strong>Antonio Resines<\/strong>, que pese a haber ido en numerosas ocasiones a El Hormiguero, no deja de ser llamativo que visite su plat\u00f3 dadas sus colaboraciones con La Revuelta.\n    <\/p>\n<p class=\"article-text\">\n        Por lo dem\u00e1s, otros dos &#8216;viejos conocidos&#8217; del programa como J<strong>os\u00e9 Andr\u00e9s<\/strong> y <strong>Quim Guti\u00e9rrez<\/strong> completan la lista de invitados de la \u00faltima semana de la temporada de El Hormiguero. La visita de todos ellos se distribuir\u00e1 de la siguiente manera:\n    <\/p>\n<p class=\"article-text\">\n        <strong>Lunes &#8211; Esperansa Grasia: <\/strong>la creadora de contenido Gemma Palacio, conocida popularmente en las redes sociales como Esperansa Grasia, hablar\u00e1 de sobre su \u00e9xito masivo en plataformas como TikTok e Instagram, donde sus divertid\u00edsimos v\u00eddeos y parodias sobre las diferencias culturales entre las familias espa\u00f1olas y las estadounidenses han conquistado a millones de seguidores.\n    <\/p>\n<p class=\"article-text\">\n        <strong>Martes &#8211; Jos\u00e9 Andr\u00e9s: <\/strong>el plat\u00f3 de El Hormiguero recibir\u00e1 a uno de los chefs espa\u00f1oles m\u00e1s internacionales y solidarios. El cocinero asturiano comentar\u00e1 sus \u00faltimos proyectos gastron\u00f3micos y la incansable labor humanitaria que realiza alrededor del mundo a trav\u00e9s de su ONG, World Central Kitchen. Como siempre, tambi\u00e9n contar\u00e1 algunas de sus mejores an\u00e9cdotas.\n    <\/p>\n<p>    <a href=\"https:\/\/www.eldiario.es\/vertele\/series\/11-mejores-series-estrenos-semana-casa-dragon-final-the-bear-larry-david-obama_1_13301241.html\" data-mrf-recirculation=\"saber-mas-abajo\" data-dl-event=\"saber-mas-abajo\" rel=\"nofollow noopener\" target=\"_blank\"><\/p>\n<p class=\"know-more__title\">Las 11 series de la semana son puro fuego con &#8216;La casa del drag\u00f3n&#8217;, el final de &#8216;The Bear&#8217; y Larry David junto a Obama\n<\/p>\n<p>            <img decoding=\"async\" class=\"lazy\" loading=\"lazy\" data-src=\"https:\/\/static.eldiario.es\/clip\/4959164a-fae7-4eab-9e80-9d356d15bfb8_16-9-aspect-ratio_default_0.jpg\" src=\"data:image\/svg+xml,%3Csvg xmlns=\" http:=\"\" viewbox=\"0 0 880 495\" alt=\"Las 11 series de la semana son puro fuego con 'La casa del drag\u00f3n', el final de 'The Bear' y Larry David junto a Obama\"\/><\/p>\n<p>                        <\/a><\/p>\n<p class=\"article-text\">\n        <strong>Mi\u00e9rcoles &#8211; Antonio Resines y Quim Guti\u00e9rrez: <\/strong>El Hormiguero cerrar\u00e1 la temporada con la visita de<strong> <\/strong>ambos int\u00e9rpretes, que presentar\u00e1n su \u00faltimo proyecto en com\u00fan, la pel\u00edcula Haciendo amigos, cuya estreno en cines est\u00e1 previsto para el 10 de julio.\n    <\/p>\n<blockquote class=\"twitter-tweet\" data-lang=\"es\"><p><a href=\"https:\/\/twitter.com\/X\/status\/2070237227926368443?ref_src=twsrc%5Etfw\" rel=\"nofollow noopener\" target=\"_blank\"><\/p><\/blockquote>\n<p>                                        <script async src=\"https:\/\/platform.twitter.com\/widgets.js\" charset=\"utf-8\"><\/script><\/p>\n","protected":false},"excerpt":{"rendered":"El Hormiguero puesto nombre y apellidos a sus \u00faltimos invitados de la temporada en Antena 3. El programa&hellip;\n","protected":false},"author":2,"featured_media":627061,"comment_status":"","ping_status":"","sticky":false,"template":"","format":"standard","meta":{"footnotes":""},"categories":[171],"tags":[2627,4187,5145,5813,146,147,25,24,3551,29956,23,1152,214,4421],"class_list":["post-627060","post","type-post","status-publish","format-standard","has-post-thumbnail","category-tv","tag-2627","tag-anuncia","tag-clasico","tag-el-hormiguero","tag-entertainment","tag-entretenimiento","tag-es","tag-espana","tag-invitados","tag-la-revuelta","tag-spain","tag-temporada","tag-tv","tag-ultimos"],"share_on_mastodon":{"url":"","error":""},"_links":{"self":[{"href":"https:\/\/www.europesays.com\/es\/wp-json\/wp\/v2\/posts\/627060","targetHints":{"allow":["GET"]}}],"collection":[{"href":"https:\/\/www.europesays.com\/es\/wp-json\/wp\/v2\/posts"}],"about":[{"href":"https:\/\/www.europesays.com\/es\/wp-json\/wp\/v2\/types\/post"}],"author":[{"embeddable":true,"href":"https:\/\/www.europesays.com\/es\/wp-json\/wp\/v2\/users\/2"}],"replies":[{"embeddable":true,"href":"https:\/\/www.europesays.com\/es\/wp-json\/wp\/v2\/comments?post=627060"}],"version-history":[{"count":0,"href":"https:\/\/www.europesays.com\/es\/wp-json\/wp\/v2\/posts\/627060\/revisions"}],"wp:featuredmedia":[{"embeddable":true,"href":"https:\/\/www.europesays.com\/es\/wp-json\/wp\/v2\/media\/627061"}],"wp:attachment":[{"href":"https:\/\/www.europesays.com\/es\/wp-json\/wp\/v2\/media?parent=627060"}],"wp:term":[{"taxonomy":"category","embeddable":true,"href":"https:\/\/www.europesays.com\/es\/wp-json\/wp\/v2\/categories?post=627060"},{"taxonomy":"post_tag","embeddable":true,"href":"https:\/\/www.europesays.com\/es\/wp-json\/wp\/v2\/tags?post=627060"}],"curies":[{"name":"wp","href":"https:\/\/api.w.org\/{rel}","templated":true}]}}