{"id":627090,"date":"2026-06-26T11:33:15","date_gmt":"2026-06-26T11:33:15","guid":{"rendered":"https:\/\/www.europesays.com\/es\/627090\/"},"modified":"2026-06-26T11:33:15","modified_gmt":"2026-06-26T11:33:15","slug":"paz-padilla-no-entiendo-por-que-se-me-pregunta-tanto-por-mi-etapa-en-salvame-solo-quiero-que-les-vaya-bien-y-sean-felices","status":"publish","type":"post","link":"https:\/\/www.europesays.com\/es\/627090\/","title":{"rendered":"Paz Padilla: \u00abNo entiendo por qu\u00e9 se me pregunta tanto por mi etapa en &#8216;S\u00e1lvame&#8217;, solo quiero que les vaya bien y sean felices\u00bb"},"content":{"rendered":"<p class=\"ft-text\">Paz Padilla\u00a0vuelve a ponerse al frente de un programa en Telecinco con &#8216;El show de Paz&#8217;, un nuevo formato de tarde que apuesta por el humor, las historias humanas y los h\u00e9roes an\u00f3nimos. En una entrevista con YOTELE, la presentadora explica c\u00f3mo afronta este regreso a la cadena, defiende la necesidad de recuperar la alegr\u00eda en televisi\u00f3n, desvela c\u00f3mo ha participado en la creaci\u00f3n del espacio y habla tambi\u00e9n de su continuidad en &#8216;La que se avecina&#8217;, de su momento vital y de los proyectos que prepara como actriz.<\/p>\n<p class=\"ft-text\"><strong>YOTELE:<\/strong>\u00a0Regresas a Telecinco con un programa que lleva tu propio nombre. \u00bfQu\u00e9 vamos a encontrar en &#8216;El show de Paz&#8217;?<\/p>\n<p class=\"ft-text\"><strong>PAZ PADILLA:<\/strong>\u00a0Me impresiona un poco que tenga mi nombre, aunque al llamarse Paz tambi\u00e9n pienso que es una palabra tan necesaria y tan bonita que tampoco la identifico solo conmigo. Siempre digo que no es un programa para m\u00ed, sino para todo el mundo: para los colaboradores y para la gente que lo vea. \u00bfQu\u00e9 va a haber? Pues mucho amor y mucho humor. Utilizo el humor, que es el don que Dios me ha dado para hacer que la gente se r\u00eda, y el amor porque va a haber mucha ayuda, colaboraci\u00f3n, b\u00fasqueda de h\u00e9roes an\u00f3nimos\u2026 Muchas cosas bonitas. Es un programa para que la gente sea feliz.<\/p>\n<p class=\"ft-text\"><strong>YOTELE:<\/strong>\u00a0\u00bfTambi\u00e9n busca recuperar algunos valores que quiz\u00e1 se han perdido en televisi\u00f3n?<\/p>\n<p class=\"ft-text\"><strong>PAZ PADILLA:<\/strong>\u00a0Yo creo que s\u00ed. El humor es una herramienta muy potente porque lo relaciono con la alegr\u00eda, y la alegr\u00eda tambi\u00e9n la relaciono con lo contrario del miedo. Cuando uno lo pasa mal necesita re\u00edrse, necesita olvidarse un rato de sus problemas. Muchas veces dices: \u00abQu\u00e9 falta me hac\u00eda re\u00edrme\u00bb. Creo que por eso el humor vuelve a tener importancia. Es una emoci\u00f3n tan necesaria como la tristeza o la rabia. Lo que pasa es que ahora parece que solo est\u00e1 bien visto enfadarse, criticar o decir lo que no te gusta. Est\u00e1 muy poco valorado decir \u00abte quiero\u00bb, dar las gracias, reconocer la ayuda o hablar de felicidad. Y eso va a estar en &#8216;El show de Paz&#8217;.<\/p>\n<p class=\"ft-text\"><strong>YOTELE:<\/strong>\u00a0El programa mezcla humor, emoci\u00f3n, entrevistas\u2026 \u00bfC\u00f3mo consigues combinar todos esos elementos?<\/p>\n<p class=\"ft-text\"><strong>PAZ PADILLA:<\/strong>\u00a0Si has visto &#8216;El humor de mi vida&#8217;, mi obra de teatro, es exactamente eso. Trato todas las emociones porque todas forman parte del ser humano. Mi director siempre dec\u00eda que tengo un don para pasar muy r\u00e1pido de una emoci\u00f3n a otra. Al final todo consiste en empatizar, en entender el dolor de la otra persona. Cuando eres capaz de hacerlo, es muy f\u00e1cil. Solo hay que poner el coraz\u00f3n por delante.<\/p>\n<p class=\"ft-text\"><strong>YOTELE:<\/strong>\u00a0Escuch\u00e1ndote da la sensaci\u00f3n de que esa filosof\u00eda tambi\u00e9n est\u00e1 muy presente en tu vida.<\/p>\n<p class=\"ft-text\"><strong>PAZ PADILLA:<\/strong>\u00a0Qu\u00e9 bonito, gracias. Creo que es muy necesaria. En las redes sociales solo hay rabia, cr\u00edtica, haters y envidia. Pero alguien tiene que decirte que vales, que eres guapo, que te mereces las cosas.<\/p>\n<p class=\"ft-text\"><strong>YOTELE:<\/strong>\u00a0\u00bfTe afectan mucho las redes sociales?<\/p>\n<p class=\"ft-text\"><strong>PAZ PADILLA:<\/strong>\u00a0No. Y te voy a explicar por qu\u00e9. Si lo haces bien te van a decir que est\u00e1 mal. Si lo haces mal tambi\u00e9n te lo van a decir. As\u00ed que hagas lo que hagas siempre habr\u00e1 alguien criticando. Dicen que el filo del cuchillo de tu enemigo lo afilas t\u00fa. A m\u00ed lo que no me identifica no me afecta. Si alguien me dijera algo con lo que yo realmente me identificara, entonces s\u00ed me doler\u00eda. Pero que me digan que soy mala presentadora&#8230; Bueno, puede ser verdad o puede ser simplemente una opini\u00f3n. Y una opini\u00f3n nunca es una verdad.<\/p>\n<p class=\"ft-text\"><strong>YOTELE:<\/strong>\u00a0\u00bfHasta qu\u00e9 punto has participado en la creaci\u00f3n del programa?<\/p>\n<p class=\"ft-text\"><strong>PAZ PADILLA:<\/strong>\u00a0Much\u00edsimo. Todo lo hablan conmigo y yo aporto muchas ideas. Sergio, que es el productor, y Ra\u00fal, el director, dicen que ahora tengo una visi\u00f3n muy de la calle porque estoy mucho con la gente. La gente me cuenta su vida, estoy muy pendiente de lo que ocurre y muchas veces les digo por aqu\u00ed s\u00ed, por aqu\u00ed no. Pero, sobre todo, lo que quiero es verdad. Quiero que el programa sea verdad, que no haya nada impostado ni creado. El otro d\u00eda lo dijo Rossy de Palma y me encant\u00f3: \u00abLos actores hacemos mentira para contar una verdad\u00bb. Pues yo no quiero decir mentiras para contar otra mentira. Yo quiero hacer verdad.<\/p>\n<p class=\"ft-text\"><strong>YOTELE:<\/strong>\u00a0Se habl\u00f3 mucho del programa incluso antes de anunciarse. Se coment\u00f3 que hab\u00edas vetado los contenidos del coraz\u00f3n.<\/p>\n<p class=\"ft-text\"><strong>PAZ PADILLA:<\/strong>\u00a0Es que ese nunca ha sido el programa. No es que yo no quiera hacer coraz\u00f3n, es que el formato es otra cosa desde el principio. Adem\u00e1s, ya hay muchos programas de coraz\u00f3n. Este ofrece otro tipo de contenidos. Ni es mejor ni peor. Cada uno hace su trabajo. Lo que pasa es que aqu\u00ed se ha querido apostar por otra cosa y me parece muy acertado. Luego ya veremos si funciona o no, pero eso ya no depende de m\u00ed.<\/p>\n<p class=\"ft-text\"><strong>YOTELE:<\/strong>\u00a0\u00bfQui\u00e9nes te van a acompa\u00f1ar en esta aventura?<\/p>\n<p class=\"ft-text\"><strong>PAZ PADILLA:<\/strong>\u00a0Estar\u00e1n Jenny Llada, Fabiola Mart\u00ednez, mi hermana Lola y Jimmy Castro. Formamos un equipo muy bonito.<\/p>\n<p class=\"ft-text\"><strong>YOTELE:<\/strong>\u00a0\u00bfC\u00f3mo surge incorporar a tu hermana Lola? \u00bfFue cosa suya?<\/p>\n<p class=\"ft-text\"><strong>PAZ PADILLA:<\/strong>\u00a0No, no fue una petici\u00f3n suya. Quer\u00edamos a alguien que me pusiera los pies en el suelo, alguien que me conociera de verdad. Ella me llama Maripaz, que es como me llaman en casa. Me parec\u00eda muy bonito tener a alguien que me entiende, que me acepta como soy, que me quiere, que me va a defender, pero que tambi\u00e9n me va a criticar cuando haga falta. Ella es todo eso.<\/p>\n<p class=\"ft-text\"><strong>YOTELE:<\/strong>\u00a0Dijiste hace unos d\u00edas que tu relaci\u00f3n con Telecinco era como un exmatrimonio. \u00bfSientes que todav\u00eda os queda una etapa importante por vivir juntos?<\/p>\n<p class=\"ft-text\"><strong>PAZ PADILLA:<\/strong>\u00a0S\u00ed, por supuesto. Creo que viene una etapa muy bonita. Lo noto por c\u00f3mo me tratan, por c\u00f3mo hablan del programa y por c\u00f3mo quieren la cadena. Estoy muy alineada con este \u00abex\u00bb.<\/p>\n<p class=\"ft-text\"><strong>YOTELE:<\/strong>\u00a0\u00bfEntiendes que se siga preguntando tanto por tu etapa anterior en Mediaset?<\/p>\n<p class=\"ft-text\"><strong>PAZ PADILLA:<\/strong>\u00a0No lo entiendo. No me preguntan por &#8216;Cr\u00f3nicas Marcianas&#8217; ni me preguntan por &#8216;La que se avecina&#8217;. Han pasado ya cinco a\u00f1os de &#8216;S\u00e1lvame&#8217;. Creo que forma parte de esa crispaci\u00f3n que vivimos, de querer crear conflicto donde no lo hay. Yo no tengo ning\u00fan conflicto. Siempre lo he dicho. No reniego de nada de lo que he hecho. He sido muy feliz, he aprendido much\u00edsimo y me siento orgullosa de donde he estado. Solo quiero que les vaya bien y que sean felices. Son etapas. Yo ahora estoy en otro momento.<\/p>\n<p class=\"ft-text\"><strong>YOTELE:<\/strong>\u00a0Tambi\u00e9n contin\u00faas en &#8216;La que se avecina&#8217;.<\/p>\n<p class=\"ft-text\"><strong>PAZ PADILLA:<\/strong>\u00a0S\u00ed. Ya sab\u00edamos que iba a renovar y estoy en todos los episodios. De hecho, me he venido corriendo de la rueda de prensa porque me estaban esperando para rodar. Soy tremendamente feliz. Tengo mucha suerte porque valoro todo lo que hago. Para m\u00ed &#8216;La que se avecina&#8217; fue un regalo y ahora este programa tambi\u00e9n lo es. No s\u00e9 si ma\u00f1ana voy a estar aqu\u00ed, as\u00ed que vivo todo como si fuera el \u00faltimo d\u00eda.<\/p>\n<p class=\"ft-text\"><strong>YOTELE:<\/strong>\u00a0En las \u00faltimas temporadas de la serie aparec\u00edas algo menos por otros compromisos. \u00bfAhora te veremos m\u00e1s?<\/p>\n<p class=\"ft-text\"><strong>PAZ PADILLA:<\/strong>\u00a0S\u00ed, porque este a\u00f1o decid\u00ed no hacer teatro mientras rodaba &#8216;La que se avecina&#8217;. Y mira qu\u00e9 casualidad que &#8216;El show de Paz&#8217; se graba en fin de semana. He tenido la suerte de poder dedicarle m\u00e1s tiempo a la serie.<\/p>\n<p class=\"ft-text\"><strong>YOTELE:<\/strong>\u00a0\u00bfHay m\u00e1s proyectos de ficci\u00f3n?<\/p>\n<p class=\"ft-text\"><strong>PAZ PADILLA:<\/strong>\u00a0Acabo de hacer la pel\u00edcula &#8216;Cuerpos locos&#8217; y tengo otro proyecto cinematogr\u00e1fico del que todav\u00eda no puedo hablar porque est\u00e1 empezando. Me hace mucha ilusi\u00f3n.<\/p>\n<p class=\"ft-text\"><strong>YOTELE:<\/strong>\u00a0\u00bfTe gustar\u00eda hacer algo que no fuera comedia?<\/p>\n<p class=\"ft-text\"><strong>PAZ PADILLA:<\/strong>\u00a0Ahora mismo ya no busco nada. Lo que venga ser\u00e1 bienvenido. Antes quer\u00eda demostrar muchas cosas. Quer\u00eda hacer, quer\u00eda tener, quer\u00eda llegar&#8230; Ahora ya no. Ya no quiero demostrar, ni tener, ni ser. Solo quiero vivir. Es maravilloso lo que estoy viviendo. Muchas veces no somos conscientes de lo que tenemos hasta que pasa. Estamos siempre pensando en ma\u00f1ana y el ma\u00f1ana no existe.<\/p>\n<p class=\"ft-text\"><strong>YOTELE:<\/strong>\u00a0Ahora que est\u00e1n tan de moda los biopics, \u00bfte plantear\u00edas uno sobre tu vida?<\/p>\n<p class=\"ft-text\"><strong>PAZ PADILLA:<\/strong>\u00a0La verdad es que no. Ahora mismo no tengo nada que contar. Quiz\u00e1 dentro de muchos a\u00f1os, cuando sea abuela. Siempre he pensado que la historia de &#8216;El humor de mi vida&#8217; s\u00ed podr\u00eda convertirse en una pel\u00edcula. Eso s\u00ed lo veo. Pero ser\u00eda &#8216;El humor de mi vida&#8217;, no un biopic de Paz Padilla.<\/p>\n","protected":false},"excerpt":{"rendered":"Paz Padilla\u00a0vuelve a ponerse al frente de un programa en Telecinco con &#8216;El show de Paz&#8217;, un nuevo&hellip;\n","protected":false},"author":2,"featured_media":627091,"comment_status":"","ping_status":"","sticky":false,"template":"","format":"standard","meta":{"footnotes":""},"categories":[171],"tags":[14649,146,33604,147,25,24,314,48704,689,14744,11506,29048,9464,10474,25286,29444,1138,23,3581,692,214,5123],"class_list":["post-627090","post","type-post","status-publish","format-standard","has-post-thumbnail","category-tv","tag-bien","tag-entertainment","tag-entiendo","tag-entretenimiento","tag-es","tag-espana","tag-etapa","tag-felices","tag-no","tag-padilla","tag-paz","tag-porque","tag-pregunta","tag-quiero","tag-salvame","tag-sean","tag-solo","tag-spain","tag-tanto","tag-telecinco","tag-tv","tag-vaya"],"share_on_mastodon":{"url":"https:\/\/pubeurope.com\/@es\/116816196619881024","error":""},"_links":{"self":[{"href":"https:\/\/www.europesays.com\/es\/wp-json\/wp\/v2\/posts\/627090","targetHints":{"allow":["GET"]}}],"collection":[{"href":"https:\/\/www.europesays.com\/es\/wp-json\/wp\/v2\/posts"}],"about":[{"href":"https:\/\/www.europesays.com\/es\/wp-json\/wp\/v2\/types\/post"}],"author":[{"embeddable":true,"href":"https:\/\/www.europesays.com\/es\/wp-json\/wp\/v2\/users\/2"}],"replies":[{"embeddable":true,"href":"https:\/\/www.europesays.com\/es\/wp-json\/wp\/v2\/comments?post=627090"}],"version-history":[{"count":0,"href":"https:\/\/www.europesays.com\/es\/wp-json\/wp\/v2\/posts\/627090\/revisions"}],"wp:featuredmedia":[{"embeddable":true,"href":"https:\/\/www.europesays.com\/es\/wp-json\/wp\/v2\/media\/627091"}],"wp:attachment":[{"href":"https:\/\/www.europesays.com\/es\/wp-json\/wp\/v2\/media?parent=627090"}],"wp:term":[{"taxonomy":"category","embeddable":true,"href":"https:\/\/www.europesays.com\/es\/wp-json\/wp\/v2\/categories?post=627090"},{"taxonomy":"post_tag","embeddable":true,"href":"https:\/\/www.europesays.com\/es\/wp-json\/wp\/v2\/tags?post=627090"}],"curies":[{"name":"wp","href":"https:\/\/api.w.org\/{rel}","templated":true}]}}