{"id":62724,"date":"2025-08-21T15:26:08","date_gmt":"2025-08-21T15:26:08","guid":{"rendered":"https:\/\/www.europesays.com\/es\/62724\/"},"modified":"2025-08-21T15:26:08","modified_gmt":"2025-08-21T15:26:08","slug":"un-diputado-del-psoe-defiende-que-espana-necesita-inmigrantes-preguntandose-quien-va-a-limpiar-el-culo-a-los-abuelos","status":"publish","type":"post","link":"https:\/\/www.europesays.com\/es\/62724\/","title":{"rendered":"Un diputado del PSOE defiende que Espa\u00f1a necesita inmigrantes pregunt\u00e1ndose \u00ab\u00bfqui\u00e9n va a limpiar el culo a los abuelos?\u00bb"},"content":{"rendered":"<p class=\"c-paragraph\">La portavoz del PP en el Congreso, Ester Mu\u00f1oz, ha exigido este mi\u00e9rcoles al PSOE que \u00abrectifique de inmediato\u00bb al secretario de LGBTI de la Ejecutiva Federal y diputado en el Congreso, V\u00edctor Guti\u00e9rrez, por apuntar que <b>Espa\u00f1a necesita inmigrantes para \u00ablimpiar el culo a los abuelos\u00bb.<\/b><\/p>\n<p class=\"c-paragraph\">En un mensaje publicado en la red social X, Ester Mu\u00f1oz ha comentado un v\u00eddeo con parte de la intervenci\u00f3n de Guti\u00e9rrez en el programa &#8216;En boca de todos&#8217;, de Cuatro, en el que se le oye preguntar:<b> \u00ab\u00bfQui\u00e9n va a limpiar el culo a los abuelos?\u00bb.<\/b><\/p>\n<p class=\"c-paragraph\">En concreto, en un debate con el responsable de Seguridad de Vox, Samuel V\u00e1zquez, el dirigente socialista niega la viabilidad de las deportaciones masivas de migrantes que promete Vox: <b>\u00ab\u00bfQui\u00e9n va a limpiarle el culo a los abuelos? \u00bfQui\u00e9n va a recoger la fruta en el campo? <\/b>\u00bfQui\u00e9n se va a dedicar a hacer todas esas cosas que vosotros no quer\u00e9is?\u00bb, dice V\u00edctor Guti\u00e9rrez, subrayando que \u00ablos extranjeros vienen much\u00edsimas veces a hacer los trabajos que los espa\u00f1oles no quieren\u00bb.<\/p>\n<p class=\"c-paragraph\"><b>Mu\u00f1oz ha tachado el comentario de \u00abbochornoso\u00bb <\/b>y ha pedido al PSOE que act\u00fae: \u00abEl Partido Socialista defiende que necesitamos inmigrantes para limpiar el culo a nuestros abuelos\u00bb, ha escrito la dirigente del PP, mencionado a Guti\u00e9rrez como \u00abdiputado nacional socialista\u00bb.<b> \u00abEsa es su humanidad y su progresismo. Espero que le rectifiquen de inmediato\u00bb<\/b>, ha conminado.<\/p>\n","protected":false},"excerpt":{"rendered":"La portavoz del PP en el Congreso, Ester Mu\u00f1oz, ha exigido este mi\u00e9rcoles al PSOE que \u00abrectifique de&hellip;\n","protected":false},"author":2,"featured_media":62725,"comment_status":"","ping_status":"","sticky":false,"template":"","format":"standard","meta":{"footnotes":""},"categories":[8],"tags":[17,18,5443,25945,25,24,13,14,11,19,20,18007,9,10,15,16,1699,23,12,21,22],"class_list":{"0":"post-62724","1":"post","2":"type-post","3":"status-publish","4":"format-standard","5":"has-post-thumbnail","7":"category-espana","8":"tag-breaking-news","9":"tag-breakingnews","10":"tag-defiende","11":"tag-diputado","12":"tag-es","13":"tag-espana","14":"tag-featured-news","15":"tag-featurednews","16":"tag-headlines","17":"tag-latest-news","18":"tag-latestnews","19":"tag-necesita","20":"tag-news","21":"tag-noticias","22":"tag-noticias-destacadas","23":"tag-noticiasdestacadas","24":"tag-psoe","25":"tag-spain","26":"tag-titulares","27":"tag-ultimas-noticias","28":"tag-ultimasnoticias"},"share_on_mastodon":{"url":"","error":""},"_links":{"self":[{"href":"https:\/\/www.europesays.com\/es\/wp-json\/wp\/v2\/posts\/62724","targetHints":{"allow":["GET"]}}],"collection":[{"href":"https:\/\/www.europesays.com\/es\/wp-json\/wp\/v2\/posts"}],"about":[{"href":"https:\/\/www.europesays.com\/es\/wp-json\/wp\/v2\/types\/post"}],"author":[{"embeddable":true,"href":"https:\/\/www.europesays.com\/es\/wp-json\/wp\/v2\/users\/2"}],"replies":[{"embeddable":true,"href":"https:\/\/www.europesays.com\/es\/wp-json\/wp\/v2\/comments?post=62724"}],"version-history":[{"count":0,"href":"https:\/\/www.europesays.com\/es\/wp-json\/wp\/v2\/posts\/62724\/revisions"}],"wp:featuredmedia":[{"embeddable":true,"href":"https:\/\/www.europesays.com\/es\/wp-json\/wp\/v2\/media\/62725"}],"wp:attachment":[{"href":"https:\/\/www.europesays.com\/es\/wp-json\/wp\/v2\/media?parent=62724"}],"wp:term":[{"taxonomy":"category","embeddable":true,"href":"https:\/\/www.europesays.com\/es\/wp-json\/wp\/v2\/categories?post=62724"},{"taxonomy":"post_tag","embeddable":true,"href":"https:\/\/www.europesays.com\/es\/wp-json\/wp\/v2\/tags?post=62724"}],"curies":[{"name":"wp","href":"https:\/\/api.w.org\/{rel}","templated":true}]}}