{"id":627270,"date":"2026-06-26T14:01:15","date_gmt":"2026-06-26T14:01:15","guid":{"rendered":"https:\/\/www.europesays.com\/es\/627270\/"},"modified":"2026-06-26T14:01:15","modified_gmt":"2026-06-26T14:01:15","slug":"maria-chivite-presidenta-del-gobierno-de-navarra-sobre-el-incendio-no-esta-ni-controlado-ni-estabilizado","status":"publish","type":"post","link":"https:\/\/www.europesays.com\/es\/627270\/","title":{"rendered":"Mar\u00eda Chivite, presidenta del Gobierno de Navarra, sobre el incendio: \u00abNo est\u00e1 ni controlado ni estabilizado\u00bb"},"content":{"rendered":"<p>\n        La presidenta del Gobierno de Navarra, <strong>Mar\u00eda Chivite<\/strong>, ha dicho que el <a href=\"https:\/\/www.noticiasdenavarra.com\/sucesos\/2026\/06\/25\/incendio-ezkabarte-localidades-fotos-videos-mapa-11250221.html\" title=\"incendio de Ezkabarte\" class=\"link copy\" rel=\"nofollow noopener\" target=\"_blank\">incendio de Ezkabarte<\/a> no est\u00e1 \u00abni controlado ni estabilizado\u00bb y que mantiene varios focos activos.\n<\/p>\n<p class=\"article-body__text \">\n        Por eso, la presidenta <strong>ha pedido \u00abprudencia\u00bb a la sociedad en su conjunto<\/strong>. Especialmente a aquellos que, con el d\u00eda, se han acercado a la zona para ver el fuego. Chivite ha agradecido a las <strong>m\u00e1s de 100 personas que han trabajado durante toda la noche<\/strong>, entre profesionales, vecinos y voluntarios.\n<\/p>\n<p class=\"article-body__text \">\n        Adem\u00e1s, ha recordado que <strong>a partir de las 11 de la ma\u00f1ana estar\u00e1n prohibidas determinadas labores agr\u00edcolas<\/strong>. \u00abLos servicios est\u00e1n tensionados y no nos podemos permitir otros focos\u00bb.\n<\/p>\n<p class=\"article-body__text \">\n        La presidenta ha recalcado que se espera que el fuego, a\u00fan no controlado, contin\u00fae \u00abunos cuantos d\u00edas\u00bb. \u00abLa buena parte de esto es que por ahora no hay previsi\u00f3n de que pueda haber n\u00facleos urbanos que se vean a afectados\u00bb, ha indicado en declaraciones a los medios desde el Puesto de Mando Avanzado de Unzu.\n<\/p>\n<p class=\"article-body__text \">\n        En ese sentido, ha recordado que las personas de las localidades de <strong>Usi, Anoz y Navaz<\/strong> que fueron desalojadas de sus casas \u00abpor prudencia\u00bb ayer ya est\u00e1n en sus hogares.\n<\/p>\n<p class=\"article-body__text \">\n        En cualquier caso, ha subrayado que el incendio sigue sin estar controlado. \u00ab\u00bfC\u00f3mo est\u00e1 en estos momentos la situaci\u00f3n? Pues est\u00e1 sin controlar y esto va a ser una cuesti\u00f3n de trabajo durante unos cuantos d\u00edas. Todav\u00eda tenemos varios focos abiertos\u00bb, ha transmitido.\n<\/p>\n<p class=\"article-body__text \">\n        Ha a\u00f1adido que se afrontan \u00ab<strong>unas horas cr\u00edticas<\/strong>\u00bb y que es \u00abuna cuesti\u00f3n de temperatura\u00bb. \u00abQuiz\u00e1s, a la noche mejore la situaci\u00f3n, pero como digo, esto va a durar unos cuantos d\u00edas\u00bb, ha incidido. Ha se\u00f1alado que Navarra ha solicitado m\u00e1s medios para hacer frente al fuego a otras comunidades y al Gobierno de Espa\u00f1a, \u00abpero tambi\u00e9n hay otras comunidades que est\u00e1n afrontando incendios de dimensiones importantes y, por lo tanto, en el conjunto del Estado tambi\u00e9n est\u00e1n los medios bastante tensionados\u00bb.\n<\/p>\n<p class=\"article-body__text \">\n        Ante ese escenario, ha hecho un llamamiento \u00ab<strong>a la prudencia y a la responsabilidad que cada uno como ciudadano tenemos en la prevenci\u00f3n de incendios<\/strong>\u00ab.\n<\/p>\n<p class=\"article-body__text \">\n        \u00ab<strong>Estamos en una situaci\u00f3n con unas temperaturas muy complicadas. Vamos a seguir trabajando en el abordaje del incendio<\/strong>\u00ab, ha comentado.\n<\/p>\n<p class=\"article-body__text \">\n        Sobre la orden foral que restringe las actividades agr\u00edcolas en terrenos de secano y las labores forestales en las comarcas del Pirineo, Centro Medio, Centro Sur y Ribera del Ebro de la Comunidad Foral, ha aclarado que la restricci\u00f3n se aplica cada d\u00eda a partir de las 11:00 horas de la ma\u00f1ana, pero no antes.\n<\/p>\n<p class=\"article-body__text \">\n        As\u00ed, Chivite ha dicho que s\u00ed se pueden llevar a cabo \u00ab<strong>esas labores forestales<\/strong>\u00bb entre el amanecer, en torno a las 6:00 de la ma\u00f1ana, y las 11:00 todos los d\u00edas.\n<\/p>\n<p class=\"article-body__text \">\n        \u00ab<a href=\"https:\/\/www.noticiasdenavarra.com\/sucesos\/2026\/06\/25\/declarado-incendio-forestal-gran-envergadura-11249748.html\" title=\"Siempre habr\u00e1 esa ventana entre el amanecer y las 11:00 de la ma\u00f1ana\" class=\"link copy\" rel=\"nofollow noopener\" target=\"_blank\">Siempre habr\u00e1 esa ventana entre el amanecer y las 11:00 de la ma\u00f1ana<\/a>\u00ab, ha insistido. Asimismo, ha indicado que se ir\u00e1n adecuando las medidas \u00aba c\u00f3mo vayan avanzando las circunstancias\u00bb.<\/p>\n","protected":false},"excerpt":{"rendered":"La presidenta del Gobierno de Navarra, Mar\u00eda Chivite, ha dicho que el incendio de Ezkabarte no est\u00e1 \u00abni&hellip;\n","protected":false},"author":2,"featured_media":627271,"comment_status":"","ping_status":"","sticky":false,"template":"","format":"standard","meta":{"footnotes":""},"categories":[8],"tags":[17,18,52559,25,24,13,14,582,11,19,20,1932,708,9,10,15,16,14107,23,12,21,22],"class_list":["post-627270","post","type-post","status-publish","format-standard","has-post-thumbnail","category-espana","tag-breaking-news","tag-breakingnews","tag-chivite","tag-es","tag-espana","tag-featured-news","tag-featurednews","tag-gobierno","tag-headlines","tag-latest-news","tag-latestnews","tag-maria","tag-navarra","tag-news","tag-noticias","tag-noticias-destacadas","tag-noticiasdestacadas","tag-presidenta","tag-spain","tag-titulares","tag-ultimas-noticias","tag-ultimasnoticias"],"share_on_mastodon":{"url":"https:\/\/pubeurope.com\/@es\/116816778999506858","error":""},"_links":{"self":[{"href":"https:\/\/www.europesays.com\/es\/wp-json\/wp\/v2\/posts\/627270","targetHints":{"allow":["GET"]}}],"collection":[{"href":"https:\/\/www.europesays.com\/es\/wp-json\/wp\/v2\/posts"}],"about":[{"href":"https:\/\/www.europesays.com\/es\/wp-json\/wp\/v2\/types\/post"}],"author":[{"embeddable":true,"href":"https:\/\/www.europesays.com\/es\/wp-json\/wp\/v2\/users\/2"}],"replies":[{"embeddable":true,"href":"https:\/\/www.europesays.com\/es\/wp-json\/wp\/v2\/comments?post=627270"}],"version-history":[{"count":0,"href":"https:\/\/www.europesays.com\/es\/wp-json\/wp\/v2\/posts\/627270\/revisions"}],"wp:featuredmedia":[{"embeddable":true,"href":"https:\/\/www.europesays.com\/es\/wp-json\/wp\/v2\/media\/627271"}],"wp:attachment":[{"href":"https:\/\/www.europesays.com\/es\/wp-json\/wp\/v2\/media?parent=627270"}],"wp:term":[{"taxonomy":"category","embeddable":true,"href":"https:\/\/www.europesays.com\/es\/wp-json\/wp\/v2\/categories?post=627270"},{"taxonomy":"post_tag","embeddable":true,"href":"https:\/\/www.europesays.com\/es\/wp-json\/wp\/v2\/tags?post=627270"}],"curies":[{"name":"wp","href":"https:\/\/api.w.org\/{rel}","templated":true}]}}