{"id":627287,"date":"2026-06-26T14:17:26","date_gmt":"2026-06-26T14:17:26","guid":{"rendered":"https:\/\/www.europesays.com\/es\/627287\/"},"modified":"2026-06-26T14:17:26","modified_gmt":"2026-06-26T14:17:26","slug":"prime-video-confirma-la-segunda-parte-de-la-pelicula-mas-vista-del-ano-rodada-en-galicia-y-con-mario-casas-y-luis-zahera-haciendo-de-espias","status":"publish","type":"post","link":"https:\/\/www.europesays.com\/es\/627287\/","title":{"rendered":"Prime Video confirma la segunda parte de la pel\u00edcula m\u00e1s vista del a\u00f1o: rodada en Galicia y con Mario Casas y Luis Zahera haciendo de esp\u00edas"},"content":{"rendered":"<p class=\"ft-text\"><a class=\"ft-link ft-link--decoration\" href=\"https:\/\/www.primevideo.com\/-\/es\/offers\/nonprimehomepage?ref_=atv_hom_offers_c_9zZ8D2_hom&amp;language=es\" target=\"_blank\" rel=\"nofollow noopener\"><strong>Prime Video<\/strong><\/a> lo acaba de confirmar en el evento de celebraci\u00f3n de su d\u00e9cimo aniversario en Espa\u00f1a. <a class=\"ft-link ft-link--decoration\" href=\"https:\/\/www.elcorreogallego.es\/galicia\/2026\/03\/19\/rodada-en-galicia-mario-casas-luis-zahera-zeta-nueva-pelicula-de-accion-de-prime-video-hollywood-128180637.html\" target=\"_blank\" rel=\"nofollow noopener\"><strong>Zeta<\/strong><\/a><a class=\"ft-link ft-link--decoration\" href=\"https:\/\/www.elcorreogallego.es\/galicia\/2026\/03\/19\/rodada-en-galicia-mario-casas-luis-zahera-zeta-nueva-pelicula-de-accion-de-prime-video-hollywood-128180637.html\" target=\"_blank\" rel=\"nofollow noopener\"><strong>, la pel\u00edcula m\u00e1s vista en el \u00faltimo a\u00f1o<\/strong><\/a> en la plataforma de streaming, obra sobre esp\u00edas del cineasta lucense <a class=\"ft-link ft-link--decoration\" href=\"https:\/\/www.elcorreogallego.es\/galicia\/2026\/03\/19\/dani-de-la-torre-zeta-rodajes-en-galicia-mario-casas-luis-zahera-pelicula-de-accion-espana-128147495.html\" target=\"_blank\" rel=\"nofollow noopener\"><strong>Dani de la Torre<\/strong><\/a> rodada en diversas localizaciones de <strong>Galicia <\/strong>y protagonizada por <a class=\"ft-link ft-link--decoration\" href=\"https:\/\/www.elcorreogallego.es\/galicia\/2026\/04\/13\/casa-rural-ribeira-sacra-rodaje-zeta-mario-casas-prime-video-129057340.html\" target=\"_blank\" rel=\"nofollow noopener\"><strong>Mario Casas<\/strong><\/a> y <a class=\"ft-link ft-link--decoration\" href=\"https:\/\/www.elcorreogallego.es\/santiago\/2026\/04\/07\/luis-zahera-el-hormiguero-pablo-motos-primer-casting-en-un-bar-de-santiago-borracho-128829841.html\" target=\"_blank\" rel=\"nofollow noopener\"><strong>Luis Zahera<\/strong><\/a>, tendr\u00e1 una segunda parte.<\/p>\n<p>Mario Casas y Luis Zahera se preparan para volver a la acci\u00f3n en Prime Video<\/p>\n<p class=\"ft-text\">Lo har\u00e1 bajo el t\u00edtulo de <strong>Zeta 2<\/strong>. Un nuevo proyecto \u2014que ya se encuentra en producci\u00f3n y cuyos rodajes, seg\u00fan la productora <a class=\"ft-link ft-link--decoration\" href=\"https:\/\/www.fontefilms.com\/prensa\/prime-video-anuncia-la-secuela-de-zeta\" target=\"_blank\" rel=\"nofollow noopener\"><strong>Fonte Films<\/strong><\/a>, \u00abcomenzar\u00e1n en septiembre de este a\u00f1o\u00bb\u2014 que, a buen seguro, entusiasma a <strong>Dani de la Torre<\/strong>, quien, al igual que en la pel\u00edcula original, se situar\u00e1 al frente de esta segunda parte que puede resultar en el inicio de la primera franquicia de pel\u00edculas sobre esp\u00edas espa\u00f1oles.<\/p>\n<p class=\"ft-text\">\u00abMe encantar\u00eda hacer una saga de esp\u00edas espa\u00f1oles. Ya que contamos de d\u00f3nde viene el personaje en esta primera entrega, me gustar\u00eda ver a Zeta \u2014agente de campo del Centro Nacional de Inteligencia (CNI) al que pone cara <strong>Mario Casas<\/strong>\u2014 solo en acci\u00f3n, ver c\u00f3mo se desarrolla como agente en otros lugares. Lo pensamos desde el principio, que si la pel\u00edcula va bien, se podr\u00edan hacer otras. Tiene vocaci\u00f3n de franquicia, pero estamos sujetos al mercado\u00bb, se\u00f1al\u00f3 <strong>De la Torre<\/strong> poco antes del <a class=\"ft-link ft-link--decoration\" href=\"https:\/\/www.elcorreogallego.es\/galicia\/2026\/03\/23\/mario-casas-luis-zahera-pelicula-rodada-en-galicia-mas-vista-de-prime-video-128316791.html\" target=\"_blank\" rel=\"nofollow noopener\"><strong>estreno de <\/strong><\/a><a class=\"ft-link ft-link--decoration\" href=\"https:\/\/www.elcorreogallego.es\/galicia\/2026\/03\/23\/mario-casas-luis-zahera-pelicula-rodada-en-galicia-mas-vista-de-prime-video-128316791.html\" target=\"_blank\" rel=\"nofollow noopener\"><strong>Zeta <\/strong><\/a><a class=\"ft-link ft-link--decoration\" href=\"https:\/\/www.elcorreogallego.es\/galicia\/2026\/03\/23\/mario-casas-luis-zahera-pelicula-rodada-en-galicia-mas-vista-de-prime-video-128316791.html\" target=\"_blank\" rel=\"nofollow noopener\"><strong>el pasado marzo<\/strong><\/a>.<\/p>\n<p><img decoding=\"async\" src=\"https:\/\/www.europesays.com\/es\/wp-content\/uploads\/2026\/06\/bb312f89-55bb-4d18-937f-86361341aa2d_alta-libre-aspect-ratio_default_0_x357y158.jpg\" width=\"1200\" height=\"801\" alt=\"Mario Casas, durante una escena de 'Zeta'.\" class=\"ft-helper-img-rd\" loading=\"lazy\" fetchpriority=\"auto\"\/><\/p>\n<p class=\"ft-helper-fontColor-quaternary ft-helper-fontSize-body-S ft-helper-spacer-t-xxs\">Mario Casas, durante una escena de &#8216;Zeta&#8217;.  \/ Prime Video<\/p>\n<p>&#8216;Zeta&#8217;, una pel\u00edcula de esp\u00edas en Galicia<\/p>\n<p class=\"ft-text\">Se podr\u00eda decir que se ha cumplido el sue\u00f1o del cineasta natural de <strong>Monforte de Lemos<\/strong>, localidad que acerc\u00f3 junto a otras<strong> localizaciones de la Ribeira Sacra como O Savi\u00f1ao, Chantada y Sober<\/strong>, entre otras, en la pel\u00edcula original, que, a base de intriga, venganza y, sobre todo, acci\u00f3n en un mundo de esp\u00edas, narcotraficantes e, incluso, terroristas con espectaculares escenas dignas de Hollywood que contaron con el asesoramiento de expertos logr\u00f3 pegar a las pantallas a millones de personas de todo el mundo.<\/p>\n<p><img decoding=\"async\" src=\"https:\/\/www.europesays.com\/es\/wp-content\/uploads\/2026\/06\/846e3a1c-1d32-43be-8a99-f78d25f069b3_alta-libre-aspect-ratio_default_0_x423y188.jpg\" width=\"1200\" height=\"800\" alt=\"Mario Casas, durante una escena de 'Zeta' situada en la Ribeira Sacra.\" class=\"ft-helper-img-rd\" loading=\"lazy\" fetchpriority=\"auto\"\/><\/p>\n<p class=\"ft-helper-fontColor-quaternary ft-helper-fontSize-body-S ft-helper-spacer-t-xxs\">Mario Casas, durante una escena de &#8216;Zeta&#8217; situada en la Ribeira Sacra.  \/ Prime Video<\/p>\n<p class=\"ft-text\">Un thriller capaz de atraparnos desde el minuto uno. <strong>Parte del asesinato de cuatro exoficiales de inteligencia espa\u00f1oles en distintas embajadas del mundo 37 a\u00f1os despu\u00e9s de que estos llevasen a cabo una operaci\u00f3n ilegal en suelo colombiano<\/strong> \u2014bautizada con el nombre de Operaci\u00f3n Ci\u00e9naga\u2014 que, a medida que descubrimos, se vuelve m\u00e1s y m\u00e1s compleja.<\/p>\n<p class=\"ft-text\"><strong>Al principio, nada se sabe de esta intervenci\u00f3n, ni siquiera el propio <\/strong><a class=\"ft-link ft-link--decoration\" href=\"https:\/\/www.cni.es\/\" target=\"_blank\" rel=\"nofollow noopener\"><strong>CNI<\/strong><\/a> \u2014organizaci\u00f3n que, en palabras de Dani de la Torre, \u00abnos abri\u00f3 sus puertas y nos acerc\u00f3 su forma de proceder en ciertas situaciones\u00bb\u2014, que convence a Zeta (Mario Casas), uno de sus mejores agentes, de acabar con el retiro temporal que ha solicitado para cuidar de su moribunda madre con el fin de resolver un misterio que, para su sorpresa, le toca m\u00e1s de cerca de lo que piensa.<\/p>\n<p><img decoding=\"async\" src=\"https:\/\/www.europesays.com\/es\/wp-content\/uploads\/2026\/06\/bca23643-5063-4f2d-88e2-b95d92fd7f59_alta-libre-aspect-ratio_default_0_x351y156.jpg\" width=\"1200\" height=\"801\" alt=\"El compostelano Luis Zahera, durante los rodajes de 'Zeta'.\" class=\"ft-helper-img-rd\" loading=\"lazy\" fetchpriority=\"auto\"\/><\/p>\n<p class=\"ft-helper-fontColor-quaternary ft-helper-fontSize-body-S ft-helper-spacer-t-xxs\">El compostelano Luis Zahera, durante los rodajes de &#8216;Zeta&#8217;.  \/ Prime Video<\/p>\n<p class=\"ft-text\"><strong>Por el camino se encontrar\u00e1 a Ancares, un agente del CNI retirado al que pone cara el compostelano Luis Zahera<\/strong>, que cambiar\u00e1 radicalmente el curso de la investigaci\u00f3n llevada a cabo por Zeta. Un personaje que, al manejar todo desde la sombra y nunca saber muy bien si cuenta la verdad o nos miente, recuerda al Robert Redford de Spy Game. <\/p>\n<p class=\"ft-text\">\u00abZeta es una pel\u00edcula que se centra en la misi\u00f3n de un agente secreto, pero tambi\u00e9n en el descubrimiento del propio agente secreto. Generalmente, en las pel\u00edculas de esp\u00edas, en sagas que conocemos todos como las de James Bond, sus tramas se ci\u00f1en a la misi\u00f3n y es raro que se cuenten muchas cosas del propio esp\u00eda. En este caso, quisimos hacer algo diferente. Adem\u00e1s de construir al agente secreto habitual que estamos acostumbrados a ver, hacer otro tipo de personaje que, a medida que transcurre la misi\u00f3n, nos permite ver qui\u00e9n es y de d\u00f3nde viene\u00bb, destac\u00f3 de la pel\u00edcula original \u2014en la que tambi\u00e9n aparecen los int\u00e9rpretes gallegos <strong>Ricardo Barreiro<\/strong> y <a class=\"ft-link ft-link--decoration\" href=\"https:\/\/www.elcorreogallego.es\/santiago\/2023\/03\/13\/federico-perez-rey-oxala-cines-84537729.html\" target=\"_blank\" rel=\"nofollow noopener\"><strong>Federico P\u00e9rez Rey<\/strong><\/a>\u2014 Dani de la Torre a <a class=\"ft-link ft-link--decoration\" href=\"https:\/\/www.elcorreogallego.es\/\" target=\"_blank\" rel=\"nofollow noopener\"><strong>EL CORREO GALLEGO<\/strong><\/a> poco antes de su estreno.<\/p>\n<p><img decoding=\"async\" src=\"https:\/\/www.europesays.com\/es\/wp-content\/uploads\/2026\/06\/a80e9f97-4d1b-4144-b718-e408be711276_alta-libre-aspect-ratio_default_0_x351y156.jpg\" width=\"1200\" height=\"801\" alt=\"Mario Casas y Luis Zahera, durante los rodajes de 'Zeta'\" class=\"ft-helper-img-rd\" loading=\"lazy\" fetchpriority=\"auto\"\/><\/p>\n<p class=\"ft-helper-fontColor-quaternary ft-helper-fontSize-body-S ft-helper-spacer-t-xxs\">Mario Casas y Luis Zahera, durante los rodajes de &#8216;Zeta&#8217;.  \/ Prime Video<\/p>\n<p>Regreso a la acci\u00f3n de Mario Casas y Luis Zahera<\/p>\n<p class=\"ft-text\">Ahora, De la Torre prepara la llegada de una segunda parte en la que <strong>Mario Casas<\/strong> y <a class=\"ft-link ft-link--decoration\" href=\"https:\/\/www.elcorreogallego.es\/santiago\/2026\/06\/14\/luis-zahera-fiestas-fontinas-santiago-compostela-131390460.html\" target=\"_blank\" rel=\"nofollow noopener\"><strong>Luis Zahera<\/strong><\/a> volver\u00e1n a situarse al frente del reparto.<\/p>\n<p class=\"ft-text\">Una secuela en la que un grupo de turistas espa\u00f1oles es detenido en Tailandia en una operaci\u00f3n contra el tr\u00e1fico de drogas y, pese a declararse inocentes, todos se enfrentan a la pena de muerte. Ser\u00e1 entonces cuando el CNI decida enviar a Zeta sobre el terreno para descubrir qu\u00e9 hay realmente detr\u00e1s de esta operaci\u00f3n. <\/p>\n<p class=\"ft-text\"><strong>Un hecho que augura nuevos momentos de intriga y acci\u00f3n al m\u00e1s puro estilo Hollywood<\/strong> que tanto cautivaron en la primera entrega y que esperemos que m\u00e1s pronto que tarde podamos ver en pantalla.<\/p>\n","protected":false},"excerpt":{"rendered":"Prime Video lo acaba de confirmar en el evento de celebraci\u00f3n de su d\u00e9cimo aniversario en Espa\u00f1a. Zeta,&hellip;\n","protected":false},"author":2,"featured_media":627288,"comment_status":"","ping_status":"","sticky":false,"template":"","format":"standard","meta":{"footnotes":""},"categories":[169],"tags":[41378,177,38076,1779,146,147,25,24,39817,6750,116588,176,816,27362,4718,27284,175,863,1257,116586,521,13086,38637,116587,17909,3745,23,6879,116589,2338,14129],"class_list":["post-627287","post","type-post","status-publish","format-standard","has-post-thumbnail","category-cine","tag-chantada","tag-cine","tag-cni","tag-confirma","tag-entertainment","tag-entretenimiento","tag-es","tag-espana","tag-espias","tag-estrenos","tag-federico-perez-rey","tag-film","tag-galicia","tag-luis-zahera","tag-mario-casas","tag-monforte","tag-movies","tag-parte","tag-pelicula","tag-pelicula-mas-vista-del-ano","tag-prime","tag-prime-video","tag-ribeira-sacra","tag-rodada-en-galicia","tag-rodajes","tag-segunda","tag-spain","tag-streaming","tag-tv-streaming","tag-video","tag-zeta"],"share_on_mastodon":{"url":"https:\/\/pubeurope.com\/@es\/116816841993270205","error":""},"_links":{"self":[{"href":"https:\/\/www.europesays.com\/es\/wp-json\/wp\/v2\/posts\/627287","targetHints":{"allow":["GET"]}}],"collection":[{"href":"https:\/\/www.europesays.com\/es\/wp-json\/wp\/v2\/posts"}],"about":[{"href":"https:\/\/www.europesays.com\/es\/wp-json\/wp\/v2\/types\/post"}],"author":[{"embeddable":true,"href":"https:\/\/www.europesays.com\/es\/wp-json\/wp\/v2\/users\/2"}],"replies":[{"embeddable":true,"href":"https:\/\/www.europesays.com\/es\/wp-json\/wp\/v2\/comments?post=627287"}],"version-history":[{"count":0,"href":"https:\/\/www.europesays.com\/es\/wp-json\/wp\/v2\/posts\/627287\/revisions"}],"wp:featuredmedia":[{"embeddable":true,"href":"https:\/\/www.europesays.com\/es\/wp-json\/wp\/v2\/media\/627288"}],"wp:attachment":[{"href":"https:\/\/www.europesays.com\/es\/wp-json\/wp\/v2\/media?parent=627287"}],"wp:term":[{"taxonomy":"category","embeddable":true,"href":"https:\/\/www.europesays.com\/es\/wp-json\/wp\/v2\/categories?post=627287"},{"taxonomy":"post_tag","embeddable":true,"href":"https:\/\/www.europesays.com\/es\/wp-json\/wp\/v2\/tags?post=627287"}],"curies":[{"name":"wp","href":"https:\/\/api.w.org\/{rel}","templated":true}]}}