{"id":627514,"date":"2026-06-26T17:21:17","date_gmt":"2026-06-26T17:21:17","guid":{"rendered":"https:\/\/www.europesays.com\/es\/627514\/"},"modified":"2026-06-26T17:21:17","modified_gmt":"2026-06-26T17:21:17","slug":"el-hormiguero-anuncia-los-ultimos-invitados-de-la-temporada-una-influencer-valenciana-un-chef-internacional-y-una-figura-ilustre-de-la-revuelta","status":"publish","type":"post","link":"https:\/\/www.europesays.com\/es\/627514\/","title":{"rendered":"&#8216;El Hormiguero&#8217; anuncia los \u00faltimos invitados de la temporada: una influencer valenciana, un chef internacional y una figura ilustre de &#8216;La Revuelta&#8217;"},"content":{"rendered":"<p style=\"\">&#8216;<a href=\"https:\/\/www.lasprovincias.es\/culturas\/tv\/impresionante-cambio-fisico-roro-velada-estallar-redes-20260623152212-nt.html\" target=\"_blank\" title=\"www.lasprovincias.es\" data-voc-vtm-id=\"in-text-traffic\" data-mrf-link=\"www.lasprovincias.es\" rel=\"nofollow noopener\">El Hormiguero<\/a>&#8216; ya ha puesto nombre y apellidos a sus \u00faltimos invitados de la temporada. El programa de Pablo Motos se despedir\u00e1 hasta  &#8230; el pr\u00f3ximo curso con una semana m\u00e1s corta de lo habitual, ya que esta no tendr\u00e1 cuatro entregas, sino tres.<\/p>\n<p class=\"v-d-p\" style=\"\">Aun as\u00ed, el n\u00famero de invitados que visitar\u00e1 el plat\u00f3 de las hormigas ser\u00e1 el de casi siempre, cuatro, pues el m\u00edercoles el espacio de <a href=\"https:\/\/www.lasprovincias.es\/culturas\/tv\/padre-damian-sacerdote-influencer-conocido-participacion-voz-20260625011617-nt.html\" target=\"_blank\" title=\"www.lasprovincias.es\" data-voc-vtm-id=\"in-text-traffic\" data-mrf-link=\"www.lasprovincias.es\" rel=\"nofollow noopener\">Antena 3<\/a> recibir\u00e1 la visita de dos grandes figuras de la industria cinematogr\u00e1fica.<\/p>\n<p>\nLunes &#8211; Esperansa Grasia\n<\/p>\n<p class=\"v-d-p\" style=\"\">La creadora de contenido valenciana Gemma Palacio, m\u00e1s conocida como Esperansa Grasia, y colaboradora del propio espacio de Antena 3, hablar\u00e1 sobre su \u00e9xito masivo en plataformas como TikTok e Instagram, donde sus v\u00eddeos y parodias sobre las diferencias culturales entre las familias espa\u00f1olas y las americanas han conquistado a millones de seguidores.<\/p>\n<ul class=\"v-cmp-rld__u\">\n<li class=\"v-cmp-rld__l\">\n<p><a class=\"v-a-lnk\" href=\"http:\/\/www.lasprovincias.es\/culturas\/tv\/maica-benedicto-ganadora-supervivientes-2025-revela-secuelas-20260623002047-nt.html#vtm_modulosEngag=noticiasrelacionadas-cmp-uno:culturas:noticia:1\" title=\"Maica Benedicto, ganadora de &#039;Supervivientes 2025&#039;, revela las secuelas que le ha dejado el reality\" data-voc-vtm-id=\"in-text-traffic\" rel=\"nofollow noopener\" target=\"_blank\"><br \/>\n<img decoding=\"async\" loading=\"lazy\" src=\"https:\/\/www.europesays.com\/es\/wp-content\/uploads\/2026\/06\/benedicto-kVMD--366x256@Las Provincias.jpg\" class=\"v-a-img\" width=\"258\" height=\"180\" alt=\"Maica Benedicto, ganadora de 'Supervivientes 2025', revela las secuelas que le ha dejado el reality\"\/><br \/>\n<\/a><\/p>\n<\/li>\n<\/ul>\n<p>\nMartes &#8211; Jos\u00e9 Andr\u00e9s\n<\/p>\n<p class=\"v-d-p\" style=\"\">El martes 29, el plat\u00f3 de las hormigas recibir\u00e1 a uno de los chefs espa\u00f1oles m\u00e1s internacionales y solidarios. El cocinero asturiano comentar\u00e1 sus \u00faltimos proyectos gastron\u00f3micos y la incansable labor humanitaria que realiza alrededor del mundo a trav\u00e9s de su ONG, World Central Kitchen<\/p>\n<p>\nMi\u00e9rcoles &#8211; Antonio Resines y Quim Guti\u00e9rrez\n<\/p>\n<p class=\"v-d-p\" style=\"\">&#8216;El Hormiguero&#8217; cerrar\u00e1 la temporada con la visita de una ilustre figura de &#8216;La Revuelta&#8217; como Antonio Resines y Quim Guti\u00e9rrez. Ambos interpretes acudir\u00e1n al plat\u00f3 de las hormigas para presentar su \u00faltimo proyecto, la pel\u00edcula &#8216;Haciendo amigos&#8217;, cuyo estreno est\u00e1 previsto para el 10 de julio.<\/p>\n","protected":false},"excerpt":{"rendered":"&#8216;El Hormiguero&#8216; ya ha puesto nombre y apellidos a sus \u00faltimos invitados de la temporada. El programa de&hellip;\n","protected":false},"author":2,"featured_media":627515,"comment_status":"","ping_status":"","sticky":false,"template":"","format":"standard","meta":{"footnotes":""},"categories":[171],"tags":[4187,6437,146,147,25,24,20670,17775,116620,5764,61,3551,528,23,1152,214,4421,11004],"class_list":["post-627514","post","type-post","status-publish","format-standard","has-post-thumbnail","category-tv","tag-anuncia","tag-chef","tag-entertainment","tag-entretenimiento","tag-es","tag-espana","tag-figura","tag-hormiguero","tag-ilustre","tag-influencer","tag-internacional","tag-invitados","tag-revuelta","tag-spain","tag-temporada","tag-tv","tag-ultimos","tag-valenciana"],"share_on_mastodon":{"url":"https:\/\/pubeurope.com\/@es\/116817566235079807","error":""},"_links":{"self":[{"href":"https:\/\/www.europesays.com\/es\/wp-json\/wp\/v2\/posts\/627514","targetHints":{"allow":["GET"]}}],"collection":[{"href":"https:\/\/www.europesays.com\/es\/wp-json\/wp\/v2\/posts"}],"about":[{"href":"https:\/\/www.europesays.com\/es\/wp-json\/wp\/v2\/types\/post"}],"author":[{"embeddable":true,"href":"https:\/\/www.europesays.com\/es\/wp-json\/wp\/v2\/users\/2"}],"replies":[{"embeddable":true,"href":"https:\/\/www.europesays.com\/es\/wp-json\/wp\/v2\/comments?post=627514"}],"version-history":[{"count":0,"href":"https:\/\/www.europesays.com\/es\/wp-json\/wp\/v2\/posts\/627514\/revisions"}],"wp:featuredmedia":[{"embeddable":true,"href":"https:\/\/www.europesays.com\/es\/wp-json\/wp\/v2\/media\/627515"}],"wp:attachment":[{"href":"https:\/\/www.europesays.com\/es\/wp-json\/wp\/v2\/media?parent=627514"}],"wp:term":[{"taxonomy":"category","embeddable":true,"href":"https:\/\/www.europesays.com\/es\/wp-json\/wp\/v2\/categories?post=627514"},{"taxonomy":"post_tag","embeddable":true,"href":"https:\/\/www.europesays.com\/es\/wp-json\/wp\/v2\/tags?post=627514"}],"curies":[{"name":"wp","href":"https:\/\/api.w.org\/{rel}","templated":true}]}}