{"id":627556,"date":"2026-06-26T17:49:19","date_gmt":"2026-06-26T17:49:19","guid":{"rendered":"https:\/\/www.europesays.com\/es\/627556\/"},"modified":"2026-06-26T17:49:19","modified_gmt":"2026-06-26T17:49:19","slug":"primeros-inquilinos-de-san-fermin-los-toros-de-roca-rey-llegan-a-los-corrales-del-gas","status":"publish","type":"post","link":"https:\/\/www.europesays.com\/es\/627556\/","title":{"rendered":"Primeros inquilinos de San Ferm\u00edn: los toros de Roca Rey llegan a los Corrales del Gas"},"content":{"rendered":"<p style=\"\">Los<a href=\"https:\/\/www.abc.es\/cultura\/toros\/corrales-gas-sanctasanctorum-toro-tras-zumbido-chupinazo-20250706152446-nt.htm\" target=\"_self\" data-voc-vtm-id=\"in-text-traffic\" title=\" Corrales del Gas\" data-mrf-link=\"www.abc.es\" rel=\"nofollow noopener\"> Corrales del Gas<\/a> ya tienen inquilinos. Los toros de <a href=\"https:\/\/www.abc.es\/cultura\/toros\/lunes-alicante-20260622222438-nt.html\" target=\"_self\" data-voc-vtm-id=\"in-text-traffic\" title=\"Victoriano del R\u00edo\" rel=\"nofollow noopener\">Victoriano del R\u00edo<\/a> viajaron desde Guadalix de la Sierra han sido los primeros en ocupar el cuartel bravo de Rochapea en<a href=\"https:\/\/www.abc.es\/cultura\/toros\/carteles-toros-toreros-san-fermin-2026-20260521120250-nt.html\" target=\"_self\" data-voc-vtm-id=\"in-text-traffic\" title=\" Pamplona.\" data-mrf-link=\"www.abc.es\" rel=\"nofollow noopener\"> Pamplona.<\/a> Desembarcaron este jueves en una tarde de much\u00edsimo viento, de  &#8230; esas que para torear hubiesen complicado la lidia. <\/p>\n<p class=\"v-d-p\" style=\"\">Los astados de la divisa amarilla y negra son la materia prima de la esperad\u00edsima jornada del 9 de julio, de ese jueves de reuni\u00f3n de pe\u00f1as, con un cartel de alt\u00edsimo voltaje: es el primer pase\u00edllo de Andr\u00e9s Roca Rey, \u00eddolo en Pamplona, con una terna que abre Alejandro Talavante, triunfador de San Ferm\u00edn, y completa David de Miranda, triunfador de la Feria de Abril. <\/p>\n<p class=\"v-d-p\" style=\"\">La figura peruana, la \u00fanica que hace doblete, se anuncia tambi\u00e9n en el broche de la Feria del Toro, el 14 de julio, esta vez con ganado de Jandilla, junto a Juan Ortega y Tom\u00e1s Rufo.<\/p>\n<ul class=\"v-cmp-rld__u\">\n<li class=\"v-cmp-rld__l\">\n<p><a class=\"v-a-lnk\" href=\"http:\/\/www.abc.es\/cultura\/toros\/lunes-alicante-20260622222438-nt.html#vtm_modulosEngag=noticiasrelacionadas-cmp-uno:cultura:noticia:1\" title=\"La triple puerta grande del m\u00e1s cerca todav\u00eda\" data-voc-vtm-id=\"in-text-traffic\" rel=\"nofollow noopener\" target=\"_blank\"><br \/>\n<img decoding=\"async\" loading=\"lazy\" src=\"https:\/\/www.europesays.com\/es\/wp-content\/uploads\/2026\/06\/orejas-U54420371724TuY-366x256@diario_abc.jpg\" class=\"v-a-img\" width=\"258\" height=\"180\" alt=\"La triple puerta grande del m\u00e1s cerca todav\u00eda\"\/><br \/>\n<\/a><\/p>\n<\/li>\n<\/ul>\n<p class=\"v-d-p\" style=\"\">De momento, en ese escaparate mundial del toro que son los Corrales del Gas se escucha ya el lenguaje bravo con sus ocho ocupantes, cuyos pesos oscilan entre los 565 y los 610 kilos. Hay famosos bautismos, como Soleares, del mismo nombre que el del triunfo y la sangre roquista en Sevilla. Cinco son negros, el citado 119, Entonado, Casero, Ansisoso y Devoto; uno casta\u00f1o, Alabardero, y dos colorados, los de la jota de Jilguero y Jara. <\/p>\n<p class=\"v-d-p\" style=\"\">Antes de ser lidiados en la plaza -el verdadero sentido de criar el toro-, los victorianos correr\u00e1n por calles pamplonicas. A\u00fan se recuerda su celeridad en la edici\u00f3n 2025, cuando volaron en un rapid\u00edsimo encierro de dos minutos y diecinueve segundos. <\/p>\n<p class=\"v-d-p\" style=\"\">En la Monumental pamplonica se encuentran ya la novillada de Pincha y los toros del Capea para el festejo de rejones. <\/p>\n<p class=\"v-d-p\" style=\"\">Estas son todas las corridas de San Ferm\u00edn: <\/p>\n<p class=\"v-d-p\" style=\"\">Martes 7 de julio. Toros de Fuente Ymbro para Daniel Luque, V\u00edctor Hern\u00e1ndez y Aar\u00f3n Palacio.<\/p>\n<p class=\"v-d-p\" style=\"\">Mi\u00e9rcoles 8. Toros de Cebada Gago para David Galv\u00e1n, Rom\u00e1n y Manuel Diosleguarde.<\/p>\n<p class=\"v-d-p\" style=\"\">Jueves 9. Toros de Victoriano del R\u00edo para Alejandro Talavante, Andr\u00e9s Roca Rey y David de Miranda.<\/p>\n<p class=\"v-d-p\" style=\"\">Viernes 10. Toros de \u00c1lvaro N\u00fa\u00f1ez para Morante de la Puebla, Pablo Aguado y Borja Jim\u00e9nez.<\/p>\n<p class=\"v-d-p\" style=\"\">S\u00e1bado 11. Toros de Jos\u00e9 Escolar para Antonio Ferrera, Juan de Castilla e Isaac Fonseca.<\/p>\n<p class=\"v-d-p\" style=\"\">Domingo 12. Toros de La Palmosilla para Fortes, Fernando Adri\u00e1n y Samuel Naval\u00f3n.<\/p>\n<p class=\"v-d-p\" style=\"\">Lunes 13. Toros de Miura para Manuel Escribano, Pepe Moral y Jes\u00fas Enrique Colombo.<\/p>\n<p class=\"v-d-p\" style=\"\">Martes 14. Toros de Jandilla para Juan Ortega, Andr\u00e9s Roca Rey y Tom\u00e1s Rufo.<\/p>\n","protected":false},"excerpt":{"rendered":"Los Corrales del Gas ya tienen inquilinos. Los toros de Victoriano del R\u00edo viajaron desde Guadalix de la&hellip;\n","protected":false},"author":2,"featured_media":627557,"comment_status":"","ping_status":"","sticky":false,"template":"","format":"standard","meta":{"footnotes":""},"categories":[91],"tags":[9001,146,147,25,24,12556,4180,24218,6752,566,5330,1048,2228,23,444],"class_list":["post-627556","post","type-post","status-publish","format-standard","has-post-thumbnail","category-entretenimiento","tag-corrales","tag-entertainment","tag-entretenimiento","tag-es","tag-espana","tag-fermin","tag-gas","tag-inquilinos","tag-llegan","tag-primeros","tag-rey","tag-roca","tag-san","tag-spain","tag-toros"],"share_on_mastodon":{"url":"https:\/\/pubeurope.com\/@es\/116817675968972177","error":""},"_links":{"self":[{"href":"https:\/\/www.europesays.com\/es\/wp-json\/wp\/v2\/posts\/627556","targetHints":{"allow":["GET"]}}],"collection":[{"href":"https:\/\/www.europesays.com\/es\/wp-json\/wp\/v2\/posts"}],"about":[{"href":"https:\/\/www.europesays.com\/es\/wp-json\/wp\/v2\/types\/post"}],"author":[{"embeddable":true,"href":"https:\/\/www.europesays.com\/es\/wp-json\/wp\/v2\/users\/2"}],"replies":[{"embeddable":true,"href":"https:\/\/www.europesays.com\/es\/wp-json\/wp\/v2\/comments?post=627556"}],"version-history":[{"count":0,"href":"https:\/\/www.europesays.com\/es\/wp-json\/wp\/v2\/posts\/627556\/revisions"}],"wp:featuredmedia":[{"embeddable":true,"href":"https:\/\/www.europesays.com\/es\/wp-json\/wp\/v2\/media\/627557"}],"wp:attachment":[{"href":"https:\/\/www.europesays.com\/es\/wp-json\/wp\/v2\/media?parent=627556"}],"wp:term":[{"taxonomy":"category","embeddable":true,"href":"https:\/\/www.europesays.com\/es\/wp-json\/wp\/v2\/categories?post=627556"},{"taxonomy":"post_tag","embeddable":true,"href":"https:\/\/www.europesays.com\/es\/wp-json\/wp\/v2\/tags?post=627556"}],"curies":[{"name":"wp","href":"https:\/\/api.w.org\/{rel}","templated":true}]}}