{"id":627562,"date":"2026-06-26T17:53:15","date_gmt":"2026-06-26T17:53:15","guid":{"rendered":"https:\/\/www.europesays.com\/es\/627562\/"},"modified":"2026-06-26T17:53:15","modified_gmt":"2026-06-26T17:53:15","slug":"el-banco-de-espana-propone-que-se-amplie-a-ocho-anos-el-mandato-de-gobernador","status":"publish","type":"post","link":"https:\/\/www.europesays.com\/es\/627562\/","title":{"rendered":"El Banco de Espa\u00f1a propone que se ampl\u00ede a ocho a\u00f1os el mandato de gobernador"},"content":{"rendered":"<p style=\"\">Nada m\u00e1s ser designado gobernador del Banco de Espa\u00f1a y en medio de un fenomenal ruido pol\u00edtico por su condici\u00f3n de ex ministro del gobierno de Pedro S\u00e1nchez, Jos\u00e9 Luis Escriv\u00e1 anunci\u00f3 la creaci\u00f3n de un grupo de trabajo interno para darle una vuelta a  &#8230; la gobernanza del Banco de Espa\u00f1a, que entend\u00eda obsoleta y apuntalar su independencia. El resultado de ese trabajo ha salido a la luz este viernes y plantea algunas cuestiones relevantes. Una de las m\u00e1s significativas es su defensa del actual sistema de nombramientos, en el que <strong>es el Gobierno, a propuesta del ministro de Econom\u00eda, el que designa de forma unilateral al candidato<\/strong> a gobernador, que el grupo de trabajo ha considerado leg\u00edtimo democr\u00e1ticamente y sustentado \u00absobre bases te\u00f3ricas s\u00f3lidas\u00bb. Aceptado este principio, el informe esquiva cualquier consideraci\u00f3n respecto a la necesidad de reforzar el esquema de control sobre la idoneidad y la procedencia del candidato, y sobre sus posibles conflictos de inter\u00e9s, que fue precisamente la cuesti\u00f3n que gener\u00f3 m\u00e1s alarma social en el nombramiento de Escriv\u00e1.<\/p>\n<p class=\"v-d-p\" style=\"\">S\u00ed entra, por el contrario, en el otro gran debate sobre la gobernanza del Banco de Espa\u00f1a: la <strong>duraci\u00f3n del mandato del gobernador<\/strong>. La propuesta del grupo de trabajo de la instituci\u00f3n es ampliar a ocho a\u00f1os improrrogables la duraci\u00f3n del mandato, bajo el argumento de que esa extensi\u00f3n lo alejar\u00eda de la duraci\u00f3n de los ciclos pol\u00edticos, aunque el informe que la instituci\u00f3n ha hecho suyo desliza que no ver\u00eda mal mantener la duraci\u00f3n actual y que se pudiera prorrogar durante seis a\u00f1os m\u00e1s. Para evitar suspicacias, los autores precisan que ese r\u00e9gimen no deber\u00eda activarse hasta la designaci\u00f3n del pr\u00f3ximo gobernador de la entidad.<\/p>\n<p class=\"v-d-p\" style=\"\">El modelo plantado por la instituci\u00f3n no ha terminado de convencer al PP. \u00abCada \u00f3rgano de gobierno se elige de una forma distinta, pero hasta hace poco hab\u00eda una serie de reglas no escritas que garantizaban una representaci\u00f3n equitativa en los mismos en funci\u00f3n de la representaci\u00f3n parlamentaria\u00bb, explica Alberto Nadal, secretario de Econom\u00eda y Empleo de los populares. \u00abLa experiencia nos dice que esas reglas no escritas ya no se respetan y eso es m\u00e1s importante que definir la duraci\u00f3n de los mandatos\u00bb, remacha. <\/p>\n<p class=\"v-d-p\" style=\"\">Las cr\u00edticas de los populares se orientan casi m\u00e1s a lo que se obvia en el informe que a lo que se recoge en el mismo y apuntan a que si hubiera que retocar la gobernanza del Banco de Espa\u00f1a deber\u00eda ser para impedir que personas que forman parte de un gobierno puedan pasar sin soluci\u00f3n de continuidad a la posici\u00f3n de gobernador, subgobernador o consejero de una instituci\u00f3n independiente. No se trata, aseguran las fuentes consultadas, de no valorar la aportaci\u00f3n que supone una experiencia de gobierno, pero s\u00ed de garantizar que la actuaci\u00f3n de esas personas vaya a ser independiente lo que es complicado cuando se pasa de un puesto a otro.<\/p>\n<p class=\"v-a-t\">\nLa propuesta de reforma, que tiene que ser avalada por el Congreso, no afectar\u00eda al mandato de Escriv\u00e1, que quedar\u00eda excluido\n<\/p>\n<p class=\"v-d-p\" style=\"\">El an\u00e1lisis que el equipo de trabajo del supervisor ha realizado durante casi dos a\u00f1os toma como referencia para sus propuestas lo que ocurre en otros bancos centrales europeos: mandatos de duraci\u00f3n m\u00e1s corta (normalmente cinco o seis a\u00f1os) con <strong>posibilidad de renovaci\u00f3n<\/strong>, que es el m\u00e1s habitual entre los socios europeos; o directamente m\u00e1s largos (de hasta ocho a\u00f1os) sin m\u00e1s pr\u00f3rroga posible, como ocurre en Fr\u00e1ncfort o Reino Unido.<\/p>\n<p class=\"v-d-p\" style=\"\">En este sentido, reivindica un papel m\u00e1s activo del Parlamento en los nombramientos del Banco de Espa\u00f1a para reforzar la legitimidad democr\u00e1tica de la instituci\u00f3n, que es uno de los asuntos que con m\u00e1s regularidad se ponen en cuesti\u00f3n desde, sobre todo, la izquierda parlamentaria. Rechaza, sin embargo, que ese poder parlamentario llegue al punto de <strong>poder tumbar al aspirante a gobernador<\/strong> que designe el Gobierno. De hecho, sostiene que un eventual poder de veto por parte de las Cortes podr\u00eda \u00abplantear riesgos de bloqueo\u00bb para la instituci\u00f3n, especialmente en contexto de elevada polarizaci\u00f3n. Lo que prev\u00e9 es que el gobernador, la subgobernadora y los consejeros que se designen en el Banco de Espa\u00f1a tengan que pasar por el Congreso, no para valorar su idoneidad sino para explicar sus planes. <\/p>\n<p class=\"v-d-p\" style=\"\">Tambi\u00e9n avala, no obstante, que las Cortes tengan capacidad para designar parte de los miembros del Consejo de Gobierno del Banco de Espa\u00f1a, una potestad que actualmente reside tambi\u00e9n en el Gobierno tras escuchar al gobernador.<\/p>\n<p>\nNombramientos m\u00e1s escalonados\n<\/p>\n<p class=\"v-d-p\" style=\"\">El Banco de Espa\u00f1a argumenta que la ampliaci\u00f3n del mandato del gobernador y su blindaje -solo podr\u00eda cesarse al gobernador ante alguna causa tasada en la propia redacci\u00f3n de la ley- \u00abrefuerzan la independencia personal de las personas nombradas como gobernadores<strong> frente a las presiones pol\u00edticas\u00bb<\/strong>. Y al ser m\u00e1s largo en el tiempo, sostiene el supervisor, \u00abproporciona una mayor estabilidad institucional y confiere a las personas nombradas el tiempo necesario para fortalecer su liderazgo interno y para desarrollar mayor influencia en el BCE y en otros organismos internacionales\u00bb.<\/p>\n<p class=\"v-a-t\">\nEl PP cree que la renovaci\u00f3n de la gobernanza del Banco de Espa\u00f1a debe pasar m\u00e1s por impedir las puertas giratorias que por ampliar el periodo de mandato\n<\/p>\n<p class=\"v-d-p\" style=\"\">Adem\u00e1s, para evitar sorpresas inesperadas que lleguen a cruzar el calendario electoral con el estrictamente financiero, el grupo de trabajo del Banco de Espa\u00f1a propone tambi\u00e9n una especie de <strong>\u00abescalonamiento de mandatos\u00bb.<\/strong> Es decir, que la renovaci\u00f3n de los \u00f3rganos, como el consejo, no se acometan de una sola vez, sino por etapas. Por ejemplo, se puede prever una duraci\u00f3n diferente para los mandatos de los miembros rectores con la que un gobernador no tendr\u00eda siempre bajo su sombra al mismo subgobernador, sino que sus carreras ir\u00edan por separado.<\/p>\n<p>\nInvolucrar a las Cortes\n<\/p>\n<p class=\"v-d-p\" style=\"\">El documento tambi\u00e9n aboga por dar un papel m\u00e1s decisivo a las Cortes Generales, para apuntalar la <strong>legitimidad democr\u00e1tica<\/strong> de la instituci\u00f3n. Como ya se ha mencionado, no para proponer el nombre del gobernador, pero s\u00ed para proponer algunos nombres para el Consejo de Gobierno del Banco de Espa\u00f1a y tambi\u00e9n para examinar la idoneidad de todos los miembros de sus \u00f3rganos directivos, aunque sin capacidad de veto. El documento tambi\u00e9n abre la puerta a incorporar para el Comit\u00e9 de Direcci\u00f3n, actualmente formado por el gobernador, la subgobernadora y dos consejeros del banco, a perfiles ajenos al banco y a ampliar su composici\u00f3n a seis miembros para que opere como un aut\u00e9ntico \u00f3rgano de gobierno con \u00e1reas espec\u00edficas de competencia para cada miembro.<\/p>\n<p class=\"v-d-p\" style=\"\">El grupo de trabajo argumenta que su funcionamiento se desv\u00eda del modelo que se ha dise\u00f1ado para otras autoridades independientes espa\u00f1olas, como la Comisi\u00f3n Nacional de los Mercados y la Competencia <strong>(CNMC) o la Airef,<\/strong> de la que Escriv\u00e1 fue su responsable con el Gobierno de Mariano Rajoy. Por eso, considera oportuno que las Cortes puedan designar y nombrar a miembros de los \u00f3rganos rectores del Banco de Espa\u00f1a. Ahora, es el Ejecutivo de turno quien designa a estos miembros, aunque lo habitual era que los pactase con el primer partido de la oposici\u00f3n. Con el cambio propuesto, habr\u00eda una mayor involucraci\u00f3n del legislativo que \u00abpermitir\u00eda reforzar la legitimidad democr\u00e1ticas\u00bb de la instituci\u00f3n, obligar\u00eda a rendir m\u00e1s cuentas al Parlamento y mejorar\u00eda su independencia. <\/p>\n<p>\nUn mandato plagado de cambios\n<\/p>\n<p class=\"v-d-p\" style=\"\">La gobernanza -duraci\u00f3n del mandato y estructura del poder organizativo en Cibeles, la plaza donde se ubica la sede central del supervisor- ha sido una de las obsesiones de Escriv\u00e1 desde el momento en que fue designado gobernador. Bien porque<strong> aterriz\u00f3 en la instituci\u00f3n ensombrecido<\/strong> por haber sido ministro del Gobierno que lo nombr\u00f3 como responsable de Seguridad Social, bien porque consideraba que era el momento de acometer esta reforma, Escriv\u00e1 anunci\u00f3 este grupo de trabajo en su primer discurso, para \u00abrevisitar aspectos de la ley que puedan reforzar todav\u00eda m\u00e1s su independencia\u00bb porque era \u00abuna cuesti\u00f3n que se debe evaluar\u00bb.<\/p>\n<p class=\"v-d-p\" style=\"\">El camino recorrido por Escriv\u00e1 al frente del Banco de Espa\u00f1a ha estado cargado de cambios que le han dado a la instituci\u00f3n un cariz distinto al que ten\u00eda su antecesor. El actual gobernador ya asombr\u00f3 al anticipar que los informes del supervisor ser\u00edan<strong> m\u00e1s anal\u00edticos que propositivos<\/strong>. Es decir, que el Banco iba a dejar de hacer propuestas al Gobierno y los agentes sociales sobre las pol\u00edticas econ\u00f3micas que se deb\u00edan poner en marcha. Porque eso era, insiste, una funci\u00f3n del ejecutivo o del legislativo.<\/p>\n<p class=\"v-d-p\" style=\"\">La designaci\u00f3n de David L\u00f3pez Salido, un economista que trabajaba hasta ahora en la Reserva Federal de Estados Unidos, como director del servicio de estudios supuso un punto de inflexi\u00f3n tras la abrupta salida de <strong>\u00c1ngel Gavil\u00e1n,<\/strong> precisamente hace ahora un a\u00f1o. El \u00faltimo informe presentado por Gavil\u00e1n omiti\u00f3 finalmente referencias a la sostenibilidad del sistema de <strong>pensiones<\/strong>, en una fricci\u00f3n que habr\u00eda mantenido con el gobernador, a la saz\u00f3n ministro de Seguridad Social. \u00abNosotros no tenemos capacidad t\u00e9cnica para aportar sobre la sostenibilidad de las pensiones\u00ab, lleg\u00f3 a asegurar Escriv\u00e1 al presentar el Plan Estrat\u00e9gico 2030 del Banco de Espa\u00f1a.<\/p>\n","protected":false},"excerpt":{"rendered":"Nada m\u00e1s ser designado gobernador del Banco de Espa\u00f1a y en medio de un fenomenal ruido pol\u00edtico por&hellip;\n","protected":false},"author":2,"featured_media":627563,"comment_status":"","ping_status":"","sticky":false,"template":"","format":"standard","meta":{"footnotes":""},"categories":[8],"tags":[116633,988,1456,17,18,25,24,13,14,28654,11,19,20,61003,9,10,15,16,2799,918,23,12,21,22],"class_list":["post-627562","post","type-post","status-publish","format-standard","has-post-thumbnail","category-espana","tag-amplie","tag-anos","tag-banco","tag-breaking-news","tag-breakingnews","tag-es","tag-espana","tag-featured-news","tag-featurednews","tag-gobernador","tag-headlines","tag-latest-news","tag-latestnews","tag-mandato","tag-news","tag-noticias","tag-noticias-destacadas","tag-noticiasdestacadas","tag-ocho","tag-propone","tag-spain","tag-titulares","tag-ultimas-noticias","tag-ultimasnoticias"],"share_on_mastodon":{"url":"https:\/\/pubeurope.com\/@es\/116817691054136459","error":""},"_links":{"self":[{"href":"https:\/\/www.europesays.com\/es\/wp-json\/wp\/v2\/posts\/627562","targetHints":{"allow":["GET"]}}],"collection":[{"href":"https:\/\/www.europesays.com\/es\/wp-json\/wp\/v2\/posts"}],"about":[{"href":"https:\/\/www.europesays.com\/es\/wp-json\/wp\/v2\/types\/post"}],"author":[{"embeddable":true,"href":"https:\/\/www.europesays.com\/es\/wp-json\/wp\/v2\/users\/2"}],"replies":[{"embeddable":true,"href":"https:\/\/www.europesays.com\/es\/wp-json\/wp\/v2\/comments?post=627562"}],"version-history":[{"count":0,"href":"https:\/\/www.europesays.com\/es\/wp-json\/wp\/v2\/posts\/627562\/revisions"}],"wp:featuredmedia":[{"embeddable":true,"href":"https:\/\/www.europesays.com\/es\/wp-json\/wp\/v2\/media\/627563"}],"wp:attachment":[{"href":"https:\/\/www.europesays.com\/es\/wp-json\/wp\/v2\/media?parent=627562"}],"wp:term":[{"taxonomy":"category","embeddable":true,"href":"https:\/\/www.europesays.com\/es\/wp-json\/wp\/v2\/categories?post=627562"},{"taxonomy":"post_tag","embeddable":true,"href":"https:\/\/www.europesays.com\/es\/wp-json\/wp\/v2\/tags?post=627562"}],"curies":[{"name":"wp","href":"https:\/\/api.w.org\/{rel}","templated":true}]}}