{"id":627692,"date":"2026-06-26T19:27:32","date_gmt":"2026-06-26T19:27:32","guid":{"rendered":"https:\/\/www.europesays.com\/es\/627692\/"},"modified":"2026-06-26T19:27:32","modified_gmt":"2026-06-26T19:27:32","slug":"el-ingeniero-bilbaino-jon-sustacha-se-encuentra-desaparecido-tras-los-terremotos-de-venezuela","status":"publish","type":"post","link":"https:\/\/www.europesays.com\/es\/627692\/","title":{"rendered":"El ingeniero bilba\u00edno Jon Sustacha se encuentra desaparecido tras los terremotos de Venezuela"},"content":{"rendered":"<p style=\"\">El ingeniero bilba\u00edno Jon Sustacha, de 69 a\u00f1os, es uno de los dos desaparecidos vascos a los que se busca tras los devastadores terremotos de  &#8230; Venezuela. Radio Euskadi ha avanzado este viernes que no se sabe nada de este empresario a quien los se\u00edsmos sorprendieron en el interior de su piso en Playa Grande, en La Guaira, la zona del pa\u00eds m\u00e1s afectada. Asimismo, se busca a la guipuzcoana Mar\u00eda del Coro Barriola, de padres donostiarras y residente tambi\u00e9n en la &#8216;zona cero&#8217;.<\/p>\n<p class=\"v-d-p\" style=\"\">Carteles con la fotograf\u00eda del bilba\u00edno desaparecido circulan en redes sociales con la esperanza de dar con su paradero. Seg\u00fan informa &#8216;El Espa\u00f1ol&#8217;, el hombre tiene un hijo y estaba a punto de jubilarse despu\u00e9s de una vida trabajando en Venezuela, donde ha dirigido su propia empresa de aires acondicionados y servicios de refrigeraci\u00f3n y calefacci\u00f3n. A sus 69 a\u00f1os, planeaba regresar a su Bilbao natal este mismo a\u00f1o para disfrutar de su nueva etapa vital. Sin embargo, los devastadores terremotos que han asolado el pa\u00eds caribe\u00f1o lo han cambiado todo. <\/p>\n<blockquote class=\"twitter-tweet\">\n<p lang=\"es\" dir=\"ltr\">Hola. Por favor ruego por ayuda. Estaba en su casa en Los Corsarios cuando fue el terremoto. Se llama Juan Luis Sustacha y responde al nombre de Jon Sustacha. Estamos desesperados les ruego ayuda por favor <a href=\"https:\/\/t.co\/dbPaBrdgb7\" rel=\"nofollow\">pic.twitter.com\/dbPaBrdgb7<\/a><\/p>\n<p>\u2014 Daniela Mendes (@danimendes31) <a href=\"https:\/\/x.com\/danimendes31\/status\/2070301275304964418?ref_src=twsrc%5Etfw\" rel=\"nofollow\">June 26, 2026<\/a><\/p><\/blockquote>\n<p class=\"v-d-p\" style=\"\">Seg\u00fan declaraciones de su familia al citado diario, Jon reside junto a su esposa Roxana Meneses en uno de los pisos m\u00e1s altos del edificio llamado Los Corsarios y la estructura colaps\u00f3. Aseguran que los vecinos solo han podido sacar a \u00abtres vecinos muertos y a una se\u00f1ora que viv\u00eda en el primer piso, que s\u00ed ha logrado sobrevivir\u00bb. Su mujer, en cambio, se encuentra bien, ya que poco antes de que la tierra empezara a temblar hab\u00eda salido del apartamento con sus dos perritos para visitar a un sobrino.<\/p>\n<p class=\"v-d-p\" style=\"\">Por su parte, la mujer guipuzcoana viv\u00eda en el barrio de Los Corales, que seg\u00fan el presidente de la Euskal Etxea, Ibane Azpiritxaga, fue \u00abdonde pas\u00f3 todo lo peor\u00bb. De momento, no se tienen noticias sobre su paradero. \u00abNo se sabe nada de Mar\u00eda del Coro\u00bb, confirm\u00f3 Azpiritxaga.<\/p>\n<p class=\"v-d-p\" style=\"\">El terremoto se produjo en pleno d\u00eda festivo. El presidente de la Euskal Etxea y otros miembros se encontraban en la sede cuando empezaron los temblores. \u00abLa intensidad fue tal que el agua de la piscina se desbord\u00f3 por completo\u00bb, explica su presidente. <\/p>\n<p class=\"v-d-p\" style=\"\">Por fortuna para el centro vasco, el edificio no ha sufrido problemas estructurales graves, \u00absolo desperfectos menores\u00bb, a la espera de un reconocimiento m\u00e1s exhaustivo por parte de los ingenieros. Azpiritxaga ha querido destacar la r\u00e1pida movilizaci\u00f3n de los j\u00f3venes de la comunidad hacia San Bernardino, una de las zonas donde m\u00e1s edificios se han derrumbado. \u00abEstamos en este momento enfocados en sacar a la gente que est\u00e1 bajo los escombros\u00bb, explica Azpiritxaga. Vendr\u00e1 despu\u00e9s lo dem\u00e1s.<\/p>\n<p><script async src=\"https:\/\/platform.twitter.com\/widgets.js\" charset=\"utf-8\"><\/script><\/p>\n","protected":false},"excerpt":{"rendered":"El ingeniero bilba\u00edno Jon Sustacha, de 69 a\u00f1os, es uno de los dos desaparecidos vascos a los que&hellip;\n","protected":false},"author":2,"featured_media":627693,"comment_status":"","ping_status":"","sticky":false,"template":"","format":"standard","meta":{"footnotes":""},"categories":[8],"tags":[116642,17,18,331,50676,25,24,13,14,11800,11,19,20,1932,9,10,15,16,23,7049,12,575,21,22,1192],"class_list":["post-627692","post","type-post","status-publish","format-standard","has-post-thumbnail","category-espana","tag-barriola","tag-breaking-news","tag-breakingnews","tag-busca","tag-coro","tag-es","tag-espana","tag-featured-news","tag-featurednews","tag-guipuzcoana","tag-headlines","tag-latest-news","tag-latestnews","tag-maria","tag-news","tag-noticias","tag-noticias-destacadas","tag-noticiasdestacadas","tag-spain","tag-terremoto","tag-titulares","tag-tras","tag-ultimas-noticias","tag-ultimasnoticias","tag-venezuela"],"share_on_mastodon":{"url":"https:\/\/pubeurope.com\/@es\/116818060800924771","error":""},"_links":{"self":[{"href":"https:\/\/www.europesays.com\/es\/wp-json\/wp\/v2\/posts\/627692","targetHints":{"allow":["GET"]}}],"collection":[{"href":"https:\/\/www.europesays.com\/es\/wp-json\/wp\/v2\/posts"}],"about":[{"href":"https:\/\/www.europesays.com\/es\/wp-json\/wp\/v2\/types\/post"}],"author":[{"embeddable":true,"href":"https:\/\/www.europesays.com\/es\/wp-json\/wp\/v2\/users\/2"}],"replies":[{"embeddable":true,"href":"https:\/\/www.europesays.com\/es\/wp-json\/wp\/v2\/comments?post=627692"}],"version-history":[{"count":0,"href":"https:\/\/www.europesays.com\/es\/wp-json\/wp\/v2\/posts\/627692\/revisions"}],"wp:featuredmedia":[{"embeddable":true,"href":"https:\/\/www.europesays.com\/es\/wp-json\/wp\/v2\/media\/627693"}],"wp:attachment":[{"href":"https:\/\/www.europesays.com\/es\/wp-json\/wp\/v2\/media?parent=627692"}],"wp:term":[{"taxonomy":"category","embeddable":true,"href":"https:\/\/www.europesays.com\/es\/wp-json\/wp\/v2\/categories?post=627692"},{"taxonomy":"post_tag","embeddable":true,"href":"https:\/\/www.europesays.com\/es\/wp-json\/wp\/v2\/tags?post=627692"}],"curies":[{"name":"wp","href":"https:\/\/api.w.org\/{rel}","templated":true}]}}