{"id":627701,"date":"2026-06-26T19:37:15","date_gmt":"2026-06-26T19:37:15","guid":{"rendered":"https:\/\/www.europesays.com\/es\/627701\/"},"modified":"2026-06-26T19:37:15","modified_gmt":"2026-06-26T19:37:15","slug":"al-barca-se-le-escapa-asllani-el-dortmund-pagara-30-millones-de-euros-por-el-delantero-kosovar","status":"publish","type":"post","link":"https:\/\/www.europesays.com\/es\/627701\/","title":{"rendered":"Al Bar\u00e7a se le escapa Asllani: el Dortmund pagar\u00e1 30 millones de euros por el delantero kosovar"},"content":{"rendered":"<p class=\"ft-text\">El FC Barcelona est\u00e1 a punto de quedarse sin <strong>uno de los delanteros j\u00f3venes que m\u00e1s hab\u00eda seguido <\/strong>para reemplazar a Robert Lewandowski. <strong>Fisnik Asllani<\/strong>, atacante del Hoffenheim de 23 a\u00f1os, era <a class=\"ft-link ft-link--decoration\" href=\"https:\/\/www.sport.es\/es\/noticias\/barca\/barca-pide-precio-asllani-128606511\" rel=\"nofollow noopener\" target=\"_blank\">uno de los perfiles marcados en rojo en la planificaci\u00f3n de la direcci\u00f3n deportiva blaugrana<\/a> por su estilo de juego, proyecci\u00f3n y un precio considerado asumible en el actual contexto de mercado.<\/p>\n<p class=\"ft-text\">El kosovar, <strong>con una cl\u00e1usula de rescisi\u00f3n situada en torno a los 30 millones de euros<\/strong>, hab\u00eda entrado en la \u00f3rbita de varios grandes clubes europeos, como el Bayern de M\u00fanich. Su combinaci\u00f3n de juventud, f\u00edsico y capacidad para producir tanto goles como asistencias lo hab\u00eda convertido en<strong> una de las oportunidades m\u00e1s atractivas del mercado para este mercado<\/strong>, como perfil de delantero moderno que escasea y que suele generar aut\u00e9nticas subastas entre los grandes del continente.<\/p>\n<p><img decoding=\"async\" src=\"https:\/\/www.europesays.com\/es\/wp-content\/uploads\/2026\/06\/0e5cb049-c852-4912-98c4-5b7cf18f97b4_alta-libre-aspect-ratio_default_0_x600y225.jpg\" width=\"1200\" height=\"675\" alt=\"Fisnik Asllani celebra la victoria de Kosovo para la final de la Clasificaci\u00f3n al Mundial 2026\" class=\"ft-helper-img-rd\" loading=\"lazy\" fetchpriority=\"auto\"\/><\/p>\n<p class=\"ft-helper-fontColor-quaternary ft-helper-fontSize-body-S ft-helper-spacer-t-xxs\">Fisnik Asllani celebra la victoria de Kosovo para la final de la Clasificaci\u00f3n al Mundial 2026  \/ INSTAGRAM @fisnikasllani<\/p>\n<p>El Dortmund, el m\u00e1s decidido<\/p>\n<p class=\"ft-text\">Seg\u00fan avanzan diversos medios especializados, <strong>el Borussia Dortmund es quien finalmente se har\u00e1 con los servicios del kosovar<\/strong>. El club alem\u00e1n, habitual cazador de talento joven en Europa, habr\u00eda alcanzado ya un acuerdo con el jugador y <strong>estar\u00eda preparado para ejecutar su cl\u00e1usula de rescisi\u00f3n<\/strong>.<\/p>\n<p class=\"ft-text\"><strong>La irrupci\u00f3n de Asllani en la Bundesliga<\/strong> ha sido uno de los focos de atenci\u00f3n de la competici\u00f3n esta temporada. El delantero ha sido clave en la clasificaci\u00f3n del Hoffenheim a la Europa League, <strong>firmando 11 goles y 10 asistencias en 35 partidos oficiales<\/strong>, cifras que reflejan su capacidad para aportar tanto en la finalizaci\u00f3n como en la creaci\u00f3n de juego.<\/p>\n<p><img decoding=\"async\" src=\"https:\/\/www.europesays.com\/es\/wp-content\/uploads\/2026\/06\/108ee75b-8f66-4e6c-8cbc-714bce417a62_alta-libre-aspect-ratio_default_0.jpg\" width=\"1200\" height=\"675\" alt=\"Asllani celebra un gol ante el Bayer Leverkusen\" class=\"ft-helper-img-rd\" loading=\"lazy\" fetchpriority=\"auto\"\/><\/p>\n<p class=\"ft-helper-fontColor-quaternary ft-helper-fontSize-body-S ft-helper-spacer-t-xxs\">Asllani celebra un gol ante el Bayer Leverkusen  \/ Bundesliga<\/p>\n<p>Un perfil muy seguido por el Bar\u00e7a<\/p>\n<p class=\"ft-text\">En clave azulgrana, <strong>Asllani era visto como una opci\u00f3n interesante dentro del abanico de delanteros que controla la direcci\u00f3n deportiva para el corto y largo plazo<\/strong>. Su perfil f\u00edsico (1,91 m), su movilidad en el \u00e1rea y su progresi\u00f3n en la Bundesliga encajaban en la idea de incorporar un atacante joven, con margen de crecimiento y coste relativamente bajo.<\/p>\n<p class=\"ft-text\">Adem\u00e1s el entorno del kosovar lleg\u00f3 a confirmar contactos con el Bar\u00e7a: \u00ab<strong>El inter\u00e9s del Barcelona por el jugador es real en este momento, y el club catal\u00e1n se ha puesto en contacto con nosotros<\/strong>\u00ab, declar\u00f3 su agente Ayman Dahmani.<\/p>\n<p class=\"ft-text\">El propio jugador tambi\u00e9n dej\u00f3 en varias ocasiones mensajes de admiraci\u00f3n hacia el club blaugrana: \u00ab<strong>Mi mayor sue\u00f1o siempre ha sido jugar para el FC Barcelona. Mi primera camiseta fue una del Bar\u00e7a. Y desde ese momento, siempre he querido representar al club<\/strong>\u00ab, lleg\u00f3 a declarar en su momento.<\/p>\n<p class=\"ft-text\">Finalmente, pero, <strong>el conjunto cul\u00e9 tendr\u00e1 que buscar otras opciones \u201clow cost\u00bb en caso de no poder hacerse con una estrella mundial para el &#8216;9&#8217;.<\/strong><\/p>\n","protected":false},"excerpt":{"rendered":"El FC Barcelona est\u00e1 a punto de quedarse sin uno de los delanteros j\u00f3venes que m\u00e1s hab\u00eda seguido&hellip;\n","protected":false},"author":2,"featured_media":627702,"comment_status":"","ping_status":"","sticky":false,"template":"","format":"standard","meta":{"footnotes":""},"categories":[268],"tags":[51563,2296,18012,168,45434,25,36802,24,280,282,3294,281,23,167],"class_list":["post-627701","post","type-post","status-publish","format-standard","has-post-thumbnail","category-futbol","tag-asllani","tag-barca","tag-borussia-dortmund","tag-deportes","tag-dortmund","tag-es","tag-escapa","tag-espana","tag-football","tag-futbol","tag-le","tag-soccer","tag-spain","tag-sports"],"share_on_mastodon":{"url":"https:\/\/pubeurope.com\/@es\/116818100262445977","error":""},"_links":{"self":[{"href":"https:\/\/www.europesays.com\/es\/wp-json\/wp\/v2\/posts\/627701","targetHints":{"allow":["GET"]}}],"collection":[{"href":"https:\/\/www.europesays.com\/es\/wp-json\/wp\/v2\/posts"}],"about":[{"href":"https:\/\/www.europesays.com\/es\/wp-json\/wp\/v2\/types\/post"}],"author":[{"embeddable":true,"href":"https:\/\/www.europesays.com\/es\/wp-json\/wp\/v2\/users\/2"}],"replies":[{"embeddable":true,"href":"https:\/\/www.europesays.com\/es\/wp-json\/wp\/v2\/comments?post=627701"}],"version-history":[{"count":0,"href":"https:\/\/www.europesays.com\/es\/wp-json\/wp\/v2\/posts\/627701\/revisions"}],"wp:featuredmedia":[{"embeddable":true,"href":"https:\/\/www.europesays.com\/es\/wp-json\/wp\/v2\/media\/627702"}],"wp:attachment":[{"href":"https:\/\/www.europesays.com\/es\/wp-json\/wp\/v2\/media?parent=627701"}],"wp:term":[{"taxonomy":"category","embeddable":true,"href":"https:\/\/www.europesays.com\/es\/wp-json\/wp\/v2\/categories?post=627701"},{"taxonomy":"post_tag","embeddable":true,"href":"https:\/\/www.europesays.com\/es\/wp-json\/wp\/v2\/tags?post=627701"}],"curies":[{"name":"wp","href":"https:\/\/api.w.org\/{rel}","templated":true}]}}