{"id":627897,"date":"2026-06-26T22:13:16","date_gmt":"2026-06-26T22:13:16","guid":{"rendered":"https:\/\/www.europesays.com\/es\/627897\/"},"modified":"2026-06-26T22:13:16","modified_gmt":"2026-06-26T22:13:16","slug":"la-jueza-de-la-dana-cita-como-testigo-al-director-general-de-atencion-a-las-victimas-de-la-generalitat-durante-la-tragedia","status":"publish","type":"post","link":"https:\/\/www.europesays.com\/es\/627897\/","title":{"rendered":"La jueza de la DANA cita como testigo al director general de Atenci\u00f3n a las V\u00edctimas de la Generalitat durante la tragedia"},"content":{"rendered":"<p class=\"L6-news-detail__text\">La jueza de Catarroja (Valencia) que investiga <a title=\"la gesti\u00f3n de la DANA\" href=\"https:\/\/www.lasexta.com\/temas\/dana-1\" target=\"_blank\" rel=\"nofollow noopener\"><b>la gesti\u00f3n de la DANA<\/b><\/a> ha acordado citar a declarar a cinco nuevos testigos, entre ellos <b>el director general de Atenci\u00f3n a las V\u00edctimas de la Generalitat<\/b> en la fecha en la que se produjo la tragedia que cost\u00f3 la vida a 230 personas, Francisco Javier Soler, quien formaba parte del equipo de la principal investigada en la causa, la exconsejera de Justicia e Interior Salom\u00e9 Pradas.<\/p>\n<p class=\"L6-news-detail__text\">As\u00ed figura en la providencia de la magistrada que <b>se ha notificado este viernes a las partes que est\u00e1n personadas<\/b> en las Diligencias Previas 692\/24 de la plaza 3 de la Secci\u00f3n Civil y de Instrucci\u00f3n del Tribunal de Instancia de Catarroja, ha informado el Tribunal Superior de Justicia de la Comunitat Valenciana (TSJCV).<\/p>\n<p class=\"L6-news-detail__text\">La instructora de la causa se\u00f1ala que, a la vista de la documentaci\u00f3n remitida por la Conselleria de Emergencias, <b>se acuerda la testifical de cinco personas<\/b>, una de ellas quien era director general de Atenci\u00f3n a las V\u00edctimas de la Generalitat en aquella fecha.<\/p>\n<p class=\"L6-news-detail__text\">Tambi\u00e9n este viernes se ha notificado a las partes una diligencia de ordenaci\u00f3n en la que la letrada de la Administraci\u00f3n de Justicia fija <b>tres d\u00edas de septiembre para recibir declaraci\u00f3n a 16 testigos <\/b>en el marco de diferentes piezas de fallecidos y lesionados, al tiempo que comunica a las partes la notificaci\u00f3n de la transcripci\u00f3n de la declaraci\u00f3n testifical prestada el pasado 10 de junio por la vicepresidenta del Consell Susana Camarero.<\/p>\n<p class=\"L6-news-detail__text\"><a title=\"*A\u00f1ade laSexta como tu medio de referencia en Google y no te pierdas toda la actualidad y el mejor contenido\" href=\"https:\/\/www.google.com\/preferences\/source?q=lasexta.com\" target=\"_blank\" rel=\"nofollow noopener\"><b>*A\u00f1ade laSexta como tu medio de referencia en Google y no te pierdas toda la actualidad y el mejor contenido<\/b><\/a><\/p>\n<p class=\"L6-support-news-video__title\">Tragedia en Venezuela<\/p>\n<p> <a href=\"https:\/\/www.lasexta.com\/noticias\/internacional\/sigue-busqueda-supervivientes-venezuela-dolor-esperanza-tengo-cuatro-ninos-les-escuche-gritar_202606266a3ed2c57a154352a3a5af64.html\" class=\"L6-news__link\" rel=\"nofollow noopener\" target=\"_blank\"> Sigue la b\u00fasqueda de supervivientes en Venezuela, entre el dolor y esperanza: \u00abTengo cuatro ni\u00f1os, les escuch\u00e9 gritar\u00bb<\/p>\n<p class=\"recirculation-video-desc\">Los detalles Cada rescate en La Guaira se vive como un milagro, ante la certeza de que a cada hora que pasa ser\u00e1 m\u00e1s complicado encontrar supervivientes.<\/p>\n<p> <\/a><\/p>\n","protected":false},"excerpt":{"rendered":"La jueza de Catarroja (Valencia) que investiga la gesti\u00f3n de la DANA ha acordado citar a declarar a&hellip;\n","protected":false},"author":2,"featured_media":627898,"comment_status":"","ping_status":"","sticky":false,"template":"","format":"standard","meta":{"footnotes":""},"categories":[8],"tags":[17,18,1681,2125,25,24,13,14,11,19,20,9,10,15,110362,16,23,12,21,22,235],"class_list":["post-627897","post","type-post","status-publish","format-standard","has-post-thumbnail","category-espana","tag-breaking-news","tag-breakingnews","tag-dana","tag-directo","tag-es","tag-espana","tag-featured-news","tag-featurednews","tag-headlines","tag-latest-news","tag-latestnews","tag-news","tag-noticias","tag-noticias-destacadas","tag-noticias-ultima-hora","tag-noticiasdestacadas","tag-spain","tag-titulares","tag-ultimas-noticias","tag-ultimasnoticias","tag-valencia"],"share_on_mastodon":{"url":"","error":""},"_links":{"self":[{"href":"https:\/\/www.europesays.com\/es\/wp-json\/wp\/v2\/posts\/627897","targetHints":{"allow":["GET"]}}],"collection":[{"href":"https:\/\/www.europesays.com\/es\/wp-json\/wp\/v2\/posts"}],"about":[{"href":"https:\/\/www.europesays.com\/es\/wp-json\/wp\/v2\/types\/post"}],"author":[{"embeddable":true,"href":"https:\/\/www.europesays.com\/es\/wp-json\/wp\/v2\/users\/2"}],"replies":[{"embeddable":true,"href":"https:\/\/www.europesays.com\/es\/wp-json\/wp\/v2\/comments?post=627897"}],"version-history":[{"count":0,"href":"https:\/\/www.europesays.com\/es\/wp-json\/wp\/v2\/posts\/627897\/revisions"}],"wp:featuredmedia":[{"embeddable":true,"href":"https:\/\/www.europesays.com\/es\/wp-json\/wp\/v2\/media\/627898"}],"wp:attachment":[{"href":"https:\/\/www.europesays.com\/es\/wp-json\/wp\/v2\/media?parent=627897"}],"wp:term":[{"taxonomy":"category","embeddable":true,"href":"https:\/\/www.europesays.com\/es\/wp-json\/wp\/v2\/categories?post=627897"},{"taxonomy":"post_tag","embeddable":true,"href":"https:\/\/www.europesays.com\/es\/wp-json\/wp\/v2\/tags?post=627897"}],"curies":[{"name":"wp","href":"https:\/\/api.w.org\/{rel}","templated":true}]}}