{"id":627953,"date":"2026-06-26T23:08:17","date_gmt":"2026-06-26T23:08:17","guid":{"rendered":"https:\/\/www.europesays.com\/es\/627953\/"},"modified":"2026-06-26T23:08:17","modified_gmt":"2026-06-26T23:08:17","slug":"campeonato-de-espana-la-carrera-en-ruta-elite-femenina-mas-abierta-que-nunca-tras-la-retirada-de-paula-blasi-esciclismo","status":"publish","type":"post","link":"https:\/\/www.europesays.com\/es\/627953\/","title":{"rendered":"Campeonato de Espa\u00f1a: La carrera en ruta \u00e9lite femenina, m\u00e1s abierta que nunca tras la retirada de Paula Blasi &#8211; Esciclismo"},"content":{"rendered":"<ol>\n<li><a href=\"https:\/\/news.google.com\/rss\/articles\/CBMiakFVX3lxTE1wcXFwTUhodlNHcXFGVElOOFRTZnJDS3ZBWV9vTDhPQUF2MGlXWUJmSmtDUjgwVFNqNURNYTA2UnhSQWN5UDB4Sm50ZHQ5VktEWE5hd3ZTNXhpQW5hUXk4eDItWFM5djBHUGc?oc=5\" target=\"_blank\" rel=\"nofollow noopener\">Campeonato de Espa\u00f1a: La carrera en ruta \u00e9lite femenina, m\u00e1s abierta que nunca tras la retirada de Paula Blasi<\/a>&nbsp;&nbsp;Esciclismo<\/li>\n<li><a href=\"https:\/\/news.google.com\/rss\/articles\/CBMisAFBVV95cUxPMEhLbmsyb2ttTlEzZmlCU3pGZkY0bTM3R1dKVkVFRnp2dzdiNlJPT0w0NWV4M0FJQUsyZnNCaWVIMXdTcHJ3MDV1QkV2SHRVYWlIRVl1ZEJPSTdJbnlvcGxWelJ5TW9lczYxSDBGZmN3ZlY5cE9MVlhQWnpUMzdRUG1KR1JYZUM5MXI4b2tEVmRNdkpXSkVJRHVKOXI4N0pKdUQ5ZTE1amIzUTVIZ3lzedIBsAFBVV95cUxNeHFqdmdXbV9odDVuVUNXRE91TEdwQTBRZlRGbVpjRTdKVnJRVUEwbW5CajZGYXYyRjRocHNENEdqWkNmenROTzh5cWxCZFBmR09IMFlkMkd3RkwwMzd6YlBnYXdkd1R3Q3NWWnpaRGJPRVZENU1HYXI1d3ptSHUzQkUtSUNIWlE0VDRuSXBzWllhbzh3QmEtaXo0Q1BNLUhkR1NRUG5VMmVXbWJTY2otVg?oc=5\" target=\"_blank\" rel=\"nofollow noopener\">Una ca\u00edda aparta a Paula Blasi de los Campeonatos de Espa\u00f1a<\/a>&nbsp;&nbsp;El Peri\u00f3dico<\/li>\n<li><a href=\"https:\/\/news.google.com\/rss\/articles\/CBMixAFBVV95cUxPYWJZMGJ0ZnhZdklCRUtTeU5nTVVYYWcxb29IYVgwMjRId09aU3lBd2dnNGRkQ05sdnMzYVQ0dFR4SjVrSlN0VW9yR2t0a2lKUFVTaE81XzhGV1d1UTF5NW5oRW93M2pBaFlGNzQ2SXVGbW1KaW1YZkc5bkhxYktGdG90REpneG9nWmhTa0puNXJNaHR2cno4X1U2RUY5a05KXzdTUkpkdkQ0NkRyTUZxa1N4Tk1jQ1N2S1RmYnkzWm5NbnNR0gHSAUFVX3lxTE56RlBCUzJFcEdWcnRQZU9aWk91b1BOMzhBZFdqeUc0V2NYVWtTaXlPaXRPMTNNdGRFX1lVTWR1VlJ6YjBDbE1FYmc0TEljV3VRMHgxQUFQd0hUdnJkLXkyVGtyWmN2anNCZkkxd0VpZ3l4d3loTDNBMVo3VHVRekYxRWRQeUR3NFlRYnFZNFgta0pwTGo5OXFXZXkwQUtMeG42NkJ0aW8xeFVMY3ZEVWFycy1BY3hJQWdXNjczVnNwM19XR2NBUk5TYTNtU25SbW1UZw?oc=5\" target=\"_blank\" rel=\"nofollow noopener\">Paula Blasi, entre algodones, contra la experiencia en la carrera en ruta \u00e9lite femenina<\/a>&nbsp;&nbsp;Mundo Deportivo<\/li>\n<li><a href=\"https:\/\/news.google.com\/rss\/articles\/CBMipAJBVV95cUxNQ3F1UzVaZTFFYkpySUE4NXBNOWpVaWhQWWtXaEs3RWh6YVJZYWJkeWlvRC1MVzF5SV9kQmFsUGFhWHRRLWd3Rm1zUUt1UDBSOHNhcDRhSWJheWVxZlhpUjNwZGZRMEk1NGp5S0swb2hHZHFNaGI4LXBRUlVGQVprVWVqTWs3RGRDRlA2ZUw1MkNQb09IMmxkYzNFNVh3RG5tVmt5OUJheGM3S1c5bERnSjJOQkRzb1kxRU9zbTlYVEZsYVlaY3BtUkhLaWl1d3BCVnQ2LUw3ZGZTTEFmNlRodnprakVFWDhoa2tWMkRwRktYRUx2ZDlBRnlkQXlXMTROZWM1U3YwSlR0YTlWLVM5UFpoYnh1ZllPYVN5QkpPOEcyVm9H?oc=5\" target=\"_blank\" rel=\"nofollow noopener\">Susto superado por Paula Blasi: Vuelve a entrenar tras cuatro puntos y siete horas en el hospital<\/a>&nbsp;&nbsp;Eurosport<\/li>\n<li><a href=\"https:\/\/news.google.com\/rss\/articles\/CBMiygFBVV95cUxNWkItaW01ZEJIbzlsVk5FVTkzbDItaURzbkdCVFBGc29vdTZkYWNPdUtQaDBRYkV1MGJ4cHhrUFpvRGcxelNqSnNrUTY2ek5uS1cwa2RtaHFrYThQYTh0R3RvRVQwR004azZHenVxMFhhZmlLRG5MU3pmU3NYcG1TOWtaMDZSQXpILXVfd08yMUVzU19aUzA5SVE1Nk9JcEdpRDcxOG1kQ19vaXZkUlBMbFpVZm95U2ZHUlg1c3lmMDE4RUlwOTI2cGV3?oc=5\" target=\"_blank\" rel=\"nofollow noopener\">Paula Blasi se baja de la ruta en Sabi\u00f1\u00e1nigo tras una dura ca\u00edda<\/a>&nbsp;&nbsp;MARCA<\/li>\n<\/ol>\n","protected":false},"excerpt":{"rendered":"Campeonato de Espa\u00f1a: La carrera en ruta \u00e9lite femenina, m\u00e1s abierta que nunca tras la retirada de Paula&hellip;\n","protected":false},"author":2,"featured_media":627954,"comment_status":"","ping_status":"","sticky":false,"template":"","format":"standard","meta":{"footnotes":""},"categories":[273],"tags":[80784,11553,101221,4357,64263,75097,35092,31792,313,1757,37607,312,168,1376,1755,25,24,5152,5241,1265,1928,1783,116533,2082,3371,8464,15870,2761,8457,10342,6260,2236,3397,64264,8643,23,167,7772,550,23052,1357],"class_list":["post-627953","post","type-post","status-publish","format-standard","has-post-thumbnail","category-ciclismo","tag-adq","tag-batir","tag-blasi","tag-caida","tag-campeonatos","tag-candidatas","tag-cat","tag-catalana","tag-ciclismo","tag-ciclista","tag-corredora","tag-cycling","tag-deportes","tag-disputa","tag-elite","tag-es","tag-espana","tag-femenina","tag-ganadora","tag-huesca","tag-joven","tag-la","tag-lastrada","tag-oportunidad","tag-oro","tag-paula","tag-podra","tag-prueba","tag-reciente","tag-resto","tag-rival","tag-ruta","tag-sabado","tag-sabinanigo","tag-ser","tag-spain","tag-sports","tag-tienen","tag-uae","tag-vigente","tag-vuelta"],"share_on_mastodon":{"url":"https:\/\/pubeurope.com\/@es\/116818929425543555","error":""},"_links":{"self":[{"href":"https:\/\/www.europesays.com\/es\/wp-json\/wp\/v2\/posts\/627953","targetHints":{"allow":["GET"]}}],"collection":[{"href":"https:\/\/www.europesays.com\/es\/wp-json\/wp\/v2\/posts"}],"about":[{"href":"https:\/\/www.europesays.com\/es\/wp-json\/wp\/v2\/types\/post"}],"author":[{"embeddable":true,"href":"https:\/\/www.europesays.com\/es\/wp-json\/wp\/v2\/users\/2"}],"replies":[{"embeddable":true,"href":"https:\/\/www.europesays.com\/es\/wp-json\/wp\/v2\/comments?post=627953"}],"version-history":[{"count":0,"href":"https:\/\/www.europesays.com\/es\/wp-json\/wp\/v2\/posts\/627953\/revisions"}],"wp:featuredmedia":[{"embeddable":true,"href":"https:\/\/www.europesays.com\/es\/wp-json\/wp\/v2\/media\/627954"}],"wp:attachment":[{"href":"https:\/\/www.europesays.com\/es\/wp-json\/wp\/v2\/media?parent=627953"}],"wp:term":[{"taxonomy":"category","embeddable":true,"href":"https:\/\/www.europesays.com\/es\/wp-json\/wp\/v2\/categories?post=627953"},{"taxonomy":"post_tag","embeddable":true,"href":"https:\/\/www.europesays.com\/es\/wp-json\/wp\/v2\/tags?post=627953"}],"curies":[{"name":"wp","href":"https:\/\/api.w.org\/{rel}","templated":true}]}}