{"id":627978,"date":"2026-06-26T23:36:26","date_gmt":"2026-06-26T23:36:26","guid":{"rendered":"https:\/\/www.europesays.com\/es\/627978\/"},"modified":"2026-06-26T23:36:26","modified_gmt":"2026-06-26T23:36:26","slug":"dos-nuevas-victorias-en-torrejon-de-ardoz","status":"publish","type":"post","link":"https:\/\/www.europesays.com\/es\/627978\/","title":{"rendered":"Dos nuevas victorias en Torrej\u00f3n de Ardoz"},"content":{"rendered":"<p>La U17 Femenina est\u00e1 realizando un inicio de preparaci\u00f3n con muchas pruebas competitivas. Cuatro partidos en los diez primeros d\u00edas de concentraci\u00f3n para las de Moses Fern\u00e1ndez, que suman tambi\u00e9n cuatro victorias.<\/p>\n<p>\u00c1REA DE COMUNICACI\u00d3N FEB<br \/>&#13;<br \/>\n<br \/>\n Dos victorias en Ceuta y dos victorias en Torrej\u00f3n de Ardoz. La U17 Femenina sigue sumando victorias y minutos de competici\u00f3n.<\/p>\n<p>ESPA\u00d1A-ALEMANIA (80-57) | Mi\u00e9rcoles 24<br \/>&#13;<br \/>\n El primer partido ante Alemania fue muy positivo, con minutos de juego para las 12 jugadoras y con una superioridad en el rebote que permiti\u00f3 dobles oportunidades. Isabel Hern\u00e1ndez, la MVP del EuroBasket U16 del a\u00f1o pasado, firm\u00f3 unos grandes minutos de juego, con 15 puntos y 6 asistencias, mientras que Elia P\u00e9rez anot\u00f3 otros 11. Buen porcentaje de tiros de tres (30%) y algunos errores de m\u00e1s en los tiros libres.<\/p>\n<p>ESPA\u00d1A-ALEMANIA (63-47) | Jueves 25<br \/>&#13;<br \/>\n Jugar dos veces seguidas ante un mismo rival tiene su complicaci\u00f3n y lo not\u00f3 Espa\u00f1a el jueves. El compromiso no fall\u00f3 y la defensa dej\u00f3 a una selecci\u00f3n como Alemania en tan solo 47 puntos, pero no se consiguieron tantos tiros f\u00e1ciles ni segundas oportunidades. Buen trabajo de Lourdes P\u00e9rez (13 puntos) y de Trinity Ezeonu (8 puntos y 11 rebotes), confirmando que es una pieza clave de esta generaci\u00f3n.<\/p>\n","protected":false},"excerpt":{"rendered":"La U17 Femenina est\u00e1 realizando un inicio de preparaci\u00f3n con muchas pruebas competitivas. Cuatro partidos en los diez&hellip;\n","protected":false},"author":2,"featured_media":627979,"comment_status":"","ping_status":"","sticky":false,"template":"","format":"standard","meta":{"footnotes":""},"categories":[269],"tags":[4605,299,1918,298,4597,4613,4616,4609,4608,4610,168,4603,4606,25,24,4120,4598,4614,2713,4601,830,4599,4600,4602,4615,4617,4607,4604,23,167,4611,4612],"class_list":["post-627978","post","type-post","status-publish","format-standard","has-post-thumbnail","category-baloncesto","tag-arbitros-baloncesto","tag-baloncesto","tag-basket","tag-basketball","tag-basquet","tag-canalfeb","tag-clasificacion","tag-copa-princesa","tag-copa-principe","tag-copa-reina","tag-deportes","tag-eba","tag-entrenadores-baloncesto","tag-es","tag-espana","tag-estadisticas","tag-federacion-baloncesto","tag-jornada-virtual","tag-jugadores","tag-laeb-plata","tag-leb-oro","tag-liga-espana","tag-liga-espanola-baloncesto","tag-liga-femenina","tag-marcadores-baloncesto","tag-rankings","tag-reglas-baloncesto","tag-seleccion-baloncesto","tag-spain","tag-sports","tag-supercopa","tag-television-baloncesto"],"share_on_mastodon":{"url":"https:\/\/pubeurope.com\/@es\/116819039828775987","error":""},"_links":{"self":[{"href":"https:\/\/www.europesays.com\/es\/wp-json\/wp\/v2\/posts\/627978","targetHints":{"allow":["GET"]}}],"collection":[{"href":"https:\/\/www.europesays.com\/es\/wp-json\/wp\/v2\/posts"}],"about":[{"href":"https:\/\/www.europesays.com\/es\/wp-json\/wp\/v2\/types\/post"}],"author":[{"embeddable":true,"href":"https:\/\/www.europesays.com\/es\/wp-json\/wp\/v2\/users\/2"}],"replies":[{"embeddable":true,"href":"https:\/\/www.europesays.com\/es\/wp-json\/wp\/v2\/comments?post=627978"}],"version-history":[{"count":0,"href":"https:\/\/www.europesays.com\/es\/wp-json\/wp\/v2\/posts\/627978\/revisions"}],"wp:featuredmedia":[{"embeddable":true,"href":"https:\/\/www.europesays.com\/es\/wp-json\/wp\/v2\/media\/627979"}],"wp:attachment":[{"href":"https:\/\/www.europesays.com\/es\/wp-json\/wp\/v2\/media?parent=627978"}],"wp:term":[{"taxonomy":"category","embeddable":true,"href":"https:\/\/www.europesays.com\/es\/wp-json\/wp\/v2\/categories?post=627978"},{"taxonomy":"post_tag","embeddable":true,"href":"https:\/\/www.europesays.com\/es\/wp-json\/wp\/v2\/tags?post=627978"}],"curies":[{"name":"wp","href":"https:\/\/api.w.org\/{rel}","templated":true}]}}