{"id":628195,"date":"2026-06-27T03:17:25","date_gmt":"2026-06-27T03:17:25","guid":{"rendered":"https:\/\/www.europesays.com\/es\/628195\/"},"modified":"2026-06-27T03:17:25","modified_gmt":"2026-06-27T03:17:25","slug":"el-paraiso-de-anabel-pantoja-en-canarias-pueblo-pesquero-300-dias-de-sol-y-precios-de-vivienda-por-las-nubes","status":"publish","type":"post","link":"https:\/\/www.europesays.com\/es\/628195\/","title":{"rendered":"El para\u00edso de Anabel Pantoja en Canarias: pueblo pesquero, 300 d\u00edas de sol y precios de vivienda por las nubes"},"content":{"rendered":"<p class=\"font-claude-response-body break-words whitespace-normal\"><a title=\"Arguinegu\u00edn\" href=\"https:\/\/www.larazon.es\/canarias\/estremecedor-testimonio-victima-trata-papa-arguineguin-tuve-que-elegir-morir-intentandolo-tener-nada_202606116a2ac0970d35a17610a824ce.html\" target=\"_blank\" rel=\"nofollow noopener\">Arguinegu\u00edn<\/a> est\u00e1 <b>Gran Canaria<\/b>, m\u00e1s concretamente en el municipio de <a title=\"Mog\u00e1n\" href=\"https:\/\/www.larazon.es\/canarias\/alcaldesa-mogan-reprocha-sanchez-que-sume-acto-papa-ultima-hora-estuvo-cuando-falta-ahora-viene-foto-leon-xiv_202606056a23044044a9ef6825f83c58.html\" target=\"_blank\" rel=\"nofollow noopener\">Mog\u00e1n<\/a>, y presume de un <b>clima<\/b> que cambia poco a lo largo del a\u00f1o. En la costa, la media se queda en torno a los <b>24 grados<\/b>, y el sol se asoma por el horizonte a diario. Con esas condiciones, el pueblo lleva d\u00e9cadas atrayendo a gente que escapa de los duros meses invernales en Europa. Llegaron primero los jubilados, muchos noruegos, que acabaron, incluso, montando iglesias y colegios. Despu\u00e9s, alguna cara conocida, como <b>Anabel Pantoja, <\/b>que se compr\u00f3 aqu\u00ed su <b>primera casa en junio de 2023, <\/b>la bautiz\u00f3 como<b> Villa Panto <\/b>y se dej\u00f3 m\u00e1s de<b> 230.000 euros en la reforma<\/b>, seg\u00fan cont\u00f3 a la revista Lecturas.<\/p>\n<p class=\"font-claude-response-body break-words whitespace-normal\">El pueblo, como se ha dicho, pertenece a Mog\u00e1n, un municipio grande, de <b>172 kil\u00f3metros cuadrados<\/b>. En el muelle, las barcas de madera de los pescadores, pintadas de azul y rojo, comparten sitio con los amarres deportivos. Huele a pescado y se ve faenar como se hac\u00eda antes, con una flota de alrededor de 100 barcos y una cofrad\u00eda que no supera las 300 personas. Cada ma\u00f1ana entran at\u00fan y bonito. Buena parte se queda ah\u00ed mismo, en los restaurantes del puerto, casi en el d\u00eda.<\/p>\n<p>La vivienda, disparada<\/p>\n<p class=\"font-claude-response-body break-words whitespace-normal\">Mog\u00e1n re\u00fane m\u00e1s de <b>43.000 plazas tur\u00edsticas<\/b>, casi una cuarta parte de las de Gran Canaria, y eso ha tirado del precio de la vivienda. En septiembre de 2025, <b>el metro cuadrado en Arguinegu\u00edn rondaba los 4.503 euros<\/b>, seg\u00fan Idealista. La zona est\u00e1 a resguardo de los alisios, llueve poco, unos 220 mil\u00edmetros al a\u00f1o, y la media anual del municipio se mueve sobre los 19 grados, algo m\u00e1s alta abajo, en la costa, que es donde est\u00e1 el pueblo.<\/p>\n<p>Playas y comida<\/p>\n<p class=\"font-claude-response-body break-words whitespace-normal\">Las <b>playas<\/b> de la zona son tranquilas y \u00f3ptimas para el ba\u00f1o. <b>Las Mara\u00f1uelas,<\/b> la del casco, tiene unos 400 metros de arena oscura pegada al puerto, resguardada por el espig\u00f3n. A un paso queda <b>Patalavaca<\/b>, de arena m\u00e1s dorada y aguas calmadas, donde se hace bastante snorkel. Y algo m\u00e1s all\u00e1, ya hacia <b>Puerto Rico<\/b>, est\u00e1 <b>Amadores<\/b>, una playa artificial de arena blanca tra\u00edda de fuera, de m\u00e1s de 800 metros.<\/p>\n<p class=\"font-claude-response-body break-words whitespace-normal\">Los martes, el mercadillo llena el pueblo de fruta, verdura, ropa y artesan\u00eda, siendo uno de los m\u00e1s importantes de la Isla. Del puerto salen adem\u00e1s barcos para avistar delfines, un plan habitual en toda la costa de Mog\u00e1n. Ahora, en julio se celebran las <b>fiestas del Carmen<\/b>, las patronales, con procesi\u00f3n marinera incluida. Y si uno tira tierra adentro, el paisaje da un giro radical, con barrancos, monta\u00f1as y senderos hacia espacios como <b>Pilancones<\/b>. El <a title=\"Puerto de Mog\u00e1n\" href=\"https:\/\/www.larazon.es\/espana\/20210615\/wqn7eoo34jgp7gv7en644ykgbi.html\" target=\"_blank\" rel=\"nofollow noopener\">Puerto de Mog\u00e1n<\/a>, con sus canales y sus casas blancas, queda a un cuarto de hora largo en coche.<\/p>\n<p class=\"font-claude-response-body break-words whitespace-normal\">En los restaurantes del muelle manejan bien el sancocho, pescado salado, casi siempre cherne, con papas, batata y su mojo, acompa\u00f1ado de pella de gofio. Tambi\u00e9n sale mucho cherne a la plancha y, de entrante, gofio escaldado. Para rematar, bienmesabe, que lleva almendra y mucho amor, como todo lo que se hace en esta tierra en medio del Atl\u00e1ntico.<\/p>\n","protected":false},"excerpt":{"rendered":"Arguinegu\u00edn est\u00e1 Gran Canaria, m\u00e1s concretamente en el municipio de Mog\u00e1n, y presume de un clima que cambia&hellip;\n","protected":false},"author":2,"featured_media":628196,"comment_status":"","ping_status":"","sticky":false,"template":"","format":"standard","meta":{"footnotes":""},"categories":[174],"tags":[4476,1896,255,146,147,25,24,256,1897,11741,23],"class_list":["post-628195","post","type-post","status-publish","format-standard","has-post-thumbnail","category-famosos","tag-anabel-pantoja","tag-canarias","tag-celebrities","tag-entertainment","tag-entretenimiento","tag-es","tag-espana","tag-famosos","tag-gran-canaria","tag-islas-canarias","tag-spain"],"share_on_mastodon":{"url":"https:\/\/pubeurope.com\/@es\/116819908859025089","error":""},"_links":{"self":[{"href":"https:\/\/www.europesays.com\/es\/wp-json\/wp\/v2\/posts\/628195","targetHints":{"allow":["GET"]}}],"collection":[{"href":"https:\/\/www.europesays.com\/es\/wp-json\/wp\/v2\/posts"}],"about":[{"href":"https:\/\/www.europesays.com\/es\/wp-json\/wp\/v2\/types\/post"}],"author":[{"embeddable":true,"href":"https:\/\/www.europesays.com\/es\/wp-json\/wp\/v2\/users\/2"}],"replies":[{"embeddable":true,"href":"https:\/\/www.europesays.com\/es\/wp-json\/wp\/v2\/comments?post=628195"}],"version-history":[{"count":0,"href":"https:\/\/www.europesays.com\/es\/wp-json\/wp\/v2\/posts\/628195\/revisions"}],"wp:featuredmedia":[{"embeddable":true,"href":"https:\/\/www.europesays.com\/es\/wp-json\/wp\/v2\/media\/628196"}],"wp:attachment":[{"href":"https:\/\/www.europesays.com\/es\/wp-json\/wp\/v2\/media?parent=628195"}],"wp:term":[{"taxonomy":"category","embeddable":true,"href":"https:\/\/www.europesays.com\/es\/wp-json\/wp\/v2\/categories?post=628195"},{"taxonomy":"post_tag","embeddable":true,"href":"https:\/\/www.europesays.com\/es\/wp-json\/wp\/v2\/tags?post=628195"}],"curies":[{"name":"wp","href":"https:\/\/api.w.org\/{rel}","templated":true}]}}