{"id":628213,"date":"2026-06-27T03:30:17","date_gmt":"2026-06-27T03:30:17","guid":{"rendered":"https:\/\/www.europesays.com\/es\/628213\/"},"modified":"2026-06-27T03:30:17","modified_gmt":"2026-06-27T03:30:17","slug":"la-onda-tropical-11-amenaza-el-uruguay-espana-y-podria-provocar-interrupciones-durante-el-partido-futbol","status":"publish","type":"post","link":"https:\/\/www.europesays.com\/es\/628213\/","title":{"rendered":"La Onda Tropical 11 amenaza el Uruguay-Espa\u00f1a y podr\u00eda provocar interrupciones durante el partido | F\u00fatbol"},"content":{"rendered":"<p>El decisivo encuentro entre Uruguay y Espa\u00f1a, correspondiente a la \u00faltima jornada del Grupo H del Mundial 2026, llega marcado por un factor ajeno al f\u00fatbol. La llegada de la Onda Tropical 11 a la costa del Pac\u00edfico mexicano mantiene en alerta a la organizaci\u00f3n ante la previsi\u00f3n de fuertes lluvias y tormentas el\u00e9ctricas sobre Guadalajara durante el horario del partido. <\/p>\n<p>Los pron\u00f3sticos meteorol\u00f3gicos sit\u00faan el mayor riesgo entre las 16:00 y las 22:00 (horas local), una franja que coincide con el inicio del encuentro, programado para las 18:00. Adem\u00e1s de precipitaciones que podr\u00edan alcanzar los 30 litros por metro cuadrado, la principal preocupaci\u00f3n son las descargas el\u00e9ctricas, ya que el protocolo de seguridad del Mundial obliga a detener inmediatamente el juego si se detecta un rayo en un radio de 13 kil\u00f3metros alrededor del estadio. <\/p>\n<p>    <img decoding=\"async\" src=\"https:\/\/www.europesays.com\/es\/wp-content\/uploads\/2026\/06\/1782530592_908_app-ser-4.png\" alt=\"Nueva APP de Cadena SER\" loading=\"lazy\" width=\"109\" height=\"82\"\/><\/p>\n<p>Descubre la nueva app de Cadena\u00a0SER<br \/>\n        Te ofrecemos una mejor experiencia de audio y video\n    <\/p>\n<p>    <a href=\"https:\/\/trackingcodes.prisamedia.com\/ser.html?utm_campaign=app-include-articulo&amp;utm_source=web\" class=\"p-a-fa-b\" rel=\"nofollow noopener\" target=\"_blank\">Descargar<\/a><\/p>\n<p>M\u00e1s informaci\u00f3n<\/p>\n<p>En caso de suspensi\u00f3n, los jugadores deber\u00e1n abandonar el terreno de juego y el partido solo podr\u00e1 reanudarse tras 30 minutos sin actividad el\u00e9ctrica. Si durante ese periodo vuelve a registrarse un rayo dentro del per\u00edmetro de seguridad, la cuenta atr\u00e1s se reinicia, lo que podr\u00eda retrasar el encuentro durante un tiempo considerable, como ya ocurri\u00f3 recientemente durante el Francia-Irak. <\/p>\n<p>La selecci\u00f3n espa\u00f1ola, no obstante, mantiene su planificaci\u00f3n deportiva y prepara el choque sin alterar su hoja de ruta. El combinado de Luis de la Fuente ya ha tenido que convivir con fen\u00f3menos meteorol\u00f3gicos durante su estancia en Norteam\u00e9rica, incluyendo entrenamientos condicionados por alertas de tormentas severas y fuertes vientos. <\/p>\n","protected":false},"excerpt":{"rendered":"El decisivo encuentro entre Uruguay y Espa\u00f1a, correspondiente a la \u00faltima jornada del Grupo H del Mundial 2026,&hellip;\n","protected":false},"author":2,"featured_media":628214,"comment_status":"","ping_status":"","sticky":false,"template":"","format":"standard","meta":{"footnotes":""},"categories":[5],"tags":[17,18,25,24,13,14,11,19,20,9,10,15,16,23,12,16712,21,22],"class_list":["post-628213","post","type-post","status-publish","format-standard","has-post-thumbnail","category-titulares","tag-breaking-news","tag-breakingnews","tag-es","tag-espana","tag-featured-news","tag-featurednews","tag-headlines","tag-latest-news","tag-latestnews","tag-news","tag-noticias","tag-noticias-destacadas","tag-noticiasdestacadas","tag-spain","tag-titulares","tag-training","tag-ultimas-noticias","tag-ultimasnoticias"],"share_on_mastodon":{"url":"https:\/\/pubeurope.com\/@es\/116819959892796313","error":""},"_links":{"self":[{"href":"https:\/\/www.europesays.com\/es\/wp-json\/wp\/v2\/posts\/628213","targetHints":{"allow":["GET"]}}],"collection":[{"href":"https:\/\/www.europesays.com\/es\/wp-json\/wp\/v2\/posts"}],"about":[{"href":"https:\/\/www.europesays.com\/es\/wp-json\/wp\/v2\/types\/post"}],"author":[{"embeddable":true,"href":"https:\/\/www.europesays.com\/es\/wp-json\/wp\/v2\/users\/2"}],"replies":[{"embeddable":true,"href":"https:\/\/www.europesays.com\/es\/wp-json\/wp\/v2\/comments?post=628213"}],"version-history":[{"count":0,"href":"https:\/\/www.europesays.com\/es\/wp-json\/wp\/v2\/posts\/628213\/revisions"}],"wp:featuredmedia":[{"embeddable":true,"href":"https:\/\/www.europesays.com\/es\/wp-json\/wp\/v2\/media\/628214"}],"wp:attachment":[{"href":"https:\/\/www.europesays.com\/es\/wp-json\/wp\/v2\/media?parent=628213"}],"wp:term":[{"taxonomy":"category","embeddable":true,"href":"https:\/\/www.europesays.com\/es\/wp-json\/wp\/v2\/categories?post=628213"},{"taxonomy":"post_tag","embeddable":true,"href":"https:\/\/www.europesays.com\/es\/wp-json\/wp\/v2\/tags?post=628213"}],"curies":[{"name":"wp","href":"https:\/\/api.w.org\/{rel}","templated":true}]}}