{"id":628342,"date":"2026-06-27T05:40:24","date_gmt":"2026-06-27T05:40:24","guid":{"rendered":"https:\/\/www.europesays.com\/es\/628342\/"},"modified":"2026-06-27T05:40:24","modified_gmt":"2026-06-27T05:40:24","slug":"el-tesoro-de-fede-castanos-el-burgales-esconde-joyas-de-mucho-calibre-relacionadas-con-el-futbol","status":"publish","type":"post","link":"https:\/\/www.europesays.com\/es\/628342\/","title":{"rendered":"El tesoro de Fede Casta\u00f1os: el burgal\u00e9s esconde joyas de mucho calibre relacionadas con el f\u00fatbol"},"content":{"rendered":"<p>Fede Casta\u00f1os es uno de los rostros m\u00e1s reconocibles del f\u00fatbol burgal\u00e9s. Muchos desconocen que tras ese car\u00e1cter cercano, amable y simp\u00e1tico tiene escondida una enorme pasi\u00f3n por la historia de un deporte que ha estado tan ligado a su vida. Cuenta con una impresionante colecci\u00f3n de objetos relacionados con el f\u00fatbol que tiene un valor incalculable y que es su tesoro.<\/p>\n<p>Tiene repletos cinco trasteros y un piso con aut\u00e9nticas joyas de las distintas etapas que ha ido pasando esta disciplina. \u00abTodo comienza dos a\u00f1os despu\u00e9s de colgar las botas. Digamos que una vez que cerr\u00e9 esa etapa como jugador me empez\u00f3 a llamar la atenci\u00f3n la historia del f\u00fatbol y los objetos que tienen que ver con ella\u00bb, explica.<\/p>\n<p>No se esconde y se define como \u00abun friki\u00bb y se emociona cada vez que explica la procedencia y el simbolismo de muchos de sus objetos. No es de esos coleccionistas que acumula material y una vez adquirido lo almacena. Fede Casta\u00f1os se puede pasar horas entre su colecci\u00f3n, recordando todo lo que rodea a esa pieza que la hace tan especial.<\/p>\n<p>\u00abLo importante para m\u00ed es que todo tiene una historia personal, el viaje en el que lo consegu\u00ed, la persona que me puso sobre la pista, la que me lo regal\u00f3, como me enter\u00e9 que exist\u00eda&#8230; Son muchas an\u00e9cdotas que forman parte de mi vida\u00bb, comenta.<\/p>\n<p>Afirma con rotundidad que sus vacaciones llevan un tiempo condicionadas por esta pasi\u00f3n y se\u00f1ala que sin el apoyo y la ayuda de Vicky, su pareja, hubiera sido imposible. Parte de sus ahorros est\u00e1n invertidos en esta colecci\u00f3n. \u00abNo quiero ni pensar lo que me he gastado, aunque ha sido a lo largo de los a\u00f1os y en ocasiones son tambi\u00e9n regalos. Si es mi cumplea\u00f1os o Navidad siempre tengo algo preparado para darle una idea a quien sea y de esta forma que no tengan que pensar mucho\u00bb, responde con una sonrisa.<\/p>\n<p>Indica las plataformas digitales de venta de art\u00edculos de segunda mano han provocado un avance en el mundo del coleccionismo, aunque lo que le gusta es revolver en los rastros y encontrar el mirlo blanco entre objetos vulgares.<\/p>\n<p>\u00abNo es lo mismo comprar por internet que en persona, no tiene la misma esencia y adem\u00e1s existe un riesgo mayor de que te puedan enga\u00f1ar. Por eso prefiero poder ver y tocar la mayor parte de las cosas que compro\u00bb, avisa Fede Casta\u00f1os.<\/p>\n<p>Cuando se le pregunta cu\u00e1l es su pieza favorita no sabe responder y es que a todas las tiene un cari\u00f1o especial. Le gusta ense\u00f1arlas, contar su historia y adornar su discurso con datos de los que se ha ido empapando durante los \u00faltimos a\u00f1os. \u00abEl f\u00fatbol naci\u00f3 en la Freemasons&#8217; Tavern de Londres, que tambi\u00e9n he visita en vacaciones, aunque el juego de pelota es algo natural en la humanidad desde los egipcios y los mayas. Incluso los romanos jugaban una mezcla de f\u00fatbol y rugby para mantener en forma a sus tropas\u00bb, explica con devoci\u00f3n.<\/p>\n<p>Botas, balones, carteles, camisetas, peque\u00f1as estatuas, silbatos, recortes de prensa, futbolines, gorras o banderines. Todo eso se puede encontrar en una colecci\u00f3n que rezuma historia y que se impregna de cari\u00f1o y sentimiento cada vez que Fede Casta\u00f1os aporta detalles a cada objetivo. Las camisetas de Quini, Maradona o Pel\u00e9, un bal\u00f3n de 1900 con tiento, una botas de 1940 o una escultura que representa la &#8216;Tregua de Navidad&#8217; de 1914 en plena Primera Guerra Mundial y que tuvo al f\u00fatbol como protagonista, son algunas de sus art\u00edculos con m\u00e1s valor.<\/p>\n<p>Fede Casta\u00f1os entiende que ha llegado el momento de parar, de hacer una criba y destacar lo verdaderamente importante. Su idea es buscar un sitio para poder exponerlo y mostrarlo a todo el que quiera acercarse.<\/p>\n","protected":false},"excerpt":{"rendered":"Fede Casta\u00f1os es uno de los rostros m\u00e1s reconocibles del f\u00fatbol burgal\u00e9s. Muchos desconocen que tras ese car\u00e1cter&hellip;\n","protected":false},"author":2,"featured_media":628343,"comment_status":"","ping_status":"","sticky":false,"template":"","format":"standard","meta":{"footnotes":""},"categories":[268],"tags":[168,25,24,116757,280,282,7228,2951,108762,15704,281,23,167],"class_list":["post-628342","post","type-post","status-publish","format-standard","has-post-thumbnail","category-futbol","tag-deportes","tag-es","tag-espana","tag-fede-castanos","tag-football","tag-futbol","tag-londres","tag-navidad","tag-pele","tag-primera-guerra-mundial","tag-soccer","tag-spain","tag-sports"],"share_on_mastodon":{"url":"https:\/\/pubeurope.com\/@es\/116820471119197979","error":""},"_links":{"self":[{"href":"https:\/\/www.europesays.com\/es\/wp-json\/wp\/v2\/posts\/628342","targetHints":{"allow":["GET"]}}],"collection":[{"href":"https:\/\/www.europesays.com\/es\/wp-json\/wp\/v2\/posts"}],"about":[{"href":"https:\/\/www.europesays.com\/es\/wp-json\/wp\/v2\/types\/post"}],"author":[{"embeddable":true,"href":"https:\/\/www.europesays.com\/es\/wp-json\/wp\/v2\/users\/2"}],"replies":[{"embeddable":true,"href":"https:\/\/www.europesays.com\/es\/wp-json\/wp\/v2\/comments?post=628342"}],"version-history":[{"count":0,"href":"https:\/\/www.europesays.com\/es\/wp-json\/wp\/v2\/posts\/628342\/revisions"}],"wp:featuredmedia":[{"embeddable":true,"href":"https:\/\/www.europesays.com\/es\/wp-json\/wp\/v2\/media\/628343"}],"wp:attachment":[{"href":"https:\/\/www.europesays.com\/es\/wp-json\/wp\/v2\/media?parent=628342"}],"wp:term":[{"taxonomy":"category","embeddable":true,"href":"https:\/\/www.europesays.com\/es\/wp-json\/wp\/v2\/categories?post=628342"},{"taxonomy":"post_tag","embeddable":true,"href":"https:\/\/www.europesays.com\/es\/wp-json\/wp\/v2\/tags?post=628342"}],"curies":[{"name":"wp","href":"https:\/\/api.w.org\/{rel}","templated":true}]}}