{"id":628346,"date":"2026-06-27T05:42:27","date_gmt":"2026-06-27T05:42:27","guid":{"rendered":"https:\/\/www.europesays.com\/es\/628346\/"},"modified":"2026-06-27T05:42:27","modified_gmt":"2026-06-27T05:42:27","slug":"muere-el-arquitecto-de-ferrol-juan-perez-lopez-de-gamarra-que-sento-las-bases-del-colegio-oficial-de-galicia-coag-y-dejo-su-sello-en-el-estadio-de-a-malata","status":"publish","type":"post","link":"https:\/\/www.europesays.com\/es\/628346\/","title":{"rendered":"Muere el arquitecto de Ferrol Juan P\u00e9rez L\u00f3pez de Gamarra, que sent\u00f3 las bases del Colegio Oficial de Galicia (COAG) y dej\u00f3 su sello en el estadio de A Malata"},"content":{"rendered":"<p class=\"ft-text\">El mundo de la arquitectura gallega est\u00e1 de luto por la muerte del ferrolano <strong>Juan Antonio P\u00e9rez L\u00f3pez de Gamarra<\/strong>, uno de los profesionales que ayud\u00f3 a impular el<strong> Colexio Oficial de Arquitectos de Galicia (<\/strong><a class=\"ft-link ft-link--decoration\" href=\"https:\/\/portal.coag.es\/\" target=\"_blank\" rel=\"nofollow noopener\">COAG<\/a><strong>).<\/strong> De hecho, la entidad colegial traslad\u00f3 ayer su <strong>p\u00e9same<\/strong> a la familia del arquitecto fallecido, que junto a otro grupo de profesionales fue clave entre <strong>finales de los 60 y principios de los 70 del siglo pasado<\/strong> para sentar las bases sobre las que se constituir\u00eda el <a class=\"ft-link ft-link--decoration\" href=\"https:\/\/www.elcorreogallego.es\/santiago\/2026\/05\/12\/premios-proximos-arquitectura-galicia-santiago-obras-130136261.html\" target=\"_blank\" rel=\"nofollow noopener\">COAG<\/a>, de arranque con m\u00e1s de un centenar de colegiados.<\/p>\n<p class=\"ft-text\">P\u00e9rez L\u00f3pez de Gamarra fue, de hecho, responsable de la <strong>delegaci\u00f3n de Ferrol<\/strong> del colegio, presidi\u00e9ndola durante once a\u00f1os, hasta <strong>2007. <\/strong><\/p>\n<p class=\"ft-text\">A nivel profesional, tuvo despacho en Ferrol, en el <strong>Cant\u00f3n de Mol\u00edns<\/strong>, y fue en su ciudad donde desarroll\u00f3 la mayor parte de su carrera. De hecho, era admirador del urbanismo militar y de los dise\u00f1adores del<a class=\"ft-link ft-link--decoration\" href=\"https:\/\/www.elcorreogallego.es\/galicia\/2025\/02\/20\/felipe-vi-visita-instalaciones-militares-ferrol-segunda-visita-monarca-114518693.html\" target=\"_blank\" rel=\"nofollow noopener\"> Arsenal Militar<\/a> de Ferrol, de los que lleg\u00f3 a decir en un homenaje: <strong>\u00abNo eran arquitectos, pero hac\u00edan arquitectura\u00bb. <\/strong><\/p>\n<p><img decoding=\"async\" src=\"https:\/\/www.europesays.com\/es\/wp-content\/uploads\/2026\/06\/28842347-db8a-4086-a2fd-377b63e162d4_alta-libre-aspect-ratio_default_0_x333y125.jpg\" width=\"1200\" height=\"675\" alt=\"Centro cultural Carvalho Calero, en O Inferni\u00f1o de Ferrol\" class=\"ft-helper-img-rd\" loading=\"lazy\" fetchpriority=\"auto\"\/><\/p>\n<p class=\"ft-helper-fontColor-quaternary ft-helper-fontSize-body-S ft-helper-spacer-t-xxs\">Centro cultural Carvalho Calero, en O Inferni\u00f1o de Ferrol  \/ Cedida<\/p>\n<p>Dej\u00f3 pegada en Ferrol con algunas obras importantes<\/p>\n<p class=\"ft-text\">Natural del barrio de<strong> Esteiro<\/strong> y vinculado familiar y profesionalmente a Ferrol, Juan Antonio P\u00e9rez L\u00f3pez de Gamarra tambi\u00e9n <strong>dej\u00f3 su impronta en la ciudad departamental<\/strong>, donde realiz\u00f3 obras destacadas como la rehabilitaci\u00f3n del antiguo <strong>Hospital da Caridade (Centro Cultural Torrente Ballester)<\/strong> en 1988, el <strong>Centro Cultural Carvalho Calero <\/strong>en 1990, junto a otros arquitectos, y el <strong>Estadio Municipal y Centro Deportivo de A Malata<\/strong> entre los a\u00f1os 1993 y 1995.  <\/p>\n<p class=\"ft-text\">Este \u00faltimo proyecto, que se plane\u00f3 a finales de los 80 por parte del <a class=\"ft-link ft-link--decoration\" href=\"https:\/\/www.ferrol.es\/\" target=\"_blank\" rel=\"nofollow noopener\">Ayuntamiento de Ferrol<\/a>, tambi\u00e9n fue una obra coral en la que participaron varios arquitectos, entre ellos Juan Antonio P\u00e9rez L\u00f3pez de Gamarra, ya que se trataba de un<strong> estadio de f\u00fatbol rodeado de un complejo deportivo<\/strong> de grandes dimensiones. Fue inaugurado en agosto de 1993, tras una inversi\u00f3n superior a 1.780 millones de pesetas de la \u00e9poca (10,7 millones de euros).<\/p>\n","protected":false},"excerpt":{"rendered":"El mundo de la arquitectura gallega est\u00e1 de luto por la muerte del ferrolano Juan Antonio P\u00e9rez L\u00f3pez&hellip;\n","protected":false},"author":2,"featured_media":628347,"comment_status":"","ping_status":"","sticky":false,"template":"","format":"standard","meta":{"footnotes":""},"categories":[173],"tags":[839,229,233,231,230,42114,232,234,146,147,25,24,11241,33411,409,7355,8938,4009,738,23],"class_list":["post-628346","post","type-post","status-publish","format-standard","has-post-thumbnail","category-arte-y-diseno","tag-arquitecto","tag-arte","tag-arte-y-diseno","tag-arts","tag-arts-and-design","tag-coag","tag-design","tag-diseno","tag-entertainment","tag-entretenimiento","tag-es","tag-espana","tag-ferrol","tag-gamarra","tag-juan","tag-lopez","tag-muere","tag-obituario","tag-perez","tag-spain"],"share_on_mastodon":{"url":"https:\/\/pubeurope.com\/@es\/116820479605623128","error":""},"_links":{"self":[{"href":"https:\/\/www.europesays.com\/es\/wp-json\/wp\/v2\/posts\/628346","targetHints":{"allow":["GET"]}}],"collection":[{"href":"https:\/\/www.europesays.com\/es\/wp-json\/wp\/v2\/posts"}],"about":[{"href":"https:\/\/www.europesays.com\/es\/wp-json\/wp\/v2\/types\/post"}],"author":[{"embeddable":true,"href":"https:\/\/www.europesays.com\/es\/wp-json\/wp\/v2\/users\/2"}],"replies":[{"embeddable":true,"href":"https:\/\/www.europesays.com\/es\/wp-json\/wp\/v2\/comments?post=628346"}],"version-history":[{"count":0,"href":"https:\/\/www.europesays.com\/es\/wp-json\/wp\/v2\/posts\/628346\/revisions"}],"wp:featuredmedia":[{"embeddable":true,"href":"https:\/\/www.europesays.com\/es\/wp-json\/wp\/v2\/media\/628347"}],"wp:attachment":[{"href":"https:\/\/www.europesays.com\/es\/wp-json\/wp\/v2\/media?parent=628346"}],"wp:term":[{"taxonomy":"category","embeddable":true,"href":"https:\/\/www.europesays.com\/es\/wp-json\/wp\/v2\/categories?post=628346"},{"taxonomy":"post_tag","embeddable":true,"href":"https:\/\/www.europesays.com\/es\/wp-json\/wp\/v2\/tags?post=628346"}],"curies":[{"name":"wp","href":"https:\/\/api.w.org\/{rel}","templated":true}]}}