{"id":628861,"date":"2026-06-27T13:40:17","date_gmt":"2026-06-27T13:40:17","guid":{"rendered":"https:\/\/www.europesays.com\/es\/628861\/"},"modified":"2026-06-27T13:40:17","modified_gmt":"2026-06-27T13:40:17","slug":"lo-que-no-se-ve-del-intestino-empieza-a-notarse-en-la-piel-el-sueno-y-el-animo","status":"publish","type":"post","link":"https:\/\/www.europesays.com\/es\/628861\/","title":{"rendered":"Lo que no se ve del intestino empieza a notarse en la piel, el sue\u00f1o y el \u00e1nimo"},"content":{"rendered":"<p><img alt=\"Un libro abierto muestra el sistema digestivo. Rodean al libro alimentos frescos, frutos secos, yogur, pesas, zapatillas, banda el\u00e1stica y una planta.\" class=\"global-image\" decoding=\"async\" fetchpriority=\"high\" height=\"1012\" loading=\"eager\" src=\"https:\/\/www.europesays.com\/es\/wp-content\/uploads\/2026\/06\/VLYZ7H5RO5ELJNLHVUM7ZYEZHU.png\" width=\"1798\"\/>La microbiota intestinal gana atenci\u00f3n por su v\u00ednculo con digesti\u00f3n, defensas, piel, sue\u00f1o y estado de \u00e1nimo. (Imagen Ilustrativa Infobae)<\/p>\n<p class=\"paragraph\">La <a rel=\"noopener noreferrer nofollow\" href=\"https:\/\/www.infobae.com\/tag\/microbiota\/\" target=\"_blank\" title=\"https:\/\/www.infobae.com\/tag\/microbiota\/\"><b>microbiota <\/b><\/a><b>intestinal<\/b> concentra cada vez m\u00e1s atenci\u00f3n por su relaci\u00f3n con la digesti\u00f3n, la inmunidad, la piel, el estado de \u00e1nimo y el sue\u00f1o, seg\u00fan explica Vogue. <\/p>\n<p class=\"paragraph\">En cada persona viven <b>100 billones de microbios<\/b>, una cifra equivalente a <b>1,3 veces<\/b> el n\u00famero de c\u00e9lulas humanas, y el <b>95%<\/b> de esa microbiota se localiza en el tracto gastrointestinal.<\/p>\n<p class=\"paragraph\">Ese conjunto de microorganismos puede pesar alrededor de 200 gramos y se considera tan singular como una huella dactilar. Seg\u00fan el medio, que cita a Nutribi\u00f3tica, empresa espa\u00f1ola de salud integrativa especializada en su estudio, hoy se sabe que <b>el 90% de las enfermedades puede guardar alguna relaci\u00f3n con el intestino y la salud del microbio<\/b>.<\/p>\n<p><img alt=\"Ilustraci\u00f3n del cuerpo humano con intestino y microorganismos. Infograf\u00eda sobre la microbiota, sus funciones, se\u00f1ales de desequilibrio y cuidado.\" class=\"global-image\" decoding=\"async\" fetchpriority=\"low\" height=\"2752\" loading=\"lazy\" src=\"https:\/\/www.europesays.com\/es\/wp-content\/uploads\/2026\/06\/2C74GTFVCBA7TO7Y6DGOBEMRQQ.png\" width=\"1536\"\/>La mayor parte de los microorganismos del cuerpo se concentra en el tracto gastrointestinal. (Imagen Ilustrativa Infobae)<\/p>\n<p class=\"paragraph\">Para <b>Elena P\u00e9rez<\/b> y <b>Mar\u00eda Hern\u00e1ndez-Alcal\u00e1<\/b>, bioqu\u00edmicas expertas en nutrici\u00f3n cl\u00ednica, nutrici\u00f3n aplicada y salud p\u00fablica y fundadoras de <b>Futurlife21<\/b>, la microbiota intestinal act\u00faa casi como un \u00f3rgano m\u00e1s. <\/p>\n<p class=\"paragraph\">\u201cLa microbiota, especialmente la intestinal, act\u00faa pr\u00e1cticamente como un \u00f3rgano m\u00e1s: transforma lo que comemos \u2013se encarga del <b>90 % de la digesti\u00f3n<\/b>\u2013, <b>entrena al sistema inmunitario para que sea eficaz<\/b>, protege la barrera intestinal. Tambi\u00e9n compite con los pat\u00f3genos y contribuye a mantener el <b>correcto funcionamiento de los distintos \u00f3rganos y sistemas<\/b>, ayudando a controlar la inflamaci\u00f3n cr\u00f3nica\u201d, afirman las especialistas.<\/p>\n<p class=\"paragraph\">Las expertas a\u00f1aden que ese papel suele pasar inadvertido hasta que aparecen <b>molestias digestivas<\/b>. A partir de esa base, el medio citado plantea una gu\u00eda para entender c\u00f3mo influye ese equilibrio en distintas \u00e1reas de la salud y qu\u00e9 h\u00e1bitos ayudan a preservarlo.<\/p>\n<p><img alt=\"Mujer con bata blanca observa una pantalla hologr\u00e1fica con un intestino humano ampliado, c\u00e9lulas, una doble h\u00e9lice de ADN y conexiones gen\u00e9ticas luminosas.\" class=\"global-image\" decoding=\"async\" fetchpriority=\"low\" height=\"1536\" loading=\"lazy\" src=\"https:\/\/www.europesays.com\/es\/wp-content\/uploads\/2026\/06\/U4CUFXXFXJCQLOVS37N6OF7254.png\" width=\"2752\"\/>Las expertas describen la microbiota como un \u201c\u00f3rgano\u201d que transforma alimentos y entrena al sistema inmunitario. (Imagen Ilustrativa Infobae)<\/p>\n<p class=\"paragraph\">Una de las manifestaciones m\u00e1s visibles aparece <b>en la piel, donde el intestino tambi\u00e9n puede dejar huella<\/b>. <b>Adri\u00e1n Alegre<\/b> dermat\u00f3logo y director de la cl\u00ednica ABDerma, se\u00f1ala que el desequilibrio de la microbiota intestinal puede empeorar patolog\u00edas como el acn\u00e9, la ros\u00e1cea o la dermatitis, sobre todo en personas predispuestas.<\/p>\n<p class=\"paragraph\">Seg\u00fan el especialista, <b>el<\/b> <b>rostro refleja la inflamaci\u00f3n interna<\/b>, mientras una microbiota equilibrada ayuda a controlar la inflamaci\u00f3n, el <b>estr\u00e9s oxidativo <\/b>y la<b> glicaci\u00f3n del <\/b><a rel=\"noopener noreferrer nofollow\" href=\"https:\/\/www.infobae.com\/tag\/colageno\/\" target=\"_blank\" title=\"https:\/\/www.infobae.com\/tag\/colageno\/\"><b>col\u00e1geno<\/b><\/a>. Esos factores se relacionan con el envejecimiento cut\u00e1neo.<\/p>\n<p><img alt=\"Mesa de madera con un plato de huevos revueltos con espinacas y champi\u00f1ones, vaso de leche, bol de avena con frutas y frutos secos, tostadas, aguacate y yogur con miel.\" class=\"global-image\" decoding=\"async\" fetchpriority=\"low\" height=\"1536\" loading=\"lazy\" src=\"https:\/\/www.europesays.com\/es\/wp-content\/uploads\/2026\/06\/ZGGHTQZGL5B2DP6WIK6OTLPZAQ.png\" width=\"2752\"\/>Los alimentos fermentados y la fibra alimentaria se destacan como apoyo para una microbiota diversa. (Imagen Ilustrativa Infobae)<\/p>\n<p class=\"paragraph\">La conexi\u00f3n tambi\u00e9n <b>alcanza al cerebro<\/b> a trav\u00e9s de nervios, hormonas, sustancias inflamatorias y compuestos que producen las <b>bacterias intestinales<\/b> al fermentar la fibra. El proceso opera en ambos sentidos, de modo que el estr\u00e9s, el nerviosismo o un mal descanso pueden traducirse en hinchaz\u00f3n, dolor o p\u00e9rdida de apetito.<\/p>\n<p class=\"paragraph\"><b>Montse Prados<\/b>, endocrin\u00f3loga experta en nutrici\u00f3n, lo resume as\u00ed: \u201cEsto no significa que todas las enfermedades emocionales vengan del intestino, pero s\u00ed que <b>forma parte de la conversaci\u00f3n biol\u00f3gica<\/b> que sostiene nuestra salud mental\u201d. En esa relaci\u00f3n, entre el <b>90% y el 95%<\/b> de la serotonina se produce en el intestino a partir del tript\u00f3fano presente en la dieta.<\/p>\n<p class=\"paragraph\">P\u00e9rez y Hern\u00e1ndez-Alcal\u00e1 sostienen que una microbiota rica en bacterias beneficiosas favorece la producci\u00f3n de esa hormona, conocida de forma popular como la hormona de la felicidad. Tambi\u00e9n <b>vinculan el consumo de <\/b><a rel=\"noopener noreferrer nofollow\" href=\"https:\/\/www.infobae.com\/tag\/ultraprocesados\/\" target=\"_blank\" title=\"https:\/\/www.infobae.com\/tag\/ultraprocesados\/\"><b>ultraprocesados <\/b><\/a><b>con la depresi\u00f3n y el aumento de la ansiedad<\/b> y del malestar general.<\/p>\n<p><img alt=\"Mujer con cabello casta\u00f1o sonr\u00ede. Ilustraci\u00f3n del cerebro iluminado y sistema digestivo con microbiota de colores en su torso. Fondo liso beige.\" class=\"global-image\" decoding=\"async\" fetchpriority=\"low\" height=\"1536\" loading=\"lazy\" src=\"https:\/\/www.europesays.com\/es\/wp-content\/uploads\/2026\/06\/UWJZKXNNRFC4HPBLH3TDFFOFNI.png\" width=\"2752\"\/>El eje intestino-cerebro conecta bacterias, nervios y hormonas con se\u00f1ales f\u00edsicas y emocionales. (Imagen Ilustrativa Infobae)<\/p>\n<p class=\"paragraph\">Para entender cu\u00e1ndo ese sistema funciona bien conviene distinguir entre<b> eubiosis y disbiosis<\/b>. La primera describe un estado de <b>equilibrio en el que bacterias, hongos y otros microorganismos<\/b> conviven de forma estable y beneficiosa, con funciones como la digesti\u00f3n, la absorci\u00f3n de nutrientes, la protecci\u00f3n frente a pat\u00f3genos y la regulaci\u00f3n del sistema inmunitario. <\/p>\n<p class=\"paragraph\">En tanto, la otra <b>aparece cuando ese equilibrio se altera<\/b>, predominan microorganismos perjudiciales o disminuye la diversidad microbiana.<\/p>\n<p class=\"paragraph\"><b>Sara Mar\u00edn Berbell<\/b>, m\u00e9dica experta en microbiota y divulgadora, enumera las se\u00f1ales m\u00e1s frecuentes: \u201cLos signos m\u00e1s comunes de disbiosis son<b> la hinchaz\u00f3n, los gases, el estre\u00f1imiento, las digestiones pesadas, la diarrea intermitente, la sensaci\u00f3n de que \u2018todo me sienta mal\u2019<\/b>\u201d. <\/p>\n<p><img alt=\"Plato blanco con huevos revueltos, espinacas, champi\u00f1ones y tomates cherry, y un wrap integral. Un mate con bombilla y termo de metal sobre mesa de madera junto a ventana.\" class=\"global-image\" decoding=\"async\" fetchpriority=\"low\" height=\"1536\" loading=\"lazy\" src=\"https:\/\/www.europesays.com\/es\/wp-content\/uploads\/2026\/06\/B4A25YQEHJHFTIDXTQIGAP4JYU.png\" width=\"2752\"\/>La serotonina se produce en gran proporci\u00f3n en el intestino a partir del tript\u00f3fano de la dieta. (Imagen Ilustrativa Infobae)<\/p>\n<p class=\"paragraph\">Seg\u00fan a\u00f1ade, a partir de esos s\u00edntomas muchas personas acaban con miedo a comer y reducen cada vez m\u00e1s la variedad de su dieta sin una valoraci\u00f3n adecuada.<\/p>\n<p class=\"paragraph\">La alimentaci\u00f3n figura entre las principales herramientas para prevenir desequilibrios y ayudar a restaurar la microbiota. <b>Laura Parada<\/b>, nutricionista, explica en Vogue que existen m\u00e1s opciones con<b> beneficios <\/b><a rel=\"noopener noreferrer nofollow\" href=\"https:\/\/www.infobae.com\/tag\/probioticos\/\" target=\"_blank\" title=\"https:\/\/www.infobae.com\/tag\/probioticos\/\"><b>probi\u00f3ticos <\/b><\/a><b>y prebi\u00f3ticos<\/b> de las que suele imaginarse.<\/p>\n<p><img alt=\"Mesa de madera con pl\u00e1tanos, batatas, aguacate, espinacas, frijoles blancos, lentejas, semillas de calabaza, bistecs, chocolate, almendras, anacardos, frijoles negros y trigo.\" class=\"global-image\" decoding=\"async\" fetchpriority=\"low\" height=\"1536\" loading=\"lazy\" src=\"https:\/\/www.europesays.com\/es\/wp-content\/uploads\/2026\/06\/ELBQZAZZVNCVTIQCTWLAFSD7K4.png\" width=\"2752\"\/>La hinchaz\u00f3n, los gases y las digestiones pesadas aparecen como se\u00f1ales frecuentes de desajuste. (Imagen Ilustrativa Infobae)<\/p>\n<p class=\"paragraph\">Los probi\u00f3ticos, microorganismos vivos, se encuentran en l\u00e1cteos fermentados como<b> yogur natural o griego<\/b>, k\u00e9fir y leche fermentada, adem\u00e1s de vegetales fermentados como chucrut, kimchi o encurtidos, y en algunos quesos. Los prebi\u00f3ticos, que estimulan el crecimiento de bacterias beneficiosas, est\u00e1n presentes en <b>legumbres, frutas, verduras, cereales integrales y frutos secos<\/b>.<\/p>\n<p class=\"paragraph\">Parada identifica la <a rel=\"noopener noreferrer nofollow\" href=\"https:\/\/www.infobae.com\/tag\/dieta-mediterranea\/\" target=\"_blank\" title=\"https:\/\/www.infobae.com\/tag\/dieta-mediterranea\/\"><b>dieta mediterr\u00e1nea<\/b><\/a> como el patr\u00f3n alimentario ideal para favorecer una mayor diversidad bacteriana. En la misma l\u00ednea, las expertas de Futurlife21 recomiendan incluir verduras de tres colores distintos tanto en la comida como en la cena, con combinaci\u00f3n de opciones crudas y cocinadas.<\/p>\n<p class=\"paragraph\">Tambi\u00e9n aconsejan acompa\u00f1arlas con <b>prote\u00ednas magras de calidad, grasas insaturadas<\/b> como las del aceite de oliva virgen extra, la palta, las semillas o los frutos secos, y cereales integrales como espelta, centeno, avena, legumbres o quinoa. A eso se suma la reducci\u00f3n de harinas refinadas, az\u00facares, edulcorantes y alimentos ultraprocesados.<\/p>\n<p><img alt=\"Una mujer con ropa deportiva camina por un camino asfaltado en un parque, \u00e1rboles, c\u00e9sped verde y luz c\u00e1lida del sol en el fondo.\" class=\"global-image\" decoding=\"async\" fetchpriority=\"low\" height=\"768\" loading=\"lazy\" src=\"https:\/\/www.europesays.com\/es\/wp-content\/uploads\/2026\/06\/1782567617_263_YQRVF7PC4NAOHGY5MY4HMXL5F4.png\" width=\"1408\"\/>El sue\u00f1o, el ejercicio y el uso responsable de antibi\u00f3ticos influyen en el equilibrio intestinal sin depender de c\u00e1psulas milagrosas. (Imagen Ilustrativa Infobae)<\/p>\n<p class=\"paragraph\">El cuidado de la microbiota no depende solo del plato. Practicar <b>ejercicio f\u00edsico con regularidad, aprender a gestionar las emociones<\/b>, pasar tiempo al <b>aire libre<\/b> y mantener una <b>buena higiene del sue\u00f1o <\/b>forman parte de las medidas que el art\u00edculo considera m\u00e1s \u00fatiles.<\/p>\n<p class=\"paragraph\">Parada subraya que el descanso merece atenci\u00f3n especial porque influye en las bacterias intestinales y, a la vez, los cambios en esas bacterias pueden modular la calidad del sue\u00f1o. A su juicio, se trata de una pieza fundamental del <b>eje intestino-cerebro <\/b>y del <b>reloj biol\u00f3gico<\/b>, que afecta tanto a los ritmos circadianos como a la microbiota.<\/p>\n<p><img alt=\"Fotograf\u00eda cenital de una mesa dividida. A la izquierda, platos de comida saludable: salm\u00f3n, ensaladas, verduras, nueces. A la derecha, comida r\u00e1pida: hamburguesa, papas fritas, dulces y refrescos.\" class=\"global-image\" decoding=\"async\" fetchpriority=\"low\" height=\"1024\" loading=\"lazy\" src=\"https:\/\/www.europesays.com\/es\/wp-content\/uploads\/2026\/06\/6R3BMC6S65DVNMCFGX2NSQHHHY.png\" width=\"1536\"\/>El consumo de alimentos ultraprocesados se vincula con depresi\u00f3n, aumento de la ansiedad y una peor sensaci\u00f3n de bienestar general. (Imagen Ilustrativa Infobae)<\/p>\n<p class=\"paragraph\">Prados recuerda adem\u00e1s que <b>m\u00e1s del 70%<\/b> <b>del <\/b><a rel=\"noopener noreferrer nofollow\" href=\"https:\/\/www.infobae.com\/tag\/sistema-inmune\/\" target=\"_blank\" title=\"https:\/\/www.infobae.com\/tag\/sistema-inmune\/\"><b>sistema inmunitario<\/b><\/a><b> <\/b>reside en el intestino y advierte contra la medicalizaci\u00f3n innecesaria de la microbiota. Su recomendaci\u00f3n pasa por no tomar antibi\u00f3ticos cuando no est\u00e1n indicados, <b>no abusar de los suplementos<\/b> y no creer que una c\u00e1psula de probi\u00f3tico puede compensar un estilo de vida desordenado.<\/p>\n","protected":false},"excerpt":{"rendered":"La microbiota intestinal gana atenci\u00f3n por su v\u00ednculo con digesti\u00f3n, defensas, piel, sue\u00f1o y estado de \u00e1nimo. (Imagen&hellip;\n","protected":false},"author":2,"featured_media":628862,"comment_status":"","ping_status":"","sticky":false,"template":"","format":"standard","meta":{"footnotes":""},"categories":[92],"tags":[29291,4808,116819,25,24,165,1496,6026,166,32546,23],"class_list":["post-628861","post","type-post","status-publish","format-standard","has-post-thumbnail","category-salud","tag-alimentos-saludables","tag-ejercicio","tag-equipo-deportivo","tag-es","tag-espana","tag-health","tag-libro","tag-nutricion","tag-salud","tag-sistema-digestivo","tag-spain"],"share_on_mastodon":{"url":"https:\/\/pubeurope.com\/@es\/116822358979109941","error":""},"_links":{"self":[{"href":"https:\/\/www.europesays.com\/es\/wp-json\/wp\/v2\/posts\/628861","targetHints":{"allow":["GET"]}}],"collection":[{"href":"https:\/\/www.europesays.com\/es\/wp-json\/wp\/v2\/posts"}],"about":[{"href":"https:\/\/www.europesays.com\/es\/wp-json\/wp\/v2\/types\/post"}],"author":[{"embeddable":true,"href":"https:\/\/www.europesays.com\/es\/wp-json\/wp\/v2\/users\/2"}],"replies":[{"embeddable":true,"href":"https:\/\/www.europesays.com\/es\/wp-json\/wp\/v2\/comments?post=628861"}],"version-history":[{"count":0,"href":"https:\/\/www.europesays.com\/es\/wp-json\/wp\/v2\/posts\/628861\/revisions"}],"wp:featuredmedia":[{"embeddable":true,"href":"https:\/\/www.europesays.com\/es\/wp-json\/wp\/v2\/media\/628862"}],"wp:attachment":[{"href":"https:\/\/www.europesays.com\/es\/wp-json\/wp\/v2\/media?parent=628861"}],"wp:term":[{"taxonomy":"category","embeddable":true,"href":"https:\/\/www.europesays.com\/es\/wp-json\/wp\/v2\/categories?post=628861"},{"taxonomy":"post_tag","embeddable":true,"href":"https:\/\/www.europesays.com\/es\/wp-json\/wp\/v2\/tags?post=628861"}],"curies":[{"name":"wp","href":"https:\/\/api.w.org\/{rel}","templated":true}]}}