{"id":628922,"date":"2026-06-27T14:31:14","date_gmt":"2026-06-27T14:31:14","guid":{"rendered":"https:\/\/www.europesays.com\/es\/628922\/"},"modified":"2026-06-27T14:31:14","modified_gmt":"2026-06-27T14:31:14","slug":"una-avioneta-se-estrello-contra-el-rascacielos-mas-alto-de-la-capital-china-horas-despues-parecia-que-nada-habia-pasado","status":"publish","type":"post","link":"https:\/\/www.europesays.com\/es\/628922\/","title":{"rendered":"Una avioneta se estrell\u00f3 contra el rascacielos m\u00e1s alto de la capital china. Horas despu\u00e9s, parec\u00eda que nada hab\u00eda pasado"},"content":{"rendered":"<p>      CNN\u00a0\u2014\u00a0\n    <\/p>\n<p class=\"paragraph inline-placeholder vossi-paragraph\" data-uri=\"es.cms.cnn.com\/_components\/paragraph\/instances\/cmqwalyiy00av2dpa4deh1kqu@published\" data-editable=\"text\" data-component-name=\"paragraph\" data-article-gutter=\"true\">\n            \ufeffEl viernes por la tarde, una avioneta pareci\u00f3 eludir algunos de los controles a\u00e9reos m\u00e1s estrictos del mundo y se estrell\u00f3 contra el rascacielos m\u00e1s alto de Beijing: la Torre CITIC, de 109 pisos, que domina el horizonte de la ciudad. El accidente caus\u00f3 la muerte del piloto y heridas a otras 13 personas.\n    <\/p>\n<p class=\"paragraph inline-placeholder vossi-paragraph\" data-uri=\"es.cms.cnn.com\/_components\/paragraph\/instances\/cmqwanaug0004356rlp2b8lnj@published\" data-editable=\"text\" data-component-name=\"paragraph\" data-article-gutter=\"true\">\n            El impacto hizo que fragmentos de vidrio y restos de la aeronave cayeran cientos de metros hacia las calles, justo cuando los empleados de oficinas sal\u00edan para el fin de semana, provocando p\u00e1nico en el coraz\u00f3n de la ciudad m\u00e1s protegida de China.\n    <\/p>\n<p class=\"paragraph inline-placeholder vossi-paragraph\" data-uri=\"es.cms.cnn.com\/_components\/paragraph\/instances\/cmqwanauh0005356rwsq7h3tl@published\" data-editable=\"text\" data-component-name=\"paragraph\" data-article-gutter=\"true\">\n            Pero poco tiempo despu\u00e9s, parec\u00eda que no hab\u00eda pasado nada.\n    <\/p>\n<p class=\"paragraph inline-placeholder vossi-paragraph\" data-uri=\"es.cms.cnn.com\/_components\/paragraph\/instances\/cmqwanauh0006356rrzecb8jx@published\" data-editable=\"text\" data-component-name=\"paragraph\" data-article-gutter=\"true\">\n            Todas las referencias al incidente \u2014as\u00ed como las impactantes im\u00e1genes del mismo\u2014 hab\u00edan sido eliminadas de las redes sociales chinas. Inicialmente, el Gobierno no reconoci\u00f3 p\u00fablicamente que hubiera ocurrido ning\u00fan incidente. Los medios estatales \u2014incluida la cadena nacional CCTV, cuya sede se encuentra justo enfrente del lugar del accidente\u2014 no mencionaron el suceso.\n    <\/p>\n<p class=\"paragraph inline-placeholder vossi-paragraph\" data-uri=\"es.cms.cnn.com\/_components\/paragraph\/instances\/cmqwanauh0007356roxrxy74f@published\" data-editable=\"text\" data-component-name=\"paragraph\" data-article-gutter=\"true\">\n            Esto se debe a la labor del ej\u00e9rcito de censores de China y al control obsesivo de las autoridades comunistas sobre la informaci\u00f3n, especialmente en lo que respecta a acontecimientos que, a su juicio, podr\u00edan atraer atenci\u00f3n negativa o acarrear consecuencias adversas.\n    <\/p>\n<p class=\"paragraph inline-placeholder vossi-paragraph\" data-uri=\"es.cms.cnn.com\/_components\/paragraph\/instances\/cmqwanauh0008356rzqcs4c48@published\" data-editable=\"text\" data-component-name=\"paragraph\" data-article-gutter=\"true\">\n            El vac\u00edo informativo dej\u00f3 numerosas preguntas sin respuesta para quienes presenciaron el suceso o vieron noticias sobre \u00e9l. Durante casi un d\u00eda se desconoci\u00f3 cu\u00e1ntas personas hab\u00edan resultado heridas en el incidente.\n    <\/p>\n<p class=\"paragraph inline-placeholder vossi-paragraph\" data-uri=\"es.cms.cnn.com\/_components\/paragraph\/instances\/cmqwanauh0009356r0dfxnjud@published\" data-editable=\"text\" data-component-name=\"paragraph\" data-article-gutter=\"true\">\n            Este s\u00e1bado por la tarde (hora local), medios vinculados al Gobierno de Beijing informaron que una \u201cavioneta deportiva ligera monomotor y biplaza choc\u00f3 en pleno vuelo contra un edificio de gran altura\u201d, y que el piloto \u2014la \u00fanica persona a bordo\u2014 hab\u00eda fallecido, mientras que otras 13 personas resultaron heridas en el lugar. Se indic\u00f3 que el incidente estaba siendo \u201cinvestigado\u201d.\n    <\/p>\n<p>       <img decoding=\"async\" src=\"https:\/\/www.europesays.com\/es\/wp-content\/uploads\/2026\/06\/gettyimages-2282893722-20260627115041045.jpg\" alt=\"La Torre Citic de Beijing, tambi\u00e9n conocida como Torre Zun, despu\u00e9s de que una avioneta chocara contra ella el viernes.\" class=\"image__dam-img image__dam-img--loading\" onload=\"this.classList.remove('image__dam-img--loading')\" onerror=\"imageLoadError(this)\" height=\"1575\" width=\"2800\" loading=\"lazy\"\/><\/p>\n<p class=\"paragraph inline-placeholder vossi-paragraph\" data-uri=\"es.cms.cnn.com\/_components\/paragraph\/instances\/cmqwanauh000a356rezs3an7f@published\" data-editable=\"text\" data-component-name=\"paragraph\" data-article-gutter=\"true\">\n            Todav\u00eda se desconoce si el accidente fue fortuito o intencionado.\n    <\/p>\n<p class=\"paragraph inline-placeholder vossi-paragraph\" data-uri=\"es.cms.cnn.com\/_components\/paragraph\/instances\/cmqwanauh000b356rvlx8mr46@published\" data-editable=\"text\" data-component-name=\"paragraph\" data-article-gutter=\"true\">\n            Quiz\u00e1s lo m\u00e1s preocupante para las autoridades es que el suceso tambi\u00e9n ha planteado interrogantes sobre c\u00f3mo logr\u00f3 el piloto sobrevolar la blindada capital china, donde reside la mayor parte de la \u00e9lite del Partido Comunista y donde incluso el vuelo de drones est\u00e1 pr\u00e1cticamente prohibido.\n    <\/p>\n<p class=\"paragraph inline-placeholder vossi-paragraph\" data-uri=\"es.cms.cnn.com\/_components\/paragraph\/instances\/cmqwanauh000c356r9mtl9mwj@published\" data-editable=\"text\" data-component-name=\"paragraph\" data-article-gutter=\"true\">\n            La Torre CITIC tiene 528 metros de altura (equivalentes a 1.732 pies). Es el edificio m\u00e1s alto de Beijing desde 2018 y domina el horizonte urbano. El edificio alberga al conglomerado estatal chino CITIC Group y al gigante tecnol\u00f3gico Alibaba; adem\u00e1s, el vecindario circundante es una zona privilegiada de la ciudad, frecuentada por extranjeros y diplom\u00e1ticos. Las embajadas de pa\u00edses que van desde el Reino Unido hasta Vietnam se encuentran a pocos pasos, al igual que importantes instituciones financieras mundiales, incluidas las oficinas del Banco Mundial y de la IFC en China.\n    <\/p>\n<p class=\"paragraph inline-placeholder vossi-paragraph\" data-uri=\"es.cms.cnn.com\/_components\/paragraph\/instances\/cmqwanauh000d356rpdx5wxxn@published\" data-editable=\"text\" data-component-name=\"paragraph\" data-article-gutter=\"true\">\n            El accidente ocurri\u00f3 el viernes a \u00faltima hora de la tarde, durante la hora pico. Las im\u00e1genes compartidas en l\u00ednea \u2014en el breve lapso previo a la intervenci\u00f3n de la censura\u2014 mostraban una avioneta chocando contra la parte superior del edificio, tambi\u00e9n conocido como China Zun, lo que provoc\u00f3 que escombros y la secci\u00f3n de la cola de la aeronave cayeran sobre la calle.\n    <\/p>\n<p class=\"paragraph inline-placeholder vossi-paragraph\" data-uri=\"es.cms.cnn.com\/_components\/paragraph\/instances\/cmqwanauh000e356ryjfo1gu5@published\" data-editable=\"text\" data-component-name=\"paragraph\" data-article-gutter=\"true\">\n            Las im\u00e1genes en l\u00ednea que mostraban la matr\u00edcula de la aeronave parec\u00edan indicar que se trataba de una aeronave ligera deportiva de fabricaci\u00f3n nacional, una Sunward SA 60L Aurora, propiedad de una empresa local de aviaci\u00f3n general que ofrece servicios como formaci\u00f3n de pilotos, vuelos recreativos privados y fotograf\u00eda a\u00e9rea.\n    <\/p>\n<p class=\"paragraph inline-placeholder vossi-paragraph\" data-uri=\"es.cms.cnn.com\/_components\/paragraph\/instances\/cmqwanauh000f356rhbd5ucvt@published\" data-editable=\"text\" data-component-name=\"paragraph\" data-article-gutter=\"true\">\n            CNN observ\u00f3 a multitudes evacuando el rascacielos y congreg\u00e1ndose en las calles cercanas a la entrada, junto a camiones de bomberos, patrullas policiales y una ambulancia.\n    <\/p>\n<p class=\"paragraph inline-placeholder vossi-paragraph\" data-uri=\"es.cms.cnn.com\/_components\/paragraph\/instances\/cmqwanauh000h356rrea8lod6@published\" data-editable=\"text\" data-component-name=\"paragraph\" data-article-gutter=\"true\">\n            Anna, una residente de Beijing que pidi\u00f3 que solo se utilizara su nombre de pila, dijo que acudi\u00f3 al lugar tras enterarse del accidente en internet.\n    <\/p>\n<p class=\"paragraph inline-placeholder vossi-paragraph\" data-uri=\"es.cms.cnn.com\/_components\/paragraph\/instances\/cmqwanauh000i356rgll5tw1v@published\" data-editable=\"text\" data-component-name=\"paragraph\" data-article-gutter=\"true\">\n            \u201cEstaba a solo dos paradas de distancia\u2026 y vi la publicaci\u00f3n\u2026 pero la borraron enseguida. As\u00ed que simplemente vine aqu\u00ed\u201d.\n    <\/p>\n<p class=\"paragraph inline-placeholder vossi-paragraph\" data-uri=\"es.cms.cnn.com\/_components\/paragraph\/instances\/cmqwanaui000j356rsochggjl@published\" data-editable=\"text\" data-component-name=\"paragraph\" data-article-gutter=\"true\">\n            Desde entonces, las im\u00e1genes se han vuelto virales en las redes sociales fuera de China continental.\n    <\/p>\n<p class=\"paragraph inline-placeholder vossi-paragraph\" data-uri=\"es.cms.cnn.com\/_components\/paragraph\/instances\/cmqwanaui000k356rd5xpj4jw@published\" data-editable=\"text\" data-component-name=\"paragraph\" data-article-gutter=\"true\">\n            Dentro del pa\u00eds, una b\u00fasqueda de \u201caccidente a\u00e9reo en Beijing\u201d en Weibo \u2014la versi\u00f3n china de X\u2014 no arroj\u00f3 resultados relevantes.\n    <\/p>\n<p class=\"paragraph inline-placeholder vossi-paragraph\" data-uri=\"es.cms.cnn.com\/_components\/paragraph\/instances\/cmqwanaui000l356riz4hzx7g@published\" data-editable=\"text\" data-component-name=\"paragraph\" data-article-gutter=\"true\">\n            Es pr\u00e1ctica habitual que las autoridades chinas act\u00faen con rapidez para censurar o imponer un apag\u00f3n informativo, as\u00ed como para desplegar un fuerte dispositivo policial ante cualquier incidente que se perciba como una amenaza potencial para la estabilidad social.\n    <\/p>\n<p class=\"paragraph inline-placeholder vossi-paragraph\" data-uri=\"es.cms.cnn.com\/_components\/paragraph\/instances\/cmqwanaui000m356rmqkbtdde@published\" data-editable=\"text\" data-component-name=\"paragraph\" data-article-gutter=\"true\">\n            Este s\u00e1bado, las carreteras cercanas a la Torre CITIC permanec\u00edan cerradas y hab\u00eda presencia policial en los alrededores. Solo se permit\u00eda el acceso a quienes pudieran acreditar que trabajaban en la zona. Los repartidores se quedaron fuera esperando a que los empleados salieran a recoger sus pedidos, seg\u00fan inform\u00f3 un periodista de CNN.\n    <\/p>\n<p class=\"paragraph inline-placeholder vossi-paragraph\" data-uri=\"es.cms.cnn.com\/_components\/paragraph\/instances\/cmqwanaui000n356retqyguvx@published\" data-editable=\"text\" data-component-name=\"paragraph\" data-article-gutter=\"true\">\n            Datos de vuelo no verificados procedentes de Flightradar24 y publicados en internet parec\u00edan mostrar una trayectoria de vuelo con una desviaci\u00f3n considerable tras el despegue de la aeronave desde el aeropuerto de Shifosi, en Beijing.\n    <\/p>\n<p class=\"paragraph inline-placeholder vossi-paragraph\" data-uri=\"es.cms.cnn.com\/_components\/paragraph\/instances\/cmqwanaui000o356rgao8ud4h@published\" data-editable=\"text\" data-component-name=\"paragraph\" data-article-gutter=\"true\">\n            El vuelo de cualquier aeronave ligera en la ciudad requiere la autorizaci\u00f3n tanto de la Administraci\u00f3n de Aviaci\u00f3n Civil de China como de la Fuerza A\u00e9rea del Ej\u00e9rcito Popular de Liberaci\u00f3n. El mes pasado, Beijing promulg\u00f3 una normativa de gran alcance para prohibir de facto los vuelos recreativos ocasionales y los drones de consumo.\n    <\/p>\n<p class=\"paragraph inline-placeholder vossi-paragraph\" data-uri=\"es.cms.cnn.com\/_components\/paragraph\/instances\/cmqwanaui000p356raob7cxmc@published\" data-editable=\"text\" data-component-name=\"paragraph\" data-article-gutter=\"true\">\n            A los incidentes mortales y de gran repercusi\u00f3n p\u00fablica en China a veces les siguen vac\u00edos de informaci\u00f3n oficial que pueden prolongarse durante a\u00f1os.\n    <\/p>\n<p class=\"paragraph inline-placeholder vossi-paragraph\" data-uri=\"es.cms.cnn.com\/_components\/paragraph\/instances\/cmqwanaui000q356rd6ndm2u3@published\" data-editable=\"text\" data-component-name=\"paragraph\" data-article-gutter=\"true\">\n            Beijing a\u00fan no ha ofrecido ninguna explicaci\u00f3n oficial, m\u00e1s de cuatro a\u00f1os despu\u00e9s de que un avi\u00f3n de pasajeros <a href=\"https:\/\/cnnespanol.cnn.com\/2022\/03\/21\/avion-china-boeing-737-accidentes-trax\" rel=\"nofollow noopener\" target=\"_blank\">Boeing 737-800 de China Eastern <\/a>se estrellara en la regi\u00f3n de Guangxi \u2014causando la muerte de 132 personas\u2014 en el que fue el desastre a\u00e9reo m\u00e1s mort\u00edfero del pa\u00eds en d\u00e9cadas.\n    <\/p>\n","protected":false},"excerpt":{"rendered":"CNN\u00a0\u2014\u00a0 \ufeffEl viernes por la tarde, una avioneta pareci\u00f3 eludir algunos de los controles a\u00e9reos m\u00e1s estrictos del&hellip;\n","protected":false},"author":2,"featured_media":628923,"comment_status":"","ping_status":"","sticky":false,"template":"","format":"standard","meta":{"footnotes":""},"categories":[42],"tags":[14280,19291,17,18,3374,116828,13,14,11,61,62,63,64,19,20,9,10,15,16,12,21,22,65,66,67],"class_list":["post-628922","post","type-post","status-publish","format-standard","has-post-thumbnail","category-internacional","tag-avioneta","tag-beijing","tag-breaking-news","tag-breakingnews","tag-censura","tag-citic","tag-featured-news","tag-featurednews","tag-headlines","tag-internacional","tag-international","tag-international-news","tag-internationalnews","tag-latest-news","tag-latestnews","tag-news","tag-noticias","tag-noticias-destacadas","tag-noticiasdestacadas","tag-titulares","tag-ultimas-noticias","tag-ultimasnoticias","tag-world","tag-world-news","tag-worldnews"],"share_on_mastodon":{"url":"https:\/\/pubeurope.com\/@es\/116822560137203055","error":""},"_links":{"self":[{"href":"https:\/\/www.europesays.com\/es\/wp-json\/wp\/v2\/posts\/628922","targetHints":{"allow":["GET"]}}],"collection":[{"href":"https:\/\/www.europesays.com\/es\/wp-json\/wp\/v2\/posts"}],"about":[{"href":"https:\/\/www.europesays.com\/es\/wp-json\/wp\/v2\/types\/post"}],"author":[{"embeddable":true,"href":"https:\/\/www.europesays.com\/es\/wp-json\/wp\/v2\/users\/2"}],"replies":[{"embeddable":true,"href":"https:\/\/www.europesays.com\/es\/wp-json\/wp\/v2\/comments?post=628922"}],"version-history":[{"count":0,"href":"https:\/\/www.europesays.com\/es\/wp-json\/wp\/v2\/posts\/628922\/revisions"}],"wp:featuredmedia":[{"embeddable":true,"href":"https:\/\/www.europesays.com\/es\/wp-json\/wp\/v2\/media\/628923"}],"wp:attachment":[{"href":"https:\/\/www.europesays.com\/es\/wp-json\/wp\/v2\/media?parent=628922"}],"wp:term":[{"taxonomy":"category","embeddable":true,"href":"https:\/\/www.europesays.com\/es\/wp-json\/wp\/v2\/categories?post=628922"},{"taxonomy":"post_tag","embeddable":true,"href":"https:\/\/www.europesays.com\/es\/wp-json\/wp\/v2\/tags?post=628922"}],"curies":[{"name":"wp","href":"https:\/\/api.w.org\/{rel}","templated":true}]}}