{"id":629012,"date":"2026-06-27T15:51:21","date_gmt":"2026-06-27T15:51:21","guid":{"rendered":"https:\/\/www.europesays.com\/es\/629012\/"},"modified":"2026-06-27T15:51:21","modified_gmt":"2026-06-27T15:51:21","slug":"fermin-sobron-el-viaje-de-vuelta-del-nino-de-banos","status":"publish","type":"post","link":"https:\/\/www.europesays.com\/es\/629012\/","title":{"rendered":"Ferm\u00edn Sobr\u00f3n, el viaje de vuelta del ni\u00f1o de Ba\u00f1os"},"content":{"rendered":"<p><a href=\"#\" onclick=\"window.open('https:\/\/www.facebook.com\/sharer.php?u=https:\/\/nuevecuatrouno.com\/2026\/06\/27\/fermin-sobron-el-viaje-de-vuelta-del-nino-de-banos-no\/&amp;t=Ferm\u00edn Sobr\u00f3n, el viaje de vuelta del ni\u00f1o de Ba\u00f1os', 'facebookShare', 'width=626,height=436'); return false;\" title=\"Facebook\"><\/p>\n<p>COMPARTE<\/p>\n<p><\/a><br \/>\n<a href=\"#\" onclick=\"window.open('https:\/\/x.com\/share?text=Ferm\u00edn Sobr\u00f3n, el viaje de vuelta del ni\u00f1o de Ba\u00f1os -&amp;url=https:\/\/nuevecuatrouno.com\/2026\/06\/27\/fermin-sobron-el-viaje-de-vuelta-del-nino-de-banos-no\/', 'twitterShare', 'width=626,height=436'); return false;\" title=\"X\"><img decoding=\"async\" src=\"https:\/\/www.europesays.com\/es\/wp-content\/uploads\/2026\/06\/1782575477_316_x-twitter-art.png\" style=\"padding-top: 6px;\"\/>POSTEA<\/a><br \/>\n<a href=\"whatsapp:\/\/send?text=Ferm\u00edn Sobr\u00f3n, el viaje de vuelta del ni\u00f1o de Ba\u00f1os https:\/\/nuevecuatrouno.com\/2026\/06\/27\/fermin-sobron-el-viaje-de-vuelta-del-nino-de-banos-no\/\" rel=\"nofollow\"><\/p>\n<p>WHATSAPP<\/p>\n<p><\/a><br \/>\n<a href=\"http:\/\/nuevecuatrouno.com\/cdn-cgi\/l\/email-protection#d4eba7a1b6beb1b7a0e992b1a6b91779baf487bbb6a61767baf8f4b1b8f4a2bdb5beb1f4b0b1f4a2a1b1b8a0b5f4b0b1b8f4babd1765bbf4b0b1f496b51765bba7f2b5b9a4ef969b908de9166b85a1177df4a2bdb0b5ebf49cb1f4a2bda7a0bbf4b1a7a0b1f4b5a6a01779b7a1b8bbf4b1baf4baa1b1a2b1b7a1b5a0a6bba1babbfab7bbb9f4adf4b7a6b1bbf4a5a1b1f4a0b1f4a4a1b1b0b1f4bdbaa0b1a6b1a7b5a6eef4bca0a0a4a7eefbfbbaa1b1a2b1b7a1b5a0a6bba1babbfab7bbb9fbe6e4e6e2fbe4e2fbe6e3fbb2b1a6b9bdbaf9a7bbb6a6bbbaf9b1b8f9a2bdb5beb1f9b0b1f9a2a1b1b8a0b5f9b0b1b8f9babdbabbf9b0b1f9b6b5babba7f9babbfb\" rel=\"nofollow noopener\" target=\"_blank\"><\/p>\n<p>Email<\/p>\n<p><\/a><\/p>\n<p>El intento de ascenso de Ferm\u00edn Sobr\u00f3n con el Zamora ha desbloqueado muchos recuerdos entre los aficionados de la UD Logro\u00f1\u00e9s. Estos, a buen seguro, llevar\u00edan tres temporadas sin querer mirar lo que estaba sucediendo un escal\u00f3n por encima. Pero el tanto de Cabetas en el minuto 114 ayud\u00f3 a hacer las paces con este deporte, tanto que los seguidores riojanos se pusieron a mirar los playoffs de ascenso de Primera Federaci\u00f3n. Y descubrieron a un Zamora muy reconocible. Markel Lozano, Carlos Ramos, Miki Codina, Sergi L\u00f3pez; y s\u00ed, ese que est\u00e1 bajo palos es Ferm\u00edn Sobr\u00f3n, el muchacho de Ba\u00f1os que est\u00e1 haciendo carrera.<\/p>\n<p>Mantiene la cara de ni\u00f1o, barbilampi\u00f1o, de mirada p\u00edcara, siempre intenso, activo, nervioso, \u00e1gil\u2026 con este golpeo de bal\u00f3n tan fant\u00e1stico. S\u00ed, es Ferm\u00edn Sobr\u00f3n, al que el f\u00fatbol no le ha puesto las cosas f\u00e1ciles. Pero lo est\u00e1 consiguiendo. El mismo chico que a la sombra de Miguel Mart\u00ednez de Corta aprendi\u00f3 el oficio, dio grandes momentos a la UD Logro\u00f1\u00e9s en Copa del Rey, y justo cuando estuvo a punto de rendirse, el Zamora le llam\u00f3 para protagonizar tres temporadas fant\u00e1sticas.<\/p>\n<p>Ha logrado jugar por el ascenso a Segunda, ha sido protagonista, <a href=\"https:\/\/nuevecuatrouno.com\/2026\/06\/27\/fermin-sobron-vuelve-a-la-ud-logrones-ocho-anos-despues-no\/\" rel=\"nofollow noopener\" target=\"_blank\">uno de los mejores porteros del a\u00f1o en Primera Federaci\u00f3n\u2026<\/a> y ahora regresa a su casa, a Las Gaunas, para intentar, ahora, s\u00ed, ser titular en el equipo de su tierra.\u00a0 Vuelve a su equipo cuando ya es exactamente el jugador que so\u00f1aban ser.<\/p>\n<p><img loading=\"lazy\" decoding=\"async\" aria-describedby=\"caption-attachment-609578\" class=\"wp-image-609578 size-full\" src=\"https:\/\/www.europesays.com\/es\/wp-content\/uploads\/2026\/06\/fermin-sobron-zamora-1.jpeg\" alt=\"\" width=\"1400\" height=\"802\"  \/><\/p>\n<p id=\"caption-attachment-609578\" class=\"wp-caption-text\">Ferm\u00edn, guardi\u00e1n de la porter\u00eda del Ruta de la Plata. \/ FOTO: Zamora CF<\/p>\n<p>Su historia comienza en Ba\u00f1os de R\u00edo Tob\u00eda, uno de esos pueblos donde la camiseta blanquirroja de la UD Logro\u00f1\u00e9s forma parte del paisaje. All\u00ed creci\u00f3 un ni\u00f1o que so\u00f1aba con defender una porter\u00eda y que encontr\u00f3 en la cantera de la UD Logro\u00f1\u00e9s el camino para intentar hacerlo realidad.<\/p>\n<p>El sue\u00f1o, sin embargo, ten\u00eda un peque\u00f1o inconveniente. Bajo los palos esperaba Miguel Mart\u00ednez de Corta. No era un portero cualquiera. Era el capit\u00e1n. El l\u00edder del vestuario. Un s\u00edmbolo del club. El segundo futbolista con m\u00e1s partidos en la historia de la entidad, solo superado por la leyenda de I\u00f1aki. Para un joven portero que apenas comenzaba su carrera, quitarle el sitio resultaba pr\u00e1cticamente imposible.<\/p>\n<p>Ferm\u00edn nunca protest\u00f3. Nunca levant\u00f3 la voz. Aprendi\u00f3. Observ\u00f3. Esper\u00f3. Comparti\u00f3 entrenamientos, viajes y vestuario con quien acabar\u00eda convirti\u00e9ndose en uno de sus referentes. Acept\u00f3 el papel secundario porque entend\u00eda perfectamente a qui\u00e9n ten\u00eda delante. Pero\u00a0si quer\u00eda ser portero de verdad, deb\u00eda salir de casa.<\/p>\n<p>No fue una huida. Fue una necesidad. Comenz\u00f3 un viaje que pocas veces resulta tan lineal como desde fuera parece. Villanovense, Haro Deportivo, N\u00e1xara, Izarra\u2026 Cada destino a\u00f1ad\u00eda experiencia y tambi\u00e9n alguna dificultad. En el Haro vivi\u00f3 un ascenso hist\u00f3rico precisamente dejando sin premio al Zamora, el mismo club que a\u00f1os m\u00e1s tarde cambiar\u00eda su carrera.<\/p>\n<p><img loading=\"lazy\" decoding=\"async\" aria-describedby=\"caption-attachment-228909\" class=\"size-full wp-image-228909\" src=\"https:\/\/www.europesays.com\/es\/wp-content\/uploads\/2026\/06\/fermin-sobron-haro-tudelano.jpg\" alt=\"\" width=\"2048\" height=\"1363\"  \/><\/p>\n<p id=\"caption-attachment-228909\" class=\"wp-caption-text\">Ferm\u00edn Sobr\u00f3n vuela para evitar un tanto del Tudelano cuando defend\u00eda la porter\u00eda del Haro Deportivo. \/ Foto: Haro Deportivo<\/p>\n<p>El verano de 2023 estuvo a punto de marcar otro rumbo. Su intenci\u00f3n era regresar al N\u00e1xara, acercarse a casa y preparar las oposiciones de Magisterio. Parec\u00eda el siguiente paso l\u00f3gico. Vivir solo del f\u00fatbol parec\u00eda que le era esquivo. Hasta que son\u00f3 el tel\u00e9fono. David Movilla quer\u00eda llev\u00e1rselo al Zamora.<\/p>\n<p>Aquella llamada cambi\u00f3 su carrera. En tres temporadas se ha convirtido en un referente del conjunto castellanoleon\u00e9s. Ascendi\u00f3 a Primera Federaci\u00f3n, fue protagonista de inolvidables noches de Copa del Rey, alcanz\u00f3 los cien partidos oficiales y se consolid\u00f3 como uno de los porteros m\u00e1s fiables de la categor\u00eda. El f\u00fatbol profesional lleg\u00f3 a quedarse a un solo encuentro.<\/p>\n<p>Hace apenas unos d\u00edas, en Sabadell, las l\u00e1grimas reflejaban la dureza de una derrota que todav\u00eda dol\u00eda cuando pronunci\u00f3 una frase que resum\u00eda su estado de \u00e1nimo: \u00abEstoy muy saturado mentalmente\u00bb. En la siguiente dej\u00f3 claro todo lo que significaba el club para \u00e9l: \u00abYo amo Zamora\u00bb.<\/p>\n<p>Mientras \u00e9l lloraba aquella oportunidad perdida, en Logro\u00f1o la UD Logro\u00f1\u00e9s preparaba una nueva temporada en Primera Federaci\u00f3n tras un m\u00e1s que necesario ascenso. Dos caminos que parec\u00edan separados pod\u00edan cruzarse de forma natural.<\/p>\n<p><img loading=\"lazy\" decoding=\"async\" aria-describedby=\"caption-attachment-206788\" class=\"wp-image-206788 size-full\" src=\"https:\/\/www.europesays.com\/es\/wp-content\/uploads\/2026\/06\/fermin-y-miguel-1.jpeg\" alt=\"\" width=\"1024\" height=\"852\"  \/><\/p>\n<p id=\"caption-attachment-206788\" class=\"wp-caption-text\">Miguel y Ferm\u00edn se saludan afectuosamente tras un partido en Las Gaunas.<\/p>\n<p>Hay un detalle que explica mejor que ning\u00fan otro qui\u00e9n es Ferm\u00edn Sobr\u00f3n. Cuando la UD Logro\u00f1\u00e9s peleaba en la final por el ascenso, uno de los primeros mensajes que recibi\u00f3 Miguel Mart\u00ednez de Corta, segundo entrenador de Unai Mendia, fue el suyo. Le deseaba suerte, y que le enviara fortuna para que \u00e9l pudiera alcanzar el ascenso con el Zamora. El f\u00fatbol, caprichoso, le ten\u00eda reservada otra recompensa.<\/p>\n<p>Profesor y alumno volver\u00e1n a encontrarse. Solo que esta vez todo ser\u00e1 diferente. El maestro ya no estar\u00e1 bajo los palos. Esperar\u00e1 desde el banquillo como segundo entrenador de Unai Mendia. El alumno ser\u00e1 quien defienda la porter\u00eda. Dos generaciones de porteros riojanos unidas por el mismo escudo y por una amistad que ha sobrevivido al paso del tiempo.<\/p>\n<p><img loading=\"lazy\" decoding=\"async\" aria-describedby=\"caption-attachment-206787\" class=\"wp-image-206787 size-full\" src=\"https:\/\/www.europesays.com\/es\/wp-content\/uploads\/2026\/06\/fermin-y-miguel-2.jpeg\" alt=\"\" width=\"696\" height=\"967\"  \/><\/p>\n<p id=\"caption-attachment-206787\" class=\"wp-caption-text\">Profesor y alumno en Las Gaunas. FOTO: Riojapress.<\/p>\n<p>Ferm\u00edn no regresa porque se debiera algo. Regresa porque se lo ha ganado. Quiz\u00e1 esa sea la mayor ense\u00f1anza. Hay futbolistas que llegan directos a su destino y otros que necesitan dar un rodeo enorme para descubrir que el lugar al que siempre quisieron volver segu\u00eda esper\u00e1ndoles.<\/p>\n<p>Ocho a\u00f1os despu\u00e9s, el ni\u00f1o de Ba\u00f1os vuelve a casa. Y, por primera vez, lo hace convencido de que la porter\u00eda con la que so\u00f1\u00f3 desde que era adolescente tambi\u00e9n est\u00e1 preparada para recibirle.<\/p>\n<p><img decoding=\"async\" src=\"https:\/\/www.europesays.com\/es\/wp-content\/uploads\/2026\/06\/1782575481_134_cabecera-nuevecuatrouno-2026.png\"\/><\/p>\n","protected":false},"excerpt":{"rendered":"COMPARTE POSTEA WHATSAPP Email El intento de ascenso de Ferm\u00edn Sobr\u00f3n con el Zamora ha desbloqueado muchos recuerdos&hellip;\n","protected":false},"author":2,"featured_media":629013,"comment_status":"","ping_status":"","sticky":false,"template":"","format":"standard","meta":{"footnotes":""},"categories":[268],"tags":[168,25,24,116840,280,282,16144,281,23,167,104405],"class_list":["post-629012","post","type-post","status-publish","format-standard","has-post-thumbnail","category-futbol","tag-deportes","tag-es","tag-espana","tag-fermin-sobron","tag-football","tag-futbol","tag-primera-federacion","tag-soccer","tag-spain","tag-sports","tag-ud-logrones"],"share_on_mastodon":{"url":"https:\/\/pubeurope.com\/@es\/116822874666669855","error":""},"_links":{"self":[{"href":"https:\/\/www.europesays.com\/es\/wp-json\/wp\/v2\/posts\/629012","targetHints":{"allow":["GET"]}}],"collection":[{"href":"https:\/\/www.europesays.com\/es\/wp-json\/wp\/v2\/posts"}],"about":[{"href":"https:\/\/www.europesays.com\/es\/wp-json\/wp\/v2\/types\/post"}],"author":[{"embeddable":true,"href":"https:\/\/www.europesays.com\/es\/wp-json\/wp\/v2\/users\/2"}],"replies":[{"embeddable":true,"href":"https:\/\/www.europesays.com\/es\/wp-json\/wp\/v2\/comments?post=629012"}],"version-history":[{"count":0,"href":"https:\/\/www.europesays.com\/es\/wp-json\/wp\/v2\/posts\/629012\/revisions"}],"wp:featuredmedia":[{"embeddable":true,"href":"https:\/\/www.europesays.com\/es\/wp-json\/wp\/v2\/media\/629013"}],"wp:attachment":[{"href":"https:\/\/www.europesays.com\/es\/wp-json\/wp\/v2\/media?parent=629012"}],"wp:term":[{"taxonomy":"category","embeddable":true,"href":"https:\/\/www.europesays.com\/es\/wp-json\/wp\/v2\/categories?post=629012"},{"taxonomy":"post_tag","embeddable":true,"href":"https:\/\/www.europesays.com\/es\/wp-json\/wp\/v2\/tags?post=629012"}],"curies":[{"name":"wp","href":"https:\/\/api.w.org\/{rel}","templated":true}]}}