{"id":629038,"date":"2026-06-27T16:14:19","date_gmt":"2026-06-27T16:14:19","guid":{"rendered":"https:\/\/www.europesays.com\/es\/629038\/"},"modified":"2026-06-27T16:14:19","modified_gmt":"2026-06-27T16:14:19","slug":"fermin-sobron-vuelve-a-la-ud-logrones-ocho-anos-despues","status":"publish","type":"post","link":"https:\/\/www.europesays.com\/es\/629038\/","title":{"rendered":"Ferm\u00edn Sobr\u00f3n vuelve a la UD Logro\u00f1\u00e9s ocho a\u00f1os despu\u00e9s"},"content":{"rendered":"<p><a href=\"#\" onclick=\"window.open('https:\/\/www.facebook.com\/sharer.php?u=https:\/\/nuevecuatrouno.com\/2026\/06\/27\/fermin-sobron-vuelve-a-la-ud-logrones-ocho-anos-despues-no\/&amp;t=El primer fichaje: Ferm\u00edn Sobr\u00f3n vuelve a la UD Logro\u00f1\u00e9s ocho a\u00f1os despu\u00e9s', 'facebookShare', 'width=626,height=436'); return false;\" title=\"Facebook\"><\/p>\n<p>COMPARTE<\/p>\n<p><\/a><br \/>\n<a href=\"#\" onclick=\"window.open('https:\/\/x.com\/share?text=El primer fichaje: Ferm\u00edn Sobr\u00f3n vuelve a la UD Logro\u00f1\u00e9s ocho a\u00f1os despu\u00e9s -&amp;url=https:\/\/nuevecuatrouno.com\/2026\/06\/27\/fermin-sobron-vuelve-a-la-ud-logrones-ocho-anos-despues-no\/', 'twitterShare', 'width=626,height=436'); return false;\" title=\"X\"><img decoding=\"async\" src=\"https:\/\/www.europesays.com\/es\/wp-content\/uploads\/2026\/06\/1782576857_589_x-twitter-art.png\" style=\"padding-top: 6px;\"\/>POSTEA<\/a><br \/>\n<a href=\"whatsapp:\/\/send?text=El primer fichaje: Ferm\u00edn Sobr\u00f3n vuelve a la UD Logro\u00f1\u00e9s ocho a\u00f1os despu\u00e9s https:\/\/nuevecuatrouno.com\/2026\/06\/27\/fermin-sobron-vuelve-a-la-ud-logrones-ocho-anos-despues-no\/\" rel=\"nofollow\"><\/p>\n<p>WHATSAPP<\/p>\n<p><\/a><br \/>\n<a href=\"http:\/\/nuevecuatrouno.com\/cdn-cgi\/l\/email-protection#c5fab6b0a7afa0a6b1f880a9e5b5b7aca8a0b7e5a3aca6ada4afa0ffe583a0b7a80668abe596aaa7b70676abe5b3b0a0a9b3a0e5a4e5a9a4e59081e589aaa2b7aa0674066cb6e5aaa6adaae5a40674aab6e5a1a0b6b5b0066cb6e3a4a8b5fe878a819cf8077a94b0066ce5b3aca1a4fae58da0e5b3acb6b1aae5a0b6b1a0e5a4b7b10668a6b0a9aae5a0abe5abb0a0b3a0a6b0a4b1b7aab0abaaeba6aaa8e5bce5a6b7a0aae5b4b0a0e5b1a0e5b5b0a0a1a0e5acabb1a0b7a0b6a4b7ffe5adb1b1b5b6ffeaeaabb0a0b3a0a6b0a4b1b7aab0abaaeba6aaa8eaf7f5f7f3eaf5f3eaf7f2eaa3a0b7a8acabe8b6aaa7b7aaabe8b3b0a0a9b3a0e8a4e8a9a4e8b0a1e8a9aaa2b7aaaba0b6e8aaa6adaae8a4abaab6e8a1a0b6b5b0a0b6e8abaaea\" rel=\"nofollow noopener\" target=\"_blank\"><\/p>\n<p>Email<\/p>\n<p><\/a><\/p>\n<p>La UD Logro\u00f1\u00e9s ya tiene due\u00f1o para una de las posiciones m\u00e1s determinantes del campo. El club blanquirrojo ha hecho oficial el regreso de <a href=\"https:\/\/nuevecuatrouno.com\/2026\/06\/27\/fermin-sobron-el-viaje-de-vuelta-del-nino-de-banos-no\/\" rel=\"nofollow noopener\" target=\"_blank\">Ferm\u00edn Sobr\u00f3n (Ba\u00f1os de R\u00edo Tob\u00eda, 1995)<\/a>, que vuelve a la entidad ocho a\u00f1os despu\u00e9s de su marcha para reforzar la porter\u00eda del equipo en su regreso a Primera Federaci\u00f3n.<\/p>\n<p>El guardameta riojano llega procedente del Zamora, donde ha completado tres temporadas de crecimiento continuo hasta convertirse en uno de los porteros m\u00e1s s\u00f3lidos de la categor\u00eda. Titular indiscutible, centenario con la camiseta rojiblanca y protagonista de la hist\u00f3rica trayectoria del conjunto castellanoleon\u00e9s, Sobr\u00f3n ha estado hace apenas unos d\u00edas a noventa minutos de alcanzar el f\u00fatbol profesional. El ascenso se escap\u00f3 en la final del playoff frente al Sabadell, pero su rendimiento no ha pasado desapercibido y ahora emprende una nueva etapa en el club donde comenz\u00f3 a construir su carrera.<\/p>\n<p><img loading=\"lazy\" decoding=\"async\" aria-describedby=\"caption-attachment-714863\" class=\"wp-image-714863 size-full\" src=\"https:\/\/www.europesays.com\/es\/wp-content\/uploads\/2026\/06\/Fermin-Sobron-Zamora-CF-UD-Logrones-1.jpeg\" alt=\"\" width=\"1487\" height=\"991\"  \/><\/p>\n<p id=\"caption-attachment-714863\" class=\"wp-caption-text\">Ferm\u00edn Sobr\u00f3n durante el calentamiento de un partido de Primera Federaci\u00f3n. \/ FOTO: Zamora CF<\/p>\n<p>Su regreso tambi\u00e9n supone cerrar un c\u00edrculo iniciado en 2018, cuando abandon\u00f3 la UD Logro\u00f1\u00e9s en busca de los minutos que no encontraba en Las Gaunas. Entonces apenas hab\u00eda disputado diecis\u00e9is encuentros oficiales entre Liga y Copa del Rey, siempre a la sombra de un referente como Miguel Mart\u00ednez de Corta, capit\u00e1n y due\u00f1o de la porter\u00eda blanquirroja durante aquella etapa.<\/p>\n<p>Lejos de quedarse estancado, Ferm\u00edn decidi\u00f3 recorrer el camino largo. Su camino no ha sido sencillo, pero ha crecido a\u00f1o tras a\u00f1o para ahora mismo ser un meta referente en Primera Federaci\u00f3n, pretendido no solo por el Zamora, que quer\u00eda renovarle, tambi\u00e9n por el Mirand\u00e9s. Defendi\u00f3 las porter\u00edas del Villanovense, Haro Deportivo, N\u00e1xara e Izarra antes de encontrar en Zamora el escenario perfecto para consolidarse. All\u00ed vivi\u00f3 un ascenso a Primera Federaci\u00f3n, noches inolvidables en la Copa del Rey y demostr\u00f3 que es uno de los mejores especialistas en tandas de penaltis de la categor\u00eda.<\/p>\n<p>Ahora regresa con un estatus completamente diferente. Ya no vuelve como un joven portero que esperaba su oportunidad, sino como un guardameta plenamente consolidado que llega en uno de los mejores momentos de su carrera para competir por la titularidad en el proyecto que dirige Unai Mendia. Ferm\u00edn y Talaby cierran la porter\u00eda de la UD Logro\u00f1\u00e9s en Primera Federaci\u00f3n.<\/p>\n<p><img loading=\"lazy\" decoding=\"async\" aria-describedby=\"caption-attachment-714862\" class=\"wp-image-714862 size-full\" src=\"https:\/\/www.europesays.com\/es\/wp-content\/uploads\/2026\/06\/Fermin-Sobron-Zamora-CF-UD-Logrones-Miki-Codina-1.jpeg\" alt=\"\" width=\"1500\" height=\"886\"  \/><\/p>\n<p id=\"caption-attachment-714862\" class=\"wp-caption-text\">Ferm\u00edn Sobr\u00f3n esta temporada en el Zamora donde ha hecho historia con el tambi\u00e9n excanterano Miki Codina. \/ FOTO: Zamora CF<\/p>\n<p>El destino ha querido, adem\u00e1s, que vuelva a cruzarse con Miguel Mart\u00ednez de Corta. El que durante a\u00f1os fue el portero al que tuvo que ceder el protagonismo forma ahora parte del cuerpo t\u00e9cnico blanquirrojo como segundo entrenador. Ambos mantienen una gran amistad desde aquella etapa compartida y hace apenas unos d\u00edas, tras el ascenso de la UD Logro\u00f1\u00e9s, Ferm\u00edn fue uno de los primeros en escribirle para felicitarle y desearle suerte, mientras \u00e9l mismo persegu\u00eda el ascenso con el Zamora.<\/p>\n<p>Aquellos caminos que un d\u00eda se separaron vuelven ahora a encontrarse. La UD Logro\u00f1\u00e9s recupera a un futbolista formado en su cantera, convertido ya en una realidad de la categor\u00eda y preparado para asumir el protagonismo que hace ocho a\u00f1os todav\u00eda no pod\u00eda reclamar.<\/p>\n<p><img decoding=\"async\" src=\"https:\/\/www.europesays.com\/es\/wp-content\/uploads\/2026\/06\/1782576859_649_cabecera-nuevecuatrouno-2026.png\"\/><\/p>\n","protected":false},"excerpt":{"rendered":"COMPARTE POSTEA WHATSAPP Email La UD Logro\u00f1\u00e9s ya tiene due\u00f1o para una de las posiciones m\u00e1s determinantes del&hellip;\n","protected":false},"author":2,"featured_media":629039,"comment_status":"","ping_status":"","sticky":false,"template":"","format":"standard","meta":{"footnotes":""},"categories":[268],"tags":[808,168,109993,25,24,116840,280,282,16144,281,23,167,104405],"class_list":["post-629038","post","type-post","status-publish","format-standard","has-post-thumbnail","category-futbol","tag-ahora","tag-deportes","tag-deportes-1","tag-es","tag-espana","tag-fermin-sobron","tag-football","tag-futbol","tag-primera-federacion","tag-soccer","tag-spain","tag-sports","tag-ud-logrones"],"share_on_mastodon":{"url":"https:\/\/pubeurope.com\/@es\/116822965053252211","error":""},"_links":{"self":[{"href":"https:\/\/www.europesays.com\/es\/wp-json\/wp\/v2\/posts\/629038","targetHints":{"allow":["GET"]}}],"collection":[{"href":"https:\/\/www.europesays.com\/es\/wp-json\/wp\/v2\/posts"}],"about":[{"href":"https:\/\/www.europesays.com\/es\/wp-json\/wp\/v2\/types\/post"}],"author":[{"embeddable":true,"href":"https:\/\/www.europesays.com\/es\/wp-json\/wp\/v2\/users\/2"}],"replies":[{"embeddable":true,"href":"https:\/\/www.europesays.com\/es\/wp-json\/wp\/v2\/comments?post=629038"}],"version-history":[{"count":0,"href":"https:\/\/www.europesays.com\/es\/wp-json\/wp\/v2\/posts\/629038\/revisions"}],"wp:featuredmedia":[{"embeddable":true,"href":"https:\/\/www.europesays.com\/es\/wp-json\/wp\/v2\/media\/629039"}],"wp:attachment":[{"href":"https:\/\/www.europesays.com\/es\/wp-json\/wp\/v2\/media?parent=629038"}],"wp:term":[{"taxonomy":"category","embeddable":true,"href":"https:\/\/www.europesays.com\/es\/wp-json\/wp\/v2\/categories?post=629038"},{"taxonomy":"post_tag","embeddable":true,"href":"https:\/\/www.europesays.com\/es\/wp-json\/wp\/v2\/tags?post=629038"}],"curies":[{"name":"wp","href":"https:\/\/api.w.org\/{rel}","templated":true}]}}