{"id":62921,"date":"2025-08-21T17:30:12","date_gmt":"2025-08-21T17:30:12","guid":{"rendered":"https:\/\/www.europesays.com\/es\/62921\/"},"modified":"2025-08-21T17:30:12","modified_gmt":"2025-08-21T17:30:12","slug":"la-comision-delegada-de-la-feb-aprueba-la-modificacion-de-las-fases-de-descenso-de-primera-y-segunda-feb-2025-26","status":"publish","type":"post","link":"https:\/\/www.europesays.com\/es\/62921\/","title":{"rendered":"La Comisi\u00f3n Delegada de la FEB aprueba la modificaci\u00f3n de las fases de descenso de Primera y Segunda FEB 2025\/26"},"content":{"rendered":"<p>PRIMERA FEB \/ SEGUNDA FEB<\/p>\n<p>La Comisi\u00f3n Delegada de la FEB aprueba la modificaci\u00f3n de las fases de descenso de Primera y Segunda FEB 2025\/26<\/p>\n<p>21\/08\/2025 &#8211; 13:15<\/p>\n<p>Tras la votaci\u00f3n realizada para la modificaci\u00f3n de las fases de descenso en ambas categor\u00edas, la Comisi\u00f3n Delegada ha determinado por unanimidad la modificaci\u00f3n de las Bases de Competici\u00f3n tanto de Primera FEB como de Segunda FEB.<\/p>\n<p>                FEDERACI\u00d6N ESPA\u00d1OLA DE BALONCESTO<\/p>\n<p>A trav\u00e9s de una votaci\u00f3n telem\u00e1tica celebrada a lo largo de las \u00faltimas horas, la Comisi\u00f3n Delegada de la Federaci\u00f3n Espa\u00f1ola de Baloncesto ha aprobado los siguientes cambios en lo relativo a las plazas de descenso de categor\u00eda en las Ligas Primera y Segunda FEB de cara a la temporada 2025\/26. Unos cambios aprobados por unanimidad y que modifican por tanto lo establecido inicialmente por las Bases de Competici\u00f3n para la temporada.<\/p>\n<p>De este modo, se establecer\u00e1n las siguientes plazas de descenso en cada categor\u00eda:<\/p>\n<p>Primera FEB: Modificaci\u00f3n de las Bases de Competici\u00f3n de la fase de descenso de Primera FEB, en la que descender\u00e1n aquellos equipos que ocupen los puestos 16\u00aa y 17\u00aa al t\u00e9rmino de la Liga Regular (J.34).<\/p>\n<p>Segunda FEB:\u00a0Modificaci\u00f3n de las Bases de Competici\u00f3n de la fase de descenso de SEGUNDA FEB, en el que descender\u00e1n un total de cinco equipos en lugar de seis.<\/p>\n","protected":false},"excerpt":{"rendered":"PRIMERA FEB \/ SEGUNDA FEB La Comisi\u00f3n Delegada de la FEB aprueba la modificaci\u00f3n de las fases de&hellip;\n","protected":false},"author":2,"featured_media":62922,"comment_status":"","ping_status":"","sticky":false,"template":"","format":"standard","meta":{"footnotes":""},"categories":[269],"tags":[4605,299,1918,298,4597,4613,4616,4609,4608,4610,168,4603,4606,25,24,4120,4598,4614,2713,4601,830,4599,4600,4602,4615,4617,4607,4604,23,167,4611,4612],"class_list":{"0":"post-62921","1":"post","2":"type-post","3":"status-publish","4":"format-standard","5":"has-post-thumbnail","7":"category-baloncesto","8":"tag-arbitros-baloncesto","9":"tag-baloncesto","10":"tag-basket","11":"tag-basketball","12":"tag-basquet","13":"tag-canalfeb","14":"tag-clasificacion","15":"tag-copa-princesa","16":"tag-copa-principe","17":"tag-copa-reina","18":"tag-deportes","19":"tag-eba","20":"tag-entrenadores-baloncesto","21":"tag-es","22":"tag-espana","23":"tag-estadisticas","24":"tag-federacion-baloncesto","25":"tag-jornada-virtual","26":"tag-jugadores","27":"tag-laeb-plata","28":"tag-leb-oro","29":"tag-liga-espana","30":"tag-liga-espanola-baloncesto","31":"tag-liga-femenina","32":"tag-marcadores-baloncesto","33":"tag-rankings","34":"tag-reglas-baloncesto","35":"tag-seleccion-baloncesto","36":"tag-spain","37":"tag-sports","38":"tag-supercopa","39":"tag-television-baloncesto"},"share_on_mastodon":{"url":"","error":""},"_links":{"self":[{"href":"https:\/\/www.europesays.com\/es\/wp-json\/wp\/v2\/posts\/62921","targetHints":{"allow":["GET"]}}],"collection":[{"href":"https:\/\/www.europesays.com\/es\/wp-json\/wp\/v2\/posts"}],"about":[{"href":"https:\/\/www.europesays.com\/es\/wp-json\/wp\/v2\/types\/post"}],"author":[{"embeddable":true,"href":"https:\/\/www.europesays.com\/es\/wp-json\/wp\/v2\/users\/2"}],"replies":[{"embeddable":true,"href":"https:\/\/www.europesays.com\/es\/wp-json\/wp\/v2\/comments?post=62921"}],"version-history":[{"count":0,"href":"https:\/\/www.europesays.com\/es\/wp-json\/wp\/v2\/posts\/62921\/revisions"}],"wp:featuredmedia":[{"embeddable":true,"href":"https:\/\/www.europesays.com\/es\/wp-json\/wp\/v2\/media\/62922"}],"wp:attachment":[{"href":"https:\/\/www.europesays.com\/es\/wp-json\/wp\/v2\/media?parent=62921"}],"wp:term":[{"taxonomy":"category","embeddable":true,"href":"https:\/\/www.europesays.com\/es\/wp-json\/wp\/v2\/categories?post=62921"},{"taxonomy":"post_tag","embeddable":true,"href":"https:\/\/www.europesays.com\/es\/wp-json\/wp\/v2\/tags?post=62921"}],"curies":[{"name":"wp","href":"https:\/\/api.w.org\/{rel}","templated":true}]}}