{"id":629261,"date":"2026-06-27T19:22:14","date_gmt":"2026-06-27T19:22:14","guid":{"rendered":"https:\/\/www.europesays.com\/es\/629261\/"},"modified":"2026-06-27T19:22:14","modified_gmt":"2026-06-27T19:22:14","slug":"el-baskonia-se-despide-de-forrest-omoruyi-radzevicius-edwards-y-nowell","status":"publish","type":"post","link":"https:\/\/www.europesays.com\/es\/629261\/","title":{"rendered":"El Baskonia se despide de Forrest, Omoruyi, Radzevicius, Edwards y Nowell"},"content":{"rendered":"<p style=\"\">Eugene Omoruyi, el querido Eugenio, ha dejado de ser vitoriano. El nigeriano criado en Canad\u00e1 seguir\u00e1 conociendo mundo despu\u00e9s de que el Kosner Baskonia se  &#8230; decantara por dejarle salir. Tambi\u00e9n sale del censo Gytis Radzevicius, el lituano silencioso. El club ten\u00eda la opci\u00f3n de extender un a\u00f1o m\u00e1s su contrato, pero busca otro perfil de alero. Ambos son ya historia de la entidad en todos los sentidos. No son los \u00fanicos. El club azulgrana tambi\u00e9n se ha despedido este s\u00e1bado de Jesse Edwards y Markquis Nowell, que ten\u00eda un a\u00f1o m\u00e1s de contrato. Tambi\u00e9n de Trent Forrest, <a href=\"https:\/\/www.elcorreo.com\/baskonia\/trent-forrest-broma-emotiva-despedida-firmado-jugador-mas-lento-historia-baskonia-20260623101312-nt.html\" title=\"www.elcorreo.com\" data-voc-vtm-id=\"in-text-traffic\" data-mrf-link=\"www.elcorreo.com\" rel=\"nofollow noopener\" target=\"_blank\">aunque el propio base ya hab\u00eda anunciado su marcha.<\/a><\/p>\n<p class=\"v-d-p\" style=\"\">De las otras cuatro bajas anunciadas, sin duda las que m\u00e1s huella han dejado son las de Omoruyi y Radzevicius. En la Copa del Rey de Valencia entraron a formar parte de las p\u00e1ginas de oro y ahora, con su salida, engrosan la n\u00f3mina de jugadores que triunfaron como azulgranas por encima de las mejores perspectivas que sus fichajes pudieron separar. Con Thierry Gadou a la cabeza hasta este 2026. <\/p>\n<p class=\"v-d-p\" style=\"\">Omoruyi es su digno sucesor. La direcci\u00f3n deportiva azulgrana fue a buscarle al Al-Nasr Dub\u00e1i. Era de los pocos que estaba dispuesto a hacer las maletas por un contrato de dos meses despu\u00e9s de que en verano fuera ofrecido y rechazado por varios clubes de la Euroliga, entre ellos el vitoriano. El ex alero de hasta cuatro franquicias de la NBA llegaba para sustituir a otro de los jugadores favoritos de la afici\u00f3n, Tadas Sedekerskis. Pocos pod\u00edan esperar que en apenas 60 d\u00edas lograra ocupar la vacante del capit\u00e1n tanto en la cancha como en los corazones azulgranas.<\/p>\n<ul class=\"v-cmp-rld__u\">\n<li class=\"v-cmp-rld__l\">\n<p><a class=\"v-a-lnk\" href=\"http:\/\/www.elcorreo.com\/baskonia\/baskonia-planifica-temporada-galbiati-pesar-ofensiva-barca-20260627010616-nt.html#vtm_modulosEngag=noticiasrelacionadas-cmp-uno:baskonia:noticia:1\" title=\"El Baskonia planifica la temporada con Galbiati a pesar de la ofensiva del Bar\u00e7a\" data-voc-vtm-id=\"in-text-traffic\" rel=\"nofollow noopener\" target=\"_blank\"><br \/>\n<img decoding=\"async\" loading=\"lazy\" src=\"https:\/\/www.europesays.com\/es\/wp-content\/uploads\/2026\/06\/ala-galbiati-k96E--366x256@El Correo.jpg\" class=\"v-a-img\" width=\"258\" height=\"180\" alt=\"El Baskonia planifica la temporada con Galbiati a pesar de la ofensiva del Bar\u00e7a\"\/><br \/>\n<\/a><\/p>\n<\/li>\n<\/ul>\n<p class=\"v-d-p\" style=\"\">Aprovech\u00f3 el viaje desde los Emiratos \u00c1rabes para empezar a descifrar el juego del baloncesto europeo, desconocido todav\u00eda para \u00e9l. Con su mente preclara, descodific\u00f3 en pocos partidos el estilo de juego que quer\u00eda Galbiati, en los que se puso en forma, y lo perfeccion\u00f3 con su visi\u00f3n de juego. Maestro de la puerta atr\u00e1s, multiusos en la pintura, el t\u00e9cnico italiano le catalog\u00f3 como \u00abfalso p\u00edvot\u00bb, lo \u00fanico que no provocaba una sonrisa en la risue\u00f1a actitud del nigeriano. Pero la jugada t\u00e1ctica del estratega fue una de las claves del t\u00edtulo de Copa.<\/p>\n<p class=\"v-d-p\" style=\"\">En los cuartos de final ante La Laguna Tenerife, Omoruyi firm\u00f3 7 asistencias. M\u00e1s del doble que el segundo m\u00e1ximo pasador. Y en la final, para incredulidad de Sergio Scariolo, se destap\u00f3 como tirador como Diakite, autores de seis de los siete triples azulgranas. Hab\u00eda metido solo una canasta de tres puntos en once partidos de ACB. Ante el Real Madrid, logr\u00f3 tres y 23 puntos que le hicieron opositar a MVP de la final. Se gan\u00f3 no solo una sino dos extensiones de contrato para terminar la temporada en Vitoria. Una vez recuperado Sedekerskis, y con Kurucs y Frisch con contrato, el Baskonia decidi\u00f3 no ofrecerle la renovaci\u00f3n.<\/p>\n<p>\nBase circunstancial de 2,06\n<\/p>\n<p class=\"v-d-p\" style=\"\">Gadou tambi\u00e9n tuvo su reconversi\u00f3n. Lleg\u00f3 para cubrir una de las m\u00faltiples lesiones y contratiempos producidos en la primera parte de la temporada posterior al doblete. El galo de 2,06 que hab\u00eda jugado m\u00e1s de una d\u00e9cada en el Pau-Orthez apenas hab\u00eda llamado la atenci\u00f3n en sus primeras apariciones a las \u00f3rdenes de Dusko Ivanovic. Pero en las semifinales ante el anfitri\u00f3n, el Valencia Basket, hizo historia. Recuper\u00f3 8 veces el bal\u00f3n, r\u00e9cord absoluto del torneo. Y en la final, ejerci\u00f3 de base circunstancial. Ten\u00eda orden del montenegrino para subir el bal\u00f3n y sacar de la zona al gigante Roberto Due\u00f1as. Le carg\u00f3 de faltas y apunto estuvo de llevar al Baskonia a superar al Bar\u00e7a en una edici\u00f3n copera que qued\u00f3 grabada a fuego en los corazones azulgranas. Pese a su exhibici\u00f3n, al acabar la temporada se fue al Racing Parigi.<\/p>\n<p class=\"v-d-p\" style=\"\">Radzevicius tambi\u00e9n fue clave en la conquista de la S\u00e9ptima desde la sombra. Fue el pegamento perfecto entre las posiciones interiores y exteriores, exprimiendo su rol secundario y sin cometer apenas errores. Destac\u00f3 en las semifinales ante el Bar\u00e7a, como uno de los l\u00edderes en defensa sobre Clyburn y Punter, y estuvo en los minutos importantes de la final ante el Madrid, con una gran aportaci\u00f3n reboteadora. La falta de atrevimiento para dar un paso al frente le impidi\u00f3 terminar mejor una temporada que empez\u00f3 en el Rytas Vilnius.<\/p>\n<p class=\"v-d-p\" style=\"\">Otro de los baskonistas ilustres e inesperados fue Voise Lee Winters. Un trabajador nato, con m\u00e1s oficio que clase, ya veterano cuando el Baskonia le incorpor\u00f3 en 1999 tambi\u00e9n por una plaga de lesiones. Sus rotaciones interiores fueron de gran ayuda para levantar el t\u00edtulo. Se gan\u00f3 una segunda etapa la siguiente temporada y le dio tiempo a grabar un programa de Generaci\u00f3n Plus en el que cocinaba una merluza en salsa verde en el restaurante Ikea.<\/p>\n<p>\nSconochini, Gabini, Palacio&#8230;\n<\/p>\n<p class=\"v-d-p\" style=\"\">Hugo Sconochini fue otro de los jugadores que aparecieron en el momento oportuno. El italoargentino fue una incorporaci\u00f3n tard\u00eda protagonista de la temporada del doblete. Suplente disgustado durante la Copa, pero un arma fundamental en el play off del t\u00edtulo de liga, exhibi\u00f3 su fuego competidor antes de aceptar la suculenta oferta del Mil\u00e1n, donde a\u00f1os m\u00e1s tarde conocer\u00eda a Galbiati.<\/p>\n<p class=\"v-d-p\" style=\"\">C\u00f3mo olvidar a Roberto Gabini, un luchador con buena mano que clav\u00f3 siete puntos en ocho minutos en la victoria continental m\u00e1s grandiosa de la historia del Baskonia. La que logr\u00f3 en las semifinales de la Final Four de Mosc\u00fa en 2005 ante el todopoderoso CSKA. Luego solo tuvo 15 segundos en la final ante el Maccabi y se acab\u00f3 en Granada pese a tener un a\u00f1o m\u00e1s de contrato. Milt Palacio tambi\u00e9n tuvo sus momentos de gloria en el t\u00edtulo de la ACB de 2010. El internacional con Belice lleg\u00f3 justo para los play off y dio minutos de calidad como reemplazo de Marcelinho Huertas. Dej\u00f3 tan buen recuerdo que repiti\u00f3 como temporero al a\u00f1o siguiente, ya sin tanta suerte. <\/p>\n<p class=\"v-d-p\" style=\"\">Un impacto s\u00fabito similar tambi\u00e9n tuvo Ricky Ledo, la chispa del ataque azulgrana en las eliminatorias ligueras de 2017 y la mecha del incendio que provocar\u00eda despu\u00e9s su no renovaci\u00f3n y fichaje por el Efes. Salida poco amistosa y adi\u00f3s sin pena ni gloria. Lo contrario a Peppe Poeta, que s\u00ed dej\u00f3 un grato recuerdo de forma inesperada con un paso fugaz pero que m\u00e1s de una d\u00e9cada despu\u00e9s se sigue rememorando en el Buesa Arena. Zurbano siempre se ha mostrado afectuoso con aquellos que se dejaron hasta la \u00faltima gota de sudor por la camiseta azulgrana, aunque la suya no vaya a colgar del techo del pabell\u00f3n.<\/p>\n<p>\nLos condicionantes de Nowell y Edwards\n<\/p>\n<p class=\"v-d-p\" style=\"\">M\u00e1s discreta ha resultado la etapa de los otros dos azulgranas que dejan el equipo. A Nowell le quedaba un a\u00f1o m\u00e1s de contrato, pero buscar\u00e1 un nuevo destino tras un curso en el que le ha penalizado su condici\u00f3n de extracomunitario. Aunque convenci\u00f3 en su debut en la Euskal Kopa ante el Surne Bilbao, su presencia se ha reducido despu\u00e9s a un papel secundario en la Euroliga -un promedio de 14.23 por partido en 28 duelos- y la pr\u00e1ctica desaparici\u00f3n en una ACB donde solo ha jugado seis encuentros. Voluntarioso al m\u00e1ximo y compa\u00f1ero ejemplar, buscaba en Vitoria luchar con los prejuicios sobre su estatura. La falta de minutos se lo ha impedido. <\/p>\n<p class=\"v-d-p\" style=\"\">Edwards, por su parte, fue el \u00faltimo en sumarse al equipo. Lo hizo en marzo, ya sin opciones de poder jugar en la Euroliga y como un novato en Europa. Su atl\u00e9tico f\u00edsico no ha ido de la mano de un baloncesto con demasiadas carencias, sobre todo cuando le tocaba jugar lejos del aro. Ha ayudado a dar ox\u00edgeno a una parcela sin Khalifa Diop, pero tampoco ha abandonado nunca el rol de secundario. Ahora, como el resto, busca un nuevo destino tras cerrar su etapa en el Baskonia.<\/p>\n","protected":false},"excerpt":{"rendered":"Eugene Omoruyi, el querido Eugenio, ha dejado de ser vitoriano. El nigeriano criado en Canad\u00e1 seguir\u00e1 conociendo mundo&hellip;\n","protected":false},"author":2,"featured_media":629262,"comment_status":"","ping_status":"","sticky":false,"template":"","format":"standard","meta":{"footnotes":""},"categories":[269],"tags":[299,298,4714,168,6193,59069,25,24,26983,41447,68808,67818,23,167],"class_list":["post-629261","post","type-post","status-publish","format-standard","has-post-thumbnail","category-baloncesto","tag-baloncesto","tag-basketball","tag-baskonia","tag-deportes","tag-despide","tag-edwards","tag-es","tag-espana","tag-forrest","tag-nowell","tag-omoruyi","tag-radzevicius","tag-spain","tag-sports"],"share_on_mastodon":{"url":"https:\/\/pubeurope.com\/@es\/116823704079652702","error":""},"_links":{"self":[{"href":"https:\/\/www.europesays.com\/es\/wp-json\/wp\/v2\/posts\/629261","targetHints":{"allow":["GET"]}}],"collection":[{"href":"https:\/\/www.europesays.com\/es\/wp-json\/wp\/v2\/posts"}],"about":[{"href":"https:\/\/www.europesays.com\/es\/wp-json\/wp\/v2\/types\/post"}],"author":[{"embeddable":true,"href":"https:\/\/www.europesays.com\/es\/wp-json\/wp\/v2\/users\/2"}],"replies":[{"embeddable":true,"href":"https:\/\/www.europesays.com\/es\/wp-json\/wp\/v2\/comments?post=629261"}],"version-history":[{"count":0,"href":"https:\/\/www.europesays.com\/es\/wp-json\/wp\/v2\/posts\/629261\/revisions"}],"wp:featuredmedia":[{"embeddable":true,"href":"https:\/\/www.europesays.com\/es\/wp-json\/wp\/v2\/media\/629262"}],"wp:attachment":[{"href":"https:\/\/www.europesays.com\/es\/wp-json\/wp\/v2\/media?parent=629261"}],"wp:term":[{"taxonomy":"category","embeddable":true,"href":"https:\/\/www.europesays.com\/es\/wp-json\/wp\/v2\/categories?post=629261"},{"taxonomy":"post_tag","embeddable":true,"href":"https:\/\/www.europesays.com\/es\/wp-json\/wp\/v2\/tags?post=629261"}],"curies":[{"name":"wp","href":"https:\/\/api.w.org\/{rel}","templated":true}]}}