{"id":629308,"date":"2026-06-27T20:01:14","date_gmt":"2026-06-27T20:01:14","guid":{"rendered":"https:\/\/www.europesays.com\/es\/629308\/"},"modified":"2026-06-27T20:01:14","modified_gmt":"2026-06-27T20:01:14","slug":"contra-viento-y-marea-por-fin-llego-davidovich-alza-su-primer-trofeo-en-la-elite-tenis-deportes","status":"publish","type":"post","link":"https:\/\/www.europesays.com\/es\/629308\/","title":{"rendered":"Contra viento y marea, por fin lleg\u00f3: Davidovich alza su primer trofeo en la \u00e9lite | Tenis | Deportes"},"content":{"rendered":"<p class=\"\">Nunca sigui\u00f3 una l\u00ednea recta Alejandro Davidovich, como ese tenis suyo tan <a href=\"https:\/\/elpais.com\/deportes\/tenis\/2025-04-10\/davidovich-supera-los-octavos-en-montecarlo-con-mucho-sufrimiento-no-he-sido-capaz-de-respetarme-a-mi-mismo-ni-a-mi-equipo.html\" target=\"_self\" rel=\"nofollow noopener\" title=\"https:\/\/elpais.com\/deportes\/tenis\/2025-04-10\/davidovich-supera-los-octavos-en-montecarlo-con-mucho-sufrimiento-no-he-sido-capaz-de-respetarme-a-mi-mismo-ni-a-mi-equipo.html\">fluctuante, el\u00e9ctrico, lleno de cabriolas e imprevisible<\/a> que ahora, por fin, abraza lo que tanto tiempo llevaba buscando. Sucede en Mallorca, en s\u00e1bado y sobre c\u00e9sped, despu\u00e9s de haberlo tenido a tiro cinco veces. Se le neg\u00f3 primero en Montecarlo (2022) y el a\u00f1o pasado hasta en cuatro escenarios, de amago en amago: Delray Beach (habiendo dispuesto all\u00ed de dos bolas de partido), Acapulco, <a href=\"https:\/\/elpais.com\/deportes\/tenis\/2025-07-28\/la-historia-se-repite-davidovich-choca-otra-vez-con-davidovich.html\" target=\"_self\" rel=\"nofollow noopener\" title=\"https:\/\/elpais.com\/deportes\/tenis\/2025-07-28\/la-historia-se-repite-davidovich-choca-otra-vez-con-davidovich.html\">Washington (tres)<\/a> y Basilea. No as\u00ed en la hierba espa\u00f1ola, marco de su primer trofeo en la \u00e9lite gracias a la victoria sobre el estadounidense Ethan Quinn: 7-6(4) y 6-3, en 1h 43m. Se contiene despu\u00e9s de clavar el ace y en el instante del saludo al rival, pero al regresar al centro de la pista, el estallido sale inevitablemente despedido de su boca. Brinco, aterrizaje y grito cristianoronaldescos: \u201c\u00a1S\u00ed\u00ed\u00ed\u00ed\u00ed\u00ed\u00ed\u00ed\u00ed\u00ed\u00ed\u00ed\u00ed\u00ed\u00ed\u00ed\u00ed\u00ed\u00eduuuhhhh!\u201d.<\/p>\n<p class=\"\">\u201cAl principio ten\u00eda la mente en blanco, pero luego, como que he echado todos los fantasmas del pasado y toda la rabia acumulada&#8230; Estoy contento de haber roto esa barrera\u201d, cuenta por videoconferencia a una reducida selecci\u00f3n de periodistas, por fin liberado y muy tranquilo, con ese alarido redentor que cierra una larga etapa de intentos y expectativas frustradas. Lleg\u00f3 Davidovich con 18 a\u00f1os y ese aire vikingo, <a href=\"https:\/\/elpais.com\/deportes\/2017\/07\/17\/actualidad\/1500310269_417921.html\" target=\"_self\" rel=\"nofollow noopener\" title=\"https:\/\/elpais.com\/deportes\/2017\/07\/17\/actualidad\/1500310269_417921.html\">campe\u00f3n entonces de Wimbledon como j\u00fanior, 2017<\/a>, y de alguna forma nunca dej\u00f3 de perseguirle aquella sombra. Aquel chico talentoso y heterodoxo creci\u00f3 y brill\u00f3 r\u00e1pido, pero al mismo tiempo fue adue\u00f1\u00e1ndose de \u00e9l un estigma: destellos sin colof\u00f3n. Antes del aterrizaje en Wimbledon, los triunfos ante Walton, Dimitrov, Marozsan y Quinn le gu\u00edan hacia el premio que se le resist\u00eda y que, dice, en realidad no cambia tanto la historia. Su historia. \u00c9l, competidor singular.<\/p>\n<p>M\u00e1s informaci\u00f3n<\/p>\n<p class=\"\">\u2014 \u00bfQu\u00e9 sentimiento pesa m\u00e1s, el de felicidad o el de alivio?<\/p>\n<p class=\"\">\u2014 El de felicidad. Ahora mismo no hay otro. Estoy feliz.<\/p>\n<p class=\"\">Habla el malague\u00f1o como el s\u00e9ptimo representante masculino que logra un \u00e9xito sobre c\u00e9sped \u2014previamente lo consiguieron Andr\u00e9s Gimeno, Rafael Nadal, Feliciano L\u00f3pez, David Ferrer, Roberto Bautista y Carlos Alcaraz\u2014 y como el tercero que alza un t\u00edtulo esta temporada despu\u00e9s de que lo consiguieran el murciano (Australia y Doha) y <a href=\"https:\/\/elpais.com\/deportes\/tenis\/2026-04-05\/rafa-jodar-conquista-en-marrakech-su-primer-trofeo-de-la-atp.html\" target=\"_self\" rel=\"nofollow noopener\" title=\"https:\/\/elpais.com\/deportes\/tenis\/2026-04-05\/rafa-jodar-conquista-en-marrakech-su-primer-trofeo-de-la-atp.html\">Rafael J\u00f3dar (Marrakech)<\/a>. Lo hace Davidovich tras esa constante b\u00fasqueda de un equilibrio que se hace de rogar, porque la competici\u00f3n demanda una serie de cosas y por esa cabeza creativa fluyen la transgresi\u00f3n y los brochazos, y lo mismo se juega un saque de cuchara en una situaci\u00f3n l\u00edmite \u2014para el recuerdo ese episodio de 2023 <a href=\"https:\/\/elpais.com\/deportes\/2023-07-08\/la-contricion-de-davidovich-estaba-cagao-no-queria-jugar-ese-punto.html\" target=\"_self\" rel=\"nofollow noopener\" title=\"https:\/\/elpais.com\/deportes\/2023-07-08\/la-contricion-de-davidovich-estaba-cagao-no-queria-jugar-ese-punto.html\">contra Holger Rune, en Wimbledon<\/a>, \u201cestaba cagao\u201d\u2014 que despotrica, se viene abajo o corta la respiraci\u00f3n con la dejada. Sin embargo, llega por fin la alineaci\u00f3n.<\/p>\n<p><img alt=\"\" decoding=\"auto\" class=\"_re lazyload a_m-h\" height=\"277\"  width=\"414\"  src=\"https:\/\/www.europesays.com\/es\/wp-content\/uploads\/2026\/06\/77I5A6AJAVPOTM676MZI7XW7AI.jpg\" loading=\"lazy\" fetchpriority=\"low\"\/>Davidovich celebra la victoria ante Quinn.MIQUEL A. BORR\u00c0S (EFE)<\/p>\n<p class=\"\">Tiene el andaluz esos ramalazos de genialidad que le diferencian, un sello muy alejado del patr\u00f3n tradicional: un calcet\u00edn blanco y otro negro, <a href=\"https:\/\/elpais.com\/deportes\/2023-06-02\/alejandro-davidovich-si-eres-bueno-contigo-mismo-todo-va-mejor.html\" target=\"_self\" rel=\"nofollow noopener\" title=\"https:\/\/elpais.com\/deportes\/2023-06-02\/alejandro-davidovich-si-eres-bueno-contigo-mismo-todo-va-mejor.html\">la forma circular del yin y el yang<\/a> tatuada en la mu\u00f1eca. Esos dos mundos que hacen de \u00e9l estar en las ant\u00edpodas de los picapedreros y aquellos amantes del m\u00e9todo. Lo suyo es puro instinto. Sudores, tambi\u00e9n. \u201cHemos trabajado muy, pero que muy duro\u201d, incide, \u201cy sab\u00eda que bien ahora o bien en cinco a\u00f1os, iba a tener la oportunidad e iba aprovecharla. Sab\u00eda que pod\u00eda dar la campanada y ha llegado ahora. En ning\u00fan momento he dudado de m\u00ed mismo, sent\u00eda mucha confianza. Sent\u00eda muy bien la bola. En el primer set estaba un pel\u00edn m\u00e1s tenso, pero en el segundo me he soltado y he planteado un partido f\u00edsico\u201d. <\/p>\n<p>Arte y pimienta<\/p>\n<p class=\"\">Davidovich se crio en la Cala del Moral, ama los animales y la m\u00fasica, y desde hace a\u00f1os lidia con un deporte y una mente de naturaleza complejas. <a href=\"https:\/\/elpais.com\/deportes\/tenis\/2025-04-17\/davidovich-hay-que-bajar-al-barro-para-saber-que-no-quieres-volver-a-estar-ahi.html\" target=\"_self\" rel=\"nofollow noopener\" title=\"https:\/\/elpais.com\/deportes\/tenis\/2025-04-17\/davidovich-hay-que-bajar-al-barro-para-saber-que-no-quieres-volver-a-estar-ahi.html\">\u201cHay que bajar al barro para saber que no quieres volver a estar ah\u00ed\u201d<\/a>, comentaba a este peri\u00f3dico en abril de 2025, despu\u00e9s de haber terminado con su entrenador de toda la vida (Jorge Aguirre) y de haber dado un giro de 180 grados a su carrera, de aprender a no hacerse tanto da\u00f1o a uno mismo. El tenis, o \u201caprender a ser un buen perdedor\u201d. El artista tira de un extremo de la cuerda; la realidad de la \u00e9lite de la otra. Y en esas sigue \u00e9l, casado desde hace un a\u00f1o y menos revolucionado, recalca. Aun as\u00ed, pimienta: el t\u00e9cnico Felix Mantilla abandon\u00f3 el curso pasado el box en pleno partido, en Montecarlo, y hace exactamente un mes el argentino <a href=\"https:\/\/elpais.com\/deportes\/tenis\/2026-05-27\/las-mil-y-una-curvas-de-davidovich-eliminado-y-plantado-por-su-tecnico-como-persona-falla.html\" target=\"_self\" rel=\"nofollow noopener\" title=\"https:\/\/elpais.com\/deportes\/tenis\/2026-05-27\/las-mil-y-una-curvas-de-davidovich-eliminado-y-plantado-por-su-tecnico-como-persona-falla.html\">Mariano Puerta le plant\u00f3 de un d\u00eda para otro<\/a>, en Roland Garros.<\/p>\n<p class=\"\">\u2014 \u00bfHasta qu\u00e9 punto esto puede suponer un punto de inflexi\u00f3n para usted? \u00bfEn qu\u00e9 medida puede contribuir a que reenfoque su carrera?<\/p>\n<p class=\"\">\u2014 He tirado abajo una barrera. Y ahora necesito estar tranquilo. Quiz\u00e1 deba reflexionar un poco conmigo mismo de camino a Wimbledon, de c\u00f3mo quiero afrontar los siguientes pasos, pero creo que estoy bien rodeado, que me llegan buenos consejos y que yo soy capaz de escuchar. Nunca sabes qu\u00e9 va a pasar el d\u00eda de ma\u00f1ana, pero ahora mismo estoy feliz. Lo que venga despu\u00e9s, ya se ver\u00e1.<\/p>\n<p><img alt=\"\" decoding=\"auto\" class=\"_re lazyload a_m-h\" height=\"277\"  width=\"414\"  src=\"https:\/\/www.europesays.com\/es\/wp-content\/uploads\/2026\/06\/IGW6DVLIJFM6DCDBPSQUPDWVIU.jpg\" loading=\"lazy\" fetchpriority=\"low\"\/>Davidovich sirve durante un partido contra Bellucci en Stuttgart.CONTACTO v\u00eda Europa Press (CONTACTO v\u00eda Europa Press)<\/p>\n<p class=\"\">Cuenta el tenista que antes de la final estaba jugando a cartas y ri\u00e9ndose, en vez de pele\u00e1ndose con la tensi\u00f3n, y que el respaldo de <a href=\"https:\/\/elpais.com\/diario\/1993\/12\/26\/deportes\/756860408_850215.html\" target=\"_self\" rel=\"nofollow noopener\" title=\"https:\/\/elpais.com\/diario\/1993\/12\/26\/deportes\/756860408_850215.html\">Pepo Clavet desde el banquillo <\/a>y entre bastidores le ayuda a llevarlo todo un poco mejor. Davidovich ocupa virtualmente el puesto 23 del ranking y a sus 27 a\u00f1os conf\u00eda en reforzar un crecimiento que conf\u00eda en reflejar tambi\u00e9n en el All England Club, donde alcanzada la mayor\u00eda de edad ense\u00f1\u00f3 la cabeza. \u201cNo voy a Wimbledon pensando que por haber ganado aqu\u00ed vaya a hacer un gran torneo. Voy tranquilo, con confianza, sintiendo bien la pelota y siendo muy competitivo. Pero quien quiera ganarme tendr\u00e1 que jugar a un nivel muy alto\u201d, apunta despu\u00e9s de haberse sacado la espina. Si a Alexander Zverev le faltaba un grande, a \u00e9l se le reclamaba el bingo que ahora canta. Ya lo tiene.<\/p>\n<p class=\"\">\u2014 \u00bfSent\u00eda que ten\u00eda algo que demostrar?<\/p>\n<p class=\"\">\u2014 No. Estoy en paz conmigo mismo. No necesito demostrar nada a nadie ni a m\u00ed mismo. Mi camino consiste en seguir trabajando y ser constante. Hay etapas buenas y etapas malas\u2026 y ahora estoy viviendo una buena, pero cuando llegue otra mala habr\u00e1 que seguir entrenando duro para volver a las buenas. <\/p>\n","protected":false},"excerpt":{"rendered":"Nunca sigui\u00f3 una l\u00ednea recta Alejandro Davidovich, como ese tenis suyo tan fluctuante, el\u00e9ctrico, lleno de cabriolas e&hellip;\n","protected":false},"author":2,"featured_media":629309,"comment_status":"","ping_status":"","sticky":false,"template":"","format":"standard","meta":{"footnotes":""},"categories":[5],"tags":[34828,17145,17,18,1540,2911,168,25,24,13,14,11,19,20,2457,9,10,15,16,23,327,11759,12,21,22,546],"class_list":["post-629308","post","type-post","status-publish","format-standard","has-post-thumbnail","category-titulares","tag-atp-250","tag-atp-tour","tag-breaking-news","tag-breakingnews","tag-competiciones","tag-davidovich","tag-deportes","tag-es","tag-espana","tag-featured-news","tag-featurednews","tag-headlines","tag-latest-news","tag-latestnews","tag-mallorca","tag-news","tag-noticias","tag-noticias-destacadas","tag-noticiasdestacadas","tag-spain","tag-tenis","tag-tenistas","tag-titulares","tag-ultimas-noticias","tag-ultimasnoticias","tag-wimbledon"],"share_on_mastodon":{"url":"https:\/\/pubeurope.com\/@es\/116823857405434673","error":""},"_links":{"self":[{"href":"https:\/\/www.europesays.com\/es\/wp-json\/wp\/v2\/posts\/629308","targetHints":{"allow":["GET"]}}],"collection":[{"href":"https:\/\/www.europesays.com\/es\/wp-json\/wp\/v2\/posts"}],"about":[{"href":"https:\/\/www.europesays.com\/es\/wp-json\/wp\/v2\/types\/post"}],"author":[{"embeddable":true,"href":"https:\/\/www.europesays.com\/es\/wp-json\/wp\/v2\/users\/2"}],"replies":[{"embeddable":true,"href":"https:\/\/www.europesays.com\/es\/wp-json\/wp\/v2\/comments?post=629308"}],"version-history":[{"count":0,"href":"https:\/\/www.europesays.com\/es\/wp-json\/wp\/v2\/posts\/629308\/revisions"}],"wp:featuredmedia":[{"embeddable":true,"href":"https:\/\/www.europesays.com\/es\/wp-json\/wp\/v2\/media\/629309"}],"wp:attachment":[{"href":"https:\/\/www.europesays.com\/es\/wp-json\/wp\/v2\/media?parent=629308"}],"wp:term":[{"taxonomy":"category","embeddable":true,"href":"https:\/\/www.europesays.com\/es\/wp-json\/wp\/v2\/categories?post=629308"},{"taxonomy":"post_tag","embeddable":true,"href":"https:\/\/www.europesays.com\/es\/wp-json\/wp\/v2\/tags?post=629308"}],"curies":[{"name":"wp","href":"https:\/\/api.w.org\/{rel}","templated":true}]}}