{"id":629551,"date":"2026-06-28T00:06:12","date_gmt":"2026-06-28T00:06:12","guid":{"rendered":"https:\/\/www.europesays.com\/es\/629551\/"},"modified":"2026-06-28T00:06:12","modified_gmt":"2026-06-28T00:06:12","slug":"marquez-si-historicamente-assen-me-costaba-pues-este-ano-un-poco-mas","status":"publish","type":"post","link":"https:\/\/www.europesays.com\/es\/629551\/","title":{"rendered":"M\u00e1rquez: \u00abSi hist\u00f3ricamente Assen me costaba, pues este a\u00f1o un poco m\u00e1s\u00bb"},"content":{"rendered":"<p>Dec\u00eda Marc M\u00e1rquez en su llegada a Assen, una pista en la que hist\u00f3ricamente ha sufrido incluso cuando estaba bien por m\u00e1s que haya ganado tres veces en MotoGP, que deb\u00eda ser uno de los \u00faltimos circuitos en los que le tocar\u00eda &#8216;sufrir&#8217; tras su en\u00e9sima operaci\u00f3n en el hombro derecho, al no haber pasado siquiera un mes de su regreso a las pistas. No se equivocaba, y la jornada de este s\u00e1bado ha sido una prueba fehaciente.<\/p>\n<p>Recuerda:<\/p>\n<p>Tras clasificarse s\u00e9ptimo en la parrilla de salida en la clasificaci\u00f3n, su peor resultado en lo que va de temporada 2026, el vigente campe\u00f3n del mundo afrontaba la carrera al sprint del Gran Premio de los Pa\u00edses Bajos con las Ducati en un segundo escal\u00f3n, por detr\u00e1s de las Aprilia, aqu\u00ed todopoderosas.<\/p>\n<p>El multicampe\u00f3n ilerdense trat\u00f3 de posicionarse delante en la salida, aunque las RS-GP de Trackhouse y la Ducati de Fabio Di Giannantonio acabaron tomando la delantera. Atr\u00e1s, quedaron las Aprilia del equipo oficial, cuya pelea intent\u00f3 ser aprovechada por M\u00e1rquez y su compa\u00f1ero de equipo, Pecco Bagnaia, para mantenerse pegados a ellos. Finalmente, tanto Marco Bezzecchi como Jorge Mart\u00edn quedaron por delante, cuarto y quinto.<\/p>\n<p>La batalla particular en el equipo oficial de Ducati parec\u00eda que caer\u00eda de cara para Bagnaia, que tras un par de intentos de adelantamiento fue capaz de rebasar a un correoso Marc. Pero el italiano pis\u00f3 la escapatoria verde en la \u00faltima vuelta, en la chicane de meta, lo que provoc\u00f3 que le penalizaran con perder una posici\u00f3n. As\u00ed, M\u00e1rquez, que cruz\u00f3 la l\u00ednea de meta s\u00e9ptimo, pudo subir a la sexta plaza, para minimizar su p\u00e9rdida en la clasificaci\u00f3n general, finalizando a 43 puntos del l\u00edder, Bezzecchi.<\/p>\n<p>Preguntado sobre si esperaba sufrir m\u00e1s, M\u00e1rquez empez\u00f3 diciendo: \u00abBien, ha ido bien. O sea, uno sufre lo que quiere. Pero vimos en los entrenamientos que est\u00e1bamos para ser s\u00e9ptimo u octavo. Esa era la posici\u00f3n, nos han regalado la sexta al final con la sanci\u00f3n a Pecco. Pero bueno, un punto m\u00e1s, un punto menos. Lo importante es que hemos ido dando vueltas, pero s\u00ed, aqu\u00ed se ha puesto cuesta arriba el fin de semana\u00bb.<\/p>\n<p>   <img decoding=\"async\" draggable=\"false\" src=\"https:\/\/www.europesays.com\/es\/wp-content\/uploads\/2026\/06\/1782605172_975_marc-marquez-ducati-team.jpg\" alt=\"Marc M\u00e1rquez, Ducati Team\" width=\"1200\" height=\"800\" loading=\"lazy\"\/> <\/p>\n<p class=\"title\">Marc M\u00e1rquez, Ducati Team<\/p>\n<p class=\"photographer\">Foto de: Gold and Goose Photography \/ Getty Images<\/p>\n<p>Para el #93, est\u00e1 atr\u00e1s por una limitaci\u00f3n suya, no de la Ducati en Assen frente a las Aprilia: \u00abHay dos Ducati por delante, as\u00ed que la moto tiene algo m\u00e1s. Es un circuito que hist\u00f3ricamente me costaba, pues este a\u00f1o, un poquito m\u00e1s\u00bb.<\/p>\n<p>Se\u00f1al de eso fueron sus problemas en la Q2 para marcar una vuelta. Y es que llegaron a anularle hasta en dos ocasiones su mejor tiempo por exceder los l\u00edmites de la pista: \u00abHe cortado siempre en el mismo punto. Despu\u00e9s de ah\u00ed viene un cambio de direcci\u00f3n muy r\u00e1pido, entonces intentaba cortarlo perfecto para tener que hacer menos fuerza y entrar m\u00e1s r\u00e1pido en la curva de izquierda. Te dejas dos palmitos, pero a 300 kil\u00f3metros por hora. Entonces, no he podido evitar un peque\u00f1o gesto en las dos ocasiones. En la vuelta r\u00e1pida ya no he ido a buscar tanto el rendimiento, sino a asegurar una vuelta\u00bb.<\/p>\n<p>Por \u00faltimo, cuestionado sobre la primera salida real sin dispositivo de altura delantera, indic\u00f3: \u00abHa ido bien. Desde el punto de dejar el embrague hasta la frenada, cuesta. Porque la rueda est\u00e1 muy en el aire. Pero s\u00ed que es verdad que el punto de frenada, hasta la curva, es m\u00e1s seguro\u00bb, remach\u00f3.<\/p>\n<p>            Queremos tu opini\u00f3n<\/p>\n<p class=\"mt-auto\">\u00bfQu\u00e9 le gustar\u00eda ver en Motorsport.com?<\/p>\n<p>            <a href=\"#\" class=\"ms-link text-link font-bold\">Responda a nuestra encuesta de 5 minutos.<\/a><\/p>\n<p class=\"mt-1 text-body\">&#8211; El equipo de Motorsport.com<\/p>\n","protected":false},"excerpt":{"rendered":"Dec\u00eda Marc M\u00e1rquez en su llegada a Assen, una pista en la que hist\u00f3ricamente ha sufrido incluso cuando&hellip;\n","protected":false},"author":2,"featured_media":629552,"comment_status":"","ping_status":"","sticky":false,"template":"","format":"standard","meta":{"footnotes":""},"categories":[5],"tags":[116912,17,18,22274,25,24,13,14,116911,11,19,20,89367,12143,116909,9,10,15,16,116910,23,12,21,22],"class_list":["post-629551","post","type-post","status-publish","format-standard","has-post-thumbnail","category-titulares","tag-assen","tag-breaking-news","tag-breakingnews","tag-ducati","tag-es","tag-espana","tag-featured-news","tag-featurednews","tag-gp-de-pau00edses-bajos","tag-headlines","tag-latest-news","tag-latestnews","tag-marc-mu00e1rquez","tag-motogp","tag-mu00e1rquez-si-histu00f3ricamente-assen-me-costaba","tag-news","tag-noticias","tag-noticias-destacadas","tag-noticiasdestacadas","tag-pues-este-au00f1o-un-poco-mu00e1s","tag-spain","tag-titulares","tag-ultimas-noticias","tag-ultimasnoticias"],"share_on_mastodon":{"url":"https:\/\/pubeurope.com\/@es\/116824820931811753","error":""},"_links":{"self":[{"href":"https:\/\/www.europesays.com\/es\/wp-json\/wp\/v2\/posts\/629551","targetHints":{"allow":["GET"]}}],"collection":[{"href":"https:\/\/www.europesays.com\/es\/wp-json\/wp\/v2\/posts"}],"about":[{"href":"https:\/\/www.europesays.com\/es\/wp-json\/wp\/v2\/types\/post"}],"author":[{"embeddable":true,"href":"https:\/\/www.europesays.com\/es\/wp-json\/wp\/v2\/users\/2"}],"replies":[{"embeddable":true,"href":"https:\/\/www.europesays.com\/es\/wp-json\/wp\/v2\/comments?post=629551"}],"version-history":[{"count":0,"href":"https:\/\/www.europesays.com\/es\/wp-json\/wp\/v2\/posts\/629551\/revisions"}],"wp:featuredmedia":[{"embeddable":true,"href":"https:\/\/www.europesays.com\/es\/wp-json\/wp\/v2\/media\/629552"}],"wp:attachment":[{"href":"https:\/\/www.europesays.com\/es\/wp-json\/wp\/v2\/media?parent=629551"}],"wp:term":[{"taxonomy":"category","embeddable":true,"href":"https:\/\/www.europesays.com\/es\/wp-json\/wp\/v2\/categories?post=629551"},{"taxonomy":"post_tag","embeddable":true,"href":"https:\/\/www.europesays.com\/es\/wp-json\/wp\/v2\/tags?post=629551"}],"curies":[{"name":"wp","href":"https:\/\/api.w.org\/{rel}","templated":true}]}}