{"id":629656,"date":"2026-06-28T01:48:22","date_gmt":"2026-06-28T01:48:22","guid":{"rendered":"https:\/\/www.europesays.com\/es\/629656\/"},"modified":"2026-06-28T01:48:22","modified_gmt":"2026-06-28T01:48:22","slug":"el-papa-leon-xiv-solidario-con-venezuela-aseguramos-nuestras-oraciones","status":"publish","type":"post","link":"https:\/\/www.europesays.com\/es\/629656\/","title":{"rendered":"El Papa Le\u00f3n XIV solidario con Venezuela: \u00abAseguramos nuestras oraciones\u00bb"},"content":{"rendered":"<p>En el discurso de clausura del Consistorio extraordinario junto con el Colegio Cardenalicio, el Papa Le\u00f3n XIV expres\u00f3 su cercan\u00eda con el pueblo venezolano ante la tragedia del terremoto: \u00abPedimos que no falte la solidaridad de la comunidad internacional hacia esa querida naci\u00f3n\u00bb. <\/p>\n<p>Johan Pacheco \u2013 Ciudad del Vaticano<\/p>\n<p>El Papa Le\u00f3n XIV expres\u00f3 su cercan\u00eda con el pueblo venezolano, el cual fue azotado por dos terremotos el pasado 24 de junio. Asegur\u00f3 su oraci\u00f3n por las v\u00edctimas, familiares y socorristas, y el Pont\u00edfice hizo un llamado a que no falte la ayuda internacional. Sus palabras fueron pronunciadas esta tarde, 27 de junio, en la <a href=\"https:\/\/www.vaticannews.va\/es\/papa\/news\/2026-06\/papa-leon-clausura-consistorio-extraordinario-27-jun-26.html\" target=\"_blank\" rel=\"nofollow noopener\">conclusi\u00f3n del Consistorio<\/a> extraordinario que se desarroll\u00f3 en el Vaticano.<\/p>\n<p>\u00abAntes de pasar a la reflexi\u00f3n final \u2014<a href=\"https:\/\/www.youtube.com\/shorts\/CSmCCAiLP_A\" target=\"_blank\" rel=\"external nofollow noopener\">dijo Le\u00f3n XIV<\/a>\u2014, deseo expresar nuestra solidaridad, la m\u00eda y la de todo el Colegio Cardenalicio, con la poblaci\u00f3n de Venezuela, duramente afectada por el violento terremoto de estos d\u00edas. Aseguramos nuestras oraciones por las v\u00edctimas, por sus familias y por todos aquellos que sufren las consecuencias de esta tragedia. Encomendamos tambi\u00e9n al Se\u00f1or a todos aquellos que participan en las labores de socorro y pedimos que no falte la solidaridad de la comunidad internacional hacia esa querida naci\u00f3n\u00bb.<\/p>\n<p>El pasado 25 de junio, <a href=\"https:\/\/www.vaticannews.va\/es\/mundo\/news\/2026-06\/venezuela-estado-de-emergencia-tras-dos-fuertes-terremotos.html\" target=\"_blank\" rel=\"nofollow noopener\">Vatican News<\/a> informaba sobre el aporte econ\u00f3mico de 100,000 euros que, a trav\u00e9s de la Limosner\u00eda Apost\u00f3lica, el Papa Le\u00f3n XIV envi\u00f3 a Venezuela para las ayudas humanitarias necesarias en medio de la tragedia que viven las zonas afectadas en el centro del pa\u00eds. Seg\u00fan el reporte de las autoridades del s\u00e1bado al mediod\u00eda, la cifra ya supera los 1,400 fallecidos.<\/p>\n<p>      <a href=\"https:\/\/www.vaticannews.va\/es\/iglesia\/news\/2026-06\/venezuela-mons-azuaje-terremoto-atender-a-heridos-buscas-sobrevi.html\" title=\"Venezuela. Mons. Azuaje: Prioritario atender heridos y buscar sobrevivientes \" rel=\"nofollow noopener\" target=\"_blank\"><\/p>\n<p>         <img decoding=\"async\" src=\"data:image\/gif;base64,R0lGODlhAQABAIAAAAAAAP\/\/\/yH5BAEAAAAALAAAAAABAAEAAAIBRAA7\" data-original=\"https:\/\/www.vaticannews.va\/content\/dam\/vaticannews\/agenzie\/images\/afp\/2026\/06\/26\/08\/1782454586545.jpg\/_jcr_content\/renditions\/cq5dam.thumbnail.cropped.500.281.jpeg\" alt=\"Venezuela. Mons. Azuaje: Prioritario atender heridos y buscar sobrevivientes \"\/><\/p>\n<p>       <\/a><\/p>\n<p>\n       Ante el desastre causado por los dos terremotos que afectaron el centro y noreste de Venezuela, el presidente de C\u00e1ritas Venezuela exhorta a prestar atenci\u00f3n a las miles de &#8230;\n      <\/p>\n<p> <br \/>\nSolidaridad\u00a0consuelo de Dios\u00a0 <\/p>\n<p>En Caracas, el nuncio apost\u00f3lico, arzobispo Alberto Ortega Mart\u00edn, comparti\u00f3 a trav\u00e9s de un video difundido en los medios locales que el Santo Padre estaba informado y sigue de cerca la situaci\u00f3n. El prelado rez\u00f3 por las v\u00edctimas y exhort\u00f3 a toda la poblaci\u00f3n a encontrar fuerzas \u00aben el consuelo de Dios\u00bb.<\/p>\n<p>\u00abTambi\u00e9n es el momento de la caridad y la solidaridad; es el momento de ayudar a todas las v\u00edctimas, a todos los damnificados. Hay que hacerse presentes a trav\u00e9s de gestos concretos con la cercan\u00eda y la caridad del Se\u00f1or\u00bb, exhort\u00f3 el nuncio.<\/p>\n<p>Jornada de oraci\u00f3n por Venezuela <\/p>\n<p>La Conferencia Episcopal Venezolana ha convocado a una <a href=\"https:\/\/www.vaticannews.va\/es\/iglesia\/news\/2026-06\/obispos-venezuela-jornada-oracion-28-junio-victimas-terremoto.html\" target=\"_blank\" rel=\"nofollow noopener\">Jornada de Oraci\u00f3n<\/a> para este domingo 28 de junio por las v\u00edctimas, los heridos, las familias y las comunidades que han sufrido los estragos de los terremotos, \u00abpara que la oraci\u00f3n compartida sea un b\u00e1lsamo que mitigue las angustias y encienda la esperanza en cada hermano y hermana que sufre\u00bb, manifestaron en un comunicado.<\/p>\n<p>\u00abAnte este lamentable suceso, elevamos nuestras fervientes oraciones al Padre de las Misericordias por el eterno descanso de los fallecidos. Imploramos el consuelo divino para sus familiares y allegados, y pedimos la pronta recuperaci\u00f3n de todos los heridos. Nos solidarizamos de manera especial con los habitantes de las zonas m\u00e1s afectadas en Caracas, La Guaira, Puerto Cabello, Mor\u00f3n, Tucacas y dem\u00e1s regiones impactadas, donde el dolor y la incertidumbre se hacen sentir con mayor fuerza\u00bb, expresaron los obispos.<\/p>\n<p>      <a href=\"https:\/\/www.vaticannews.va\/es\/iglesia\/news\/2026-06\/terremoto-caracas-el-arzobispo-agradece-al-papa-su-ayuda.html\" title=\"El arzobispo de Caracas agradece al Papa su ayuda. Una Iglesia cerca del pueblo de La Guaira\" rel=\"nofollow noopener\" target=\"_blank\"><\/p>\n<p>         <img decoding=\"async\" src=\"data:image\/gif;base64,R0lGODlhAQABAIAAAAAAAP\/\/\/yH5BAEAAAAALAAAAAABAAEAAAIBRAA7\" data-original=\"https:\/\/www.vaticannews.va\/content\/dam\/vaticannews\/agenzie\/images\/afp\/2026\/06\/27\/16\/1782570086134.jpg\/_jcr_content\/renditions\/cq5dam.thumbnail.cropped.500.281.jpeg\" alt=\"El arzobispo de Caracas agradece al Papa su ayuda. Una Iglesia cerca del pueblo de La Guaira\"\/><\/p>\n<p>       <\/a><\/p>\n<p>\n       Monse\u00f1or Ra\u00fal Biord Castillo relata las consecuencias del terremoto en Venezuela, agradece a Le\u00f3n XIV la ayuda financiera y elogia a los rescatistas por sus enormes esfuerzos en la &#8230;\n      <\/p>\n<p> <br \/>\nMisa en Roma por Venezuela <\/p>\n<p>Fuera de Venezuela, las comunidades en el extranjero tambi\u00e9n expresan su solidaridad con los compatriotas afectados por el sismo. Este domingo, a las 18:00 horas en Roma, en la iglesia San Nicola in Carcere, el p\u00e1rroco y sacerdote venezolano Jes\u00fas Yrady celebrar\u00e1 una misa en espa\u00f1ol. En declaraciones a los medios de comunicaci\u00f3n del Vaticano, explic\u00f3 que \u00ablas comunidades venezolanas y latinoamericanas de la zona rezar\u00e1n por las v\u00edctimas del terremoto y por la situaci\u00f3n en el pa\u00eds\u00bb.<\/p>\n","protected":false},"excerpt":{"rendered":"En el discurso de clausura del Consistorio extraordinario junto con el Colegio Cardenalicio, el Papa Le\u00f3n XIV expres\u00f3&hellip;\n","protected":false},"author":2,"featured_media":629657,"comment_status":"","ping_status":"","sticky":false,"template":"","format":"standard","meta":{"footnotes":""},"categories":[5],"tags":[17,18,9120,25,24,13,14,11,19,20,9,10,15,16,12359,400,14100,23,12,21,22,1192],"class_list":["post-629656","post","type-post","status-publish","format-standard","has-post-thumbnail","category-titulares","tag-breaking-news","tag-breakingnews","tag-desastres","tag-es","tag-espana","tag-featured-news","tag-featurednews","tag-headlines","tag-latest-news","tag-latestnews","tag-news","tag-noticias","tag-noticias-destacadas","tag-noticiasdestacadas","tag-oracion","tag-papa-leon-xiv","tag-solidaridad","tag-spain","tag-titulares","tag-ultimas-noticias","tag-ultimasnoticias","tag-venezuela"],"share_on_mastodon":{"url":"https:\/\/pubeurope.com\/@es\/116825221084216413","error":""},"_links":{"self":[{"href":"https:\/\/www.europesays.com\/es\/wp-json\/wp\/v2\/posts\/629656","targetHints":{"allow":["GET"]}}],"collection":[{"href":"https:\/\/www.europesays.com\/es\/wp-json\/wp\/v2\/posts"}],"about":[{"href":"https:\/\/www.europesays.com\/es\/wp-json\/wp\/v2\/types\/post"}],"author":[{"embeddable":true,"href":"https:\/\/www.europesays.com\/es\/wp-json\/wp\/v2\/users\/2"}],"replies":[{"embeddable":true,"href":"https:\/\/www.europesays.com\/es\/wp-json\/wp\/v2\/comments?post=629656"}],"version-history":[{"count":0,"href":"https:\/\/www.europesays.com\/es\/wp-json\/wp\/v2\/posts\/629656\/revisions"}],"wp:featuredmedia":[{"embeddable":true,"href":"https:\/\/www.europesays.com\/es\/wp-json\/wp\/v2\/media\/629657"}],"wp:attachment":[{"href":"https:\/\/www.europesays.com\/es\/wp-json\/wp\/v2\/media?parent=629656"}],"wp:term":[{"taxonomy":"category","embeddable":true,"href":"https:\/\/www.europesays.com\/es\/wp-json\/wp\/v2\/categories?post=629656"},{"taxonomy":"post_tag","embeddable":true,"href":"https:\/\/www.europesays.com\/es\/wp-json\/wp\/v2\/tags?post=629656"}],"curies":[{"name":"wp","href":"https:\/\/api.w.org\/{rel}","templated":true}]}}