{"id":629726,"date":"2026-06-28T03:05:33","date_gmt":"2026-06-28T03:05:33","guid":{"rendered":"https:\/\/www.europesays.com\/es\/629726\/"},"modified":"2026-06-28T03:05:33","modified_gmt":"2026-06-28T03:05:33","slug":"el-coviran-se-plantea-cinco-cupos-por-si-existe-una-lesion","status":"publish","type":"post","link":"https:\/\/www.europesays.com\/es\/629726\/","title":{"rendered":"El Covir\u00e1n se plantea cinco cupos por si existe una lesi\u00f3n"},"content":{"rendered":"<p style=\"\">El Covir\u00e1n quiere ser igual de precavido que la pasada temporada, en la que incluy\u00f3 en la plantilla a dos jugadores de formaci\u00f3n que eran  &#8230; cupos, como fueron Jovan Kljajic, todav\u00eda pendiente de garantizar su continuidad en la Primera FEB, y Beqa Burjanadze, descartado para el nuevo proyecto. <\/p>\n<p class=\"v-d-p\" style=\"\">De ah\u00ed que la idea inicial sea disponer de cinco nacionales o cupos, para asegurar cuatro en las convocatorias de los partidos, que son los obligatorios. Est\u00e1n ya los espa\u00f1oles Llu\u00eds Costa, Edu Dur\u00e1n y Fallou Niang. Quedar\u00edan dos plazas m\u00e1s, en donde entran Kljajic o Pere Tom\u00e0s, si contin\u00faan, con la opci\u00f3n de \u00c1lvaro Fern\u00e1ndez. <\/p>\n<p class=\"v-d-p\" style=\"\">El entrenador Arturo Ruiz revel\u00f3 que cuenta, a todos los efectos, con el base granadino del filial, que har\u00e1 la pretemporada con el primer equipo. Adem\u00e1s, el t\u00e9cnico se refiri\u00f3 a otros canteranos como el ala-p\u00edvot Ibai Hendrickx, el p\u00edvot Osi Cerd\u00e1 y el base Jorge Zamora, a los que invitar\u00e1 a la pretemporada, y hasta existe la posibilidad de tirar del &#8216;dos&#8217; Luca Medal. La distancia de nivel y divisi\u00f3n entre los jugadores de casa ahora es menor, con respecto a la que hab\u00eda entre la Liga Endesa y los j\u00f3venes valores del U22, lo que les abre la puerta.<\/p>\n","protected":false},"excerpt":{"rendered":"El Covir\u00e1n quiere ser igual de precavido que la pasada temporada, en la que incluy\u00f3 en la plantilla&hellip;\n","protected":false},"author":2,"featured_media":629727,"comment_status":"","ping_status":"","sticky":false,"template":"","format":"standard","meta":{"footnotes":""},"categories":[269],"tags":[299,298,5810,3446,7959,168,25,24,10542,8252,6859,23,167],"class_list":["post-629726","post","type-post","status-publish","format-standard","has-post-thumbnail","category-baloncesto","tag-baloncesto","tag-basketball","tag-cinco","tag-coviran","tag-cupos","tag-deportes","tag-es","tag-espana","tag-existe","tag-lesion","tag-plantea","tag-spain","tag-sports"],"share_on_mastodon":{"url":"https:\/\/pubeurope.com\/@es\/116825524134109693","error":""},"_links":{"self":[{"href":"https:\/\/www.europesays.com\/es\/wp-json\/wp\/v2\/posts\/629726","targetHints":{"allow":["GET"]}}],"collection":[{"href":"https:\/\/www.europesays.com\/es\/wp-json\/wp\/v2\/posts"}],"about":[{"href":"https:\/\/www.europesays.com\/es\/wp-json\/wp\/v2\/types\/post"}],"author":[{"embeddable":true,"href":"https:\/\/www.europesays.com\/es\/wp-json\/wp\/v2\/users\/2"}],"replies":[{"embeddable":true,"href":"https:\/\/www.europesays.com\/es\/wp-json\/wp\/v2\/comments?post=629726"}],"version-history":[{"count":0,"href":"https:\/\/www.europesays.com\/es\/wp-json\/wp\/v2\/posts\/629726\/revisions"}],"wp:featuredmedia":[{"embeddable":true,"href":"https:\/\/www.europesays.com\/es\/wp-json\/wp\/v2\/media\/629727"}],"wp:attachment":[{"href":"https:\/\/www.europesays.com\/es\/wp-json\/wp\/v2\/media?parent=629726"}],"wp:term":[{"taxonomy":"category","embeddable":true,"href":"https:\/\/www.europesays.com\/es\/wp-json\/wp\/v2\/categories?post=629726"},{"taxonomy":"post_tag","embeddable":true,"href":"https:\/\/www.europesays.com\/es\/wp-json\/wp\/v2\/tags?post=629726"}],"curies":[{"name":"wp","href":"https:\/\/api.w.org\/{rel}","templated":true}]}}