{"id":62978,"date":"2025-08-21T18:02:05","date_gmt":"2025-08-21T18:02:05","guid":{"rendered":"https:\/\/www.europesays.com\/es\/62978\/"},"modified":"2025-08-21T18:02:05","modified_gmt":"2025-08-21T18:02:05","slug":"premiadas-2-jovenes-por-trabajo-de-salud-en-america-latina","status":"publish","type":"post","link":"https:\/\/www.europesays.com\/es\/62978\/","title":{"rendered":"Premiadas 2 j\u00f3venes por trabajo de salud en Am\u00e9rica Latina"},"content":{"rendered":"<p>En Hora Am\u00e9rica, repasamos la actualidad, hoy con los Premios Princesa de Girona en los que la Fundaci\u00f3n destaca la capacidad de superaci\u00f3n de los proyectos presentados y el talento iberoamericano. En esta edici\u00f3n, la empresaria colombiana <strong>Valentina Agudelo<\/strong> y la cient\u00edfica guatemalteca <strong>Gabriela Asturias<\/strong> han sido galardonadas con el Premio Internacional, por su compromiso de acceso a la salud en Am\u00e9rica Latina. Despu\u00e9s, hablaremos de la empresa Juan Valdez, uno de los caf\u00e9s colombianos m\u00e1s destacados del mundo, porque van a expandir su negocio a Europa, a trav\u00e9s del mercado espa\u00f1ol. Nos lo explica su presidenta, <strong>Camila Escobar<\/strong>. <\/p>\n","protected":false},"excerpt":{"rendered":"En Hora Am\u00e9rica, repasamos la actualidad, hoy con los Premios Princesa de Girona en los que la Fundaci\u00f3n&hellip;\n","protected":false},"author":2,"featured_media":62979,"comment_status":"","ping_status":"","sticky":false,"template":"","format":"standard","meta":{"footnotes":""},"categories":[92],"tags":[25,24,165,16654,133,26012,1448,1986,1987,166,23],"class_list":{"0":"post-62978","1":"post","2":"type-post","3":"status-publish","4":"format-standard","5":"has-post-thumbnail","7":"category-salud","8":"tag-es","9":"tag-espana","10":"tag-health","11":"tag-hora-america","12":"tag-online","13":"tag-premiadas-2-jovenes-por-trabajo-de-salud-en-america-latina","14":"tag-radio","15":"tag-rne","16":"tag-rtve-play","17":"tag-salud","18":"tag-spain"},"share_on_mastodon":{"url":"","error":""},"_links":{"self":[{"href":"https:\/\/www.europesays.com\/es\/wp-json\/wp\/v2\/posts\/62978","targetHints":{"allow":["GET"]}}],"collection":[{"href":"https:\/\/www.europesays.com\/es\/wp-json\/wp\/v2\/posts"}],"about":[{"href":"https:\/\/www.europesays.com\/es\/wp-json\/wp\/v2\/types\/post"}],"author":[{"embeddable":true,"href":"https:\/\/www.europesays.com\/es\/wp-json\/wp\/v2\/users\/2"}],"replies":[{"embeddable":true,"href":"https:\/\/www.europesays.com\/es\/wp-json\/wp\/v2\/comments?post=62978"}],"version-history":[{"count":0,"href":"https:\/\/www.europesays.com\/es\/wp-json\/wp\/v2\/posts\/62978\/revisions"}],"wp:featuredmedia":[{"embeddable":true,"href":"https:\/\/www.europesays.com\/es\/wp-json\/wp\/v2\/media\/62979"}],"wp:attachment":[{"href":"https:\/\/www.europesays.com\/es\/wp-json\/wp\/v2\/media?parent=62978"}],"wp:term":[{"taxonomy":"category","embeddable":true,"href":"https:\/\/www.europesays.com\/es\/wp-json\/wp\/v2\/categories?post=62978"},{"taxonomy":"post_tag","embeddable":true,"href":"https:\/\/www.europesays.com\/es\/wp-json\/wp\/v2\/tags?post=62978"}],"curies":[{"name":"wp","href":"https:\/\/api.w.org\/{rel}","templated":true}]}}