{"id":629894,"date":"2026-06-28T05:59:12","date_gmt":"2026-06-28T05:59:12","guid":{"rendered":"https:\/\/www.europesays.com\/es\/629894\/"},"modified":"2026-06-28T05:59:12","modified_gmt":"2026-06-28T05:59:12","slug":"isabelle-junot-simona-se-parece-a-mi-la-mayor-philippa-a-su-padre","status":"publish","type":"post","link":"https:\/\/www.europesays.com\/es\/629894\/","title":{"rendered":"Isabelle Junot: \u00abSimona se parece a m\u00ed, la mayor (Philippa) a su padre\u00bb"},"content":{"rendered":"<p id=\"eC8GeInc81\" data-wc=\"90\">Ellos son los iconos de toda una generaci\u00f3n. J\u00f3venes que triunfan en distintas esferas \u2014desde las redes sociales hasta la m\u00fasica o la interpretaci\u00f3n\u2014 y ninguno quiso perderse la fiesta de la temporada. El Corte Ingl\u00e9s volv\u00eda a revolucionar Madrid con la presentaci\u00f3n de su nueva campa\u00f1a NEW, un evento exclusivo que reuni\u00f3 a las caras m\u00e1s conocidas del momento, entre las que destac\u00f3 <strong>Isabelle Junot<\/strong>, que destac\u00f3 como <a class=\"hm-link ho-link\" href=\"https:\/\/www.hola.com\/moda\/20260618908198\/isabelle-junot-vestido-blanco-perfecto-verano-el-corte-ingles-nuevo-look\/\" data-mrf-recirculation=\"article-body-link\" rel=\"nofollow noopener\" target=\"_blank\">una de las m\u00e1s elegantes de la cita<\/a> con un vestido ligero, de color blanco, y un bordado de motivos florales.<\/p>\n<p id=\"emDWiA_zfB\" data-wc=\"59\">La marquesa de Cubas, que siempre se ha confesado una apasionada de la moda, comparti\u00f3 su entusiasmo de estar aquella tarde en la plaza NEW: \u00abEstoy encantada de estar aqu\u00ed, celebrando. Para m\u00ed la moda es algo muy creativo; siempre puedes jugar con las prendas, reflejan mucho tu personalidad, el humor que tengas ese d\u00eda\u2026 Un poco tu vibe\u00bb.<\/p>\n<p> <img src=\"https:\/\/www.europesays.com\/es\/wp-content\/uploads\/2026\/06\/a355b30f092e-u612292320.jpg\"   width=\"1554\" height=\"2331\" loading=\"lazy\" decoding=\"async\" alt=\"Isabelle Junot, en la presentaci\u00f3n de la campa\u00f1a NEW de El Corte Ingl\u00e9s\" fetchpriority=\"auto\" class=\"image ho-image\"\/>\u00a9 GTRES<br \/>\nIsabelle Junot: madre de dos ni\u00f1as junto a \u00c1lvaro Falc\u00f3<\/p>\n<p id=\"eSw0JmBllQ\" data-wc=\"89\">Hace apenas tres meses que Isabelle Junot y \u00c1lvaro Falc\u00f3 dieron la bienvenida a <a class=\"hm-link ho-link\" href=\"https:\/\/www.hola.com\/actualidad\/20260622908689\/isabelle-junot-hijas-philippa-simona-trenzas-biberones-tarta-verano\/\" data-mrf-recirculation=\"article-body-link\" rel=\"nofollow noopener\" target=\"_blank\">su segunda hija, Simona<\/a>; as\u00ed que, poco a poco, la influencer y experta en nutrici\u00f3n intuitiva comienza a volver a la vida p\u00fablica, compaginando su faceta profesional con la maternidad de sus dos peque\u00f1as. \u00abEstoy s\u00faper feliz <strong>con mis dos ni\u00f1as en casa<\/strong>. La verdad es que con un poco de sue\u00f1o a veces, pero muy feliz. Obviamente, con dos hay m\u00e1s trabajo y est\u00e1s m\u00e1s cansada, pero va muy bien\u00bb, nos confesaba con naturalidad.\u00a0<\/p>\n<p id=\"eZYOe_VxY8\" data-wc=\"73\">Adem\u00e1s, en esta temporada con una m\u00e1s en la familia, est\u00e1 contando con una ayudante de excepci\u00f3n: <strong>su hija mayor, Philippa<\/strong>. \u00abElla est\u00e1 superbi\u00e9n y encantada. Se siente s\u00faper responsable y es muy &#8216;aplicada\u00bb, a\u00f1ad\u00eda entre risas, antes de contarnos que tiene claro que la peque\u00f1a Simona se parece m\u00e1s a ella, mientras que la primog\u00e9nita es id\u00e9ntica a su padre, que no puede estar m\u00e1s \u00abfeliz\u00bb de estar con sus dos hijas.<\/p>\n<p> <img src=\"https:\/\/www.europesays.com\/es\/wp-content\/uploads\/2026\/06\/4aa4d77092b6-hola-new-eci19278v1.jpg\"   width=\"2000\" height=\"3000\" loading=\"lazy\" decoding=\"async\" alt=\"Isabelle Junot en la presentaci\u00f3n de la campa\u00f1a NEW de El Corte Ingl\u00e9s\" fetchpriority=\"auto\" class=\"image ho-image\"\/>\u00a9 VALERO RIOJA<br \/>\n&#8216;Eat Girl&#8217; y nutrici\u00f3n intuitiva: las claves de su recuperaci\u00f3n en el posparto<\/p>\n<p id=\"e1EbydK3y-\" data-wc=\"78\">Aunque la moda le fascina, el gran proyecto de vida de Isabelle Junot sigue <a class=\"hm-link ho-link\" href=\"https:\/\/www.hola.com\/padres\/20260527903653\/isabelle-junot-habla-sobre-culpa-materna-en-posparto\/\" data-mrf-recirculation=\"article-body-link\" rel=\"nofollow noopener\" target=\"_blank\">firmemente ligado al bienestar<\/a>. A trav\u00e9s de su cuenta de Instagram @isa.healthy.life (The Life of an Eat Girl), donde tiene m\u00e1s de cincuenta mil seguidores, contin\u00faa promoviendo un estilo de vida saludable y una relaci\u00f3n sana con la alimentaci\u00f3n, consolidando tambi\u00e9n el \u00e9xito de su primer libro, Eat girl: de la obsesi\u00f3n a la ilusi\u00f3n, con el que debut\u00f3 como escritora hace un a\u00f1o.<\/p>\n<p id=\"ezOF2Hduqv\" data-wc=\"77\">Su formaci\u00f3n como coach de nutrici\u00f3n intuitiva est\u00e1, de hecho, siendo su mejor herramienta para afrontar esta nueva etapa. \u00abCien por cien, hay que hacer lo que predicas, \u00bfno?\u00bb, nos aseguraba, antes de revelarnos que la clave de su recuperaci\u00f3n f\u00edsica no radica en dietas milagro, como siempre ha explicado, sino en el equilibrio. Trata de dar a su cuerpo lo que necesita, respetar los tiempos de descanso, alimentarse de forma consciente, tener en cuenta los tiempos&#8230;<\/p>\n<p id=\"ecypvpSXdK\" data-wc=\"60\">Tanto es as\u00ed que, aseguraba, \u00abno estoy haciendo nada especial, la verdad\u00bb para recuperar su figura f\u00edsica. \u00ab<strong>Estoy escuchando mi cuerpo, tom\u00e1ndome mi tiempo y cuid\u00e1ndome<\/strong> en el sentido de alimentarme bien, sobre todo, porque estoy dando el pecho. Procuro no comer cosas ultra procesadas. Como <strong>ya estoy en paz con la comida<\/strong>, es algo no me cuesta nada\u00bb, reflexionaba.\u00a0<\/p>\n<p id=\"e1DQjPUoSQn\" data-wc=\"54\">Con Simona y Philippa, por ahora, nos explicaba, es muy pronto para pensar en ampliar la familia, pero de lo que s\u00ed tiene muchas ganas es de ir retomando todo. \u00abEstoy en otra realidad, con metas de intentar volver a todo, pero lo hago poco a poco y <strong>me lo tomo con mucha calma<\/strong>\u00ab.\u00a0<\/p>\n<p> Te puede interesarSeguir leyendo<\/p>\n","protected":false},"excerpt":{"rendered":"Ellos son los iconos de toda una generaci\u00f3n. J\u00f3venes que triunfan en distintas esferas \u2014desde las redes sociales&hellip;\n","protected":false},"author":2,"featured_media":629895,"comment_status":"","ping_status":"","sticky":false,"template":"","format":"standard","meta":{"footnotes":""},"categories":[174],"tags":[3900,517,255,146,147,25,24,256,39747,23],"class_list":["post-629894","post","type-post","status-publish","format-standard","has-post-thumbnail","category-famosos","tag-hola","tag-actualidad","tag-celebrities","tag-entertainment","tag-entretenimiento","tag-es","tag-espana","tag-famosos","tag-isabelle-junot","tag-spain"],"share_on_mastodon":{"url":"https:\/\/pubeurope.com\/@es\/116826208727739308","error":""},"_links":{"self":[{"href":"https:\/\/www.europesays.com\/es\/wp-json\/wp\/v2\/posts\/629894","targetHints":{"allow":["GET"]}}],"collection":[{"href":"https:\/\/www.europesays.com\/es\/wp-json\/wp\/v2\/posts"}],"about":[{"href":"https:\/\/www.europesays.com\/es\/wp-json\/wp\/v2\/types\/post"}],"author":[{"embeddable":true,"href":"https:\/\/www.europesays.com\/es\/wp-json\/wp\/v2\/users\/2"}],"replies":[{"embeddable":true,"href":"https:\/\/www.europesays.com\/es\/wp-json\/wp\/v2\/comments?post=629894"}],"version-history":[{"count":0,"href":"https:\/\/www.europesays.com\/es\/wp-json\/wp\/v2\/posts\/629894\/revisions"}],"wp:featuredmedia":[{"embeddable":true,"href":"https:\/\/www.europesays.com\/es\/wp-json\/wp\/v2\/media\/629895"}],"wp:attachment":[{"href":"https:\/\/www.europesays.com\/es\/wp-json\/wp\/v2\/media?parent=629894"}],"wp:term":[{"taxonomy":"category","embeddable":true,"href":"https:\/\/www.europesays.com\/es\/wp-json\/wp\/v2\/categories?post=629894"},{"taxonomy":"post_tag","embeddable":true,"href":"https:\/\/www.europesays.com\/es\/wp-json\/wp\/v2\/tags?post=629894"}],"curies":[{"name":"wp","href":"https:\/\/api.w.org\/{rel}","templated":true}]}}