{"id":629940,"date":"2026-06-28T06:49:12","date_gmt":"2026-06-28T06:49:12","guid":{"rendered":"https:\/\/www.europesays.com\/es\/629940\/"},"modified":"2026-06-28T06:49:12","modified_gmt":"2026-06-28T06:49:12","slug":"exposicion-de-victor-echevarria-el-diario-vasco","status":"publish","type":"post","link":"https:\/\/www.europesays.com\/es\/629940\/","title":{"rendered":"Exposici\u00f3n de V\u00edctor Echevarr\u00eda | El Diario Vasco"},"content":{"rendered":"<p style=\"\">Kempchen Gallery, en la calle Miguel Imaz 3 bajo, anuncia la exposici\u00f3n individual del pintor alav\u00e9s <strong>V\u00edctor Echevarr\u00eda<\/strong>, una de las voces emergentes m\u00e1s  &#8230; singulares de la pintura contempor\u00e1nea vasca.<\/p>\n<p class=\"v-d-p\" style=\"\">V\u00edctor Echevarr\u00eda, formado entre Espa\u00f1a y Florencia, fue el ganador del Premio Arte Vital 2025 y una de sus obras fue seleccionada para formar parte del XXVIII Sal\u00f3n de Oto\u00f1o de Pintura de Huelva, uno de los cert\u00e1menes pict\u00f3ricos de referencia del panorama espa\u00f1ol.<\/p>\n<p class=\"v-d-p\" style=\"\">Tras su exposici\u00f3n &#8216;Donde se tocan&#8217;, presentada en La Inversa, el artista regresa a San Sebasti\u00e1n con una nueva investigaci\u00f3n que profundiza en una pregunta aparentemente sencilla y, sin embargo, profundamente humana: \u00bfQu\u00e9 permanece de una experiencia cuando la imagen desaparece?<\/p>\n<p class=\"v-d-p\" style=\"\">Aunque el mar es el territorio desde el que parte su trabajo, no constituye su verdadero tema. La investigaci\u00f3n de V\u00edctor Echevarr\u00eda se centra en la memoria, la percepci\u00f3n y las transformaciones que toda experiencia deja inscritas en el cuerpo.<\/p>\n<p><img decoding=\"async\" loading=\"lazy\" src=\"https:\/\/www.europesays.com\/es\/wp-content\/uploads\/2026\/06\/joti-2-U02280585816Duj-758x530@Diario Vasco.jpg\" class=\"v-cmp-cmb__i\" width=\"680\" height=\"476\" alt=\"Imagen principal - Dos de las obras de gran formato del pintor alav\u00e9s.\"\/><\/p>\n<p><img decoding=\"async\" loading=\"lazy\" src=\"https:\/\/www.europesays.com\/es\/wp-content\/uploads\/2026\/06\/joti-2-U02280585816Duj-758x530@Diario Vasco.jpg\" class=\"v-mdl__i\" width=\"758\" height=\"530\" alt=\"Imagen principal - Dos de las obras de gran formato del pintor alav\u00e9s.\"\/><\/p>\n<p>Dos de las obras de gran formato del pintor alav\u00e9s..<\/p>\n<p class=\"v-d-p\" style=\"\">El artista no pinta el paisaje. Pinta aquello que el paisaje produce. La luz sobre el agua, la vibraci\u00f3n del horizonte, el movimiento incesante de la superficie marina se convierten en detonantes de una b\u00fasqueda que explora c\u00f3mo percibimos, c\u00f3mo recordamos. As\u00ed analiz\u00f3 su obra Echevarr\u00eda.<\/p>\n<p class=\"v-d-p\" style=\"\">La exposici\u00f3n re\u00fane varios lienzos de gran formato acompa\u00f1ados por una serie de obras de menor escala. Las piezas monumentales han sido concebidas para transformar la relaci\u00f3n habitual entre espectador e imagen: sus dimensiones permiten que la pintura ocupe gran parte del campo visual, generando una sensaci\u00f3n de proximidad y presencia que envuelve la mirada. <\/p>\n<p class=\"v-d-p\" style=\"\">La inauguraci\u00f3n tuvo lugar el pasado viernes 19 en Kempchen Gallery, donde el doctor<strong> Jos\u00e9 Cruz Ruiz Villandiego <\/strong>y la gerente del Grupo Industrial Kempchen Comdiflex, <strong>Arancha Guerrero<\/strong>, hicieron de anfitriones de la gala y de los invitados.<\/p>\n<p class=\"v-d-p\" style=\"\">Tras unas palabras de bienvenida y una explicaci\u00f3n de su pensamiento por parte del autor, V\u00edctor Echevarr\u00eda, interpret\u00f3 al piano con <strong>Susana Garc\u00eda Salazar<\/strong> y al viol\u00edn con I<strong>rene Mena <\/strong>dos obras in\u00e9ditas: &#8216;La Selva Virgen&#8217; de <strong>Anita Idiartborde <\/strong>y &#8216;Evocaci\u00f3n n.1&#8217; de<strong> Emma Chac\u00f3n<\/strong>.<\/p>\n<p class=\"v-d-p\" style=\"\">Sigui\u00f3 un suculento aperitivo de viandas alavesas y vinos exquisitos donde pudimos encontrar a personajes de San Sebasti\u00e1n, de \u00c1lava y de otras partes del mundo. All\u00ed estuvieron <strong>Isabel Mayor<\/strong>, de la Asociaci\u00f3n Cultural Cara de Pan, <strong>Ana Fern\u00e1ndez<\/strong>, <strong>I\u00f1aki Etxeberria<\/strong>, <strong>Rosa<\/strong> y <strong>Yosune L\u00f3pez de Foronda<\/strong>, <strong>Luc\u00eda S\u00e1enz<\/strong>, <strong>Pablo Carri\u00f3n<\/strong>, <strong>Laura S\u00e1enz<\/strong>, <strong>Nerea Arcos<\/strong>, <strong>Jarriso Viveros<\/strong> y <strong>Mariia Schlasheva<\/strong>. Tambi\u00e9n pudimos encontrar a otros habituales de esta sala de exposiciones como el empresario <strong>Alfonso Morlan<\/strong>,<strong> Boris Fern\u00e1ndez<\/strong>, la productora de cine<strong> In\u00e9s Eisses<\/strong>, <strong>Reme Amores<\/strong>, el investigador cinematogr\u00e1fico <strong>Gurutz Albisu <\/strong>y su esposa <strong>Carmen Gonz\u00e1lez<\/strong>, todos ellos tambi\u00e9n apasionados del arte en todas sus facetas. La exposici\u00f3n permanecer\u00e1 abierta hasta finales del mes de julio.<\/p>\n","protected":false},"excerpt":{"rendered":"Kempchen Gallery, en la calle Miguel Imaz 3 bajo, anuncia la exposici\u00f3n individual del pintor alav\u00e9s V\u00edctor Echevarr\u00eda,&hellip;\n","protected":false},"author":2,"featured_media":629941,"comment_status":"","ping_status":"","sticky":false,"template":"","format":"standard","meta":{"footnotes":""},"categories":[173],"tags":[229,233,231,230,232,234,23388,146,147,25,24,2003,23,1780],"class_list":["post-629940","post","type-post","status-publish","format-standard","has-post-thumbnail","category-arte-y-diseno","tag-arte","tag-arte-y-diseno","tag-arts","tag-arts-and-design","tag-design","tag-diseno","tag-echevarria","tag-entertainment","tag-entretenimiento","tag-es","tag-espana","tag-exposicion","tag-spain","tag-victor"],"share_on_mastodon":{"url":"","error":""},"_links":{"self":[{"href":"https:\/\/www.europesays.com\/es\/wp-json\/wp\/v2\/posts\/629940","targetHints":{"allow":["GET"]}}],"collection":[{"href":"https:\/\/www.europesays.com\/es\/wp-json\/wp\/v2\/posts"}],"about":[{"href":"https:\/\/www.europesays.com\/es\/wp-json\/wp\/v2\/types\/post"}],"author":[{"embeddable":true,"href":"https:\/\/www.europesays.com\/es\/wp-json\/wp\/v2\/users\/2"}],"replies":[{"embeddable":true,"href":"https:\/\/www.europesays.com\/es\/wp-json\/wp\/v2\/comments?post=629940"}],"version-history":[{"count":0,"href":"https:\/\/www.europesays.com\/es\/wp-json\/wp\/v2\/posts\/629940\/revisions"}],"wp:featuredmedia":[{"embeddable":true,"href":"https:\/\/www.europesays.com\/es\/wp-json\/wp\/v2\/media\/629941"}],"wp:attachment":[{"href":"https:\/\/www.europesays.com\/es\/wp-json\/wp\/v2\/media?parent=629940"}],"wp:term":[{"taxonomy":"category","embeddable":true,"href":"https:\/\/www.europesays.com\/es\/wp-json\/wp\/v2\/categories?post=629940"},{"taxonomy":"post_tag","embeddable":true,"href":"https:\/\/www.europesays.com\/es\/wp-json\/wp\/v2\/tags?post=629940"}],"curies":[{"name":"wp","href":"https:\/\/api.w.org\/{rel}","templated":true}]}}