{"id":629982,"date":"2026-06-28T07:20:15","date_gmt":"2026-06-28T07:20:15","guid":{"rendered":"https:\/\/www.europesays.com\/es\/629982\/"},"modified":"2026-06-28T07:20:15","modified_gmt":"2026-06-28T07:20:15","slug":"pantalla-amoled-120-hz-camara-de-200-mp-e-ip68-el-movil-gama-media-que-funciona-como-un-samsung","status":"publish","type":"post","link":"https:\/\/www.europesays.com\/es\/629982\/","title":{"rendered":"Pantalla AMOLED 120 Hz, c\u00e1mara de 200 MP e IP68: el m\u00f3vil gama media que funciona como un Samsung"},"content":{"rendered":"<p><img decoding=\"async\" class=\"v-ath__i\" loading=\"lazy\" src=\"https:\/\/www.europesays.com\/es\/wp-content\/uploads\/2026\/06\/1782631214_928_autor-6889-foto-2.png\" alt=\"Alejandra Santisteban Guiu\"\/><\/p>\n<p>28\/06\/2026 a las 06:29h.<\/p>\n<p class=\"v-d-p\" style=\"\">En la franja media del mercado de smartphones hay una guerra silenciosa por qui\u00e9n mete m\u00e1s sin subir el precio. Y de vez en cuando aparece <strong>un modelo que parece haber ganado la partida antes de que la mayor\u00eda lo note<\/strong>.<\/p>\n<p class=\"v-d-p\" style=\"\">El <a href=\"https:\/\/es.aliexpress.com\/item\/1005011558920172.html\" rel=\"sponsored,nofollow noopener\" target=\"_blank\" data-voc-vtm-id=\"in-text-traffic\" class=\"monetise\" title=\"Xiaomi Redmi Note 15 Pro 5G\" data-mrf-link=\"es.aliexpress.com\">Xiaomi Redmi Note 15 Pro 5G<\/a> lleva <strong>200 MP en la c\u00e1mara principal, pantalla AMOLED de 1.5K a 120 Hz<\/strong> y certificaci\u00f3n IP68\/IP69K, todo en versi\u00f3n europea con NFC y 5G activo. Para quien lleva dos o tres a\u00f1os con un gama media del mont\u00f3n, eso es mucho de golpe.<\/p>\n<p>\nLa certificaci\u00f3n IP68\/IP69K que no te esperas\n<\/p>\n<p class=\"v-d-p\" style=\"\">La mayor\u00eda de los m\u00f3viles de esta franja llegan a IP54 como mucho: protecci\u00f3n frente a salpicaduras, lo justo. El Redmi Note 15 Pro 5G certifica IP68 (<strong>sumergible a 1,5 metros durante 30 minutos<\/strong>) e IP69K (resistencia a chorros de agua a presi\u00f3n alta).<\/p>\n<p class=\"v-d-p\" style=\"\">El Motorola Edge 40 de su franja llega a IP68, pero se queda sin el IP69K: sin resistencia a chorros a presi\u00f3n. No lo ten\u00eda el Note 13 Pro tampoco. Es el dato que m\u00e1s sorprende al revisar la ficha, porque<strong> ese doble nivel de resistencia al agua habitualmente aparece dos escalones de precio m\u00e1s arriba<\/strong>.<\/p>\n<p class=\"v-d-p\" style=\"\">Para quien <strong>usa el m\u00f3vil en la playa, en el gimnasio o simplemente lo lleva al ba\u00f1o sin pensarlo<\/strong>, la diferencia entre IP54 e IP68 no es de papel: es que el m\u00f3vil sobrevive o no.<\/p>\n<p>\n200 MP y pantalla 1.5K: lo que pide a gritos su franja\n<\/p>\n<p class=\"v-d-p\" style=\"\"><strong>La c\u00e1mara de 200 MP no es solo un n\u00famero de portada<\/strong>. La cifra no es nueva en la serie (el Note 13 Pro ya la ten\u00eda), pero el sensor m\u00e1s grande captura m\u00e1s detalle en condiciones de poca luz y el procesado de la nueva generaci\u00f3n deja m\u00e1s margen para recortar sin que la imagen se deshaga. La diferencia se ve en la resoluci\u00f3n de detalles finos, aunque el secreto de una buena foto siga siendo el procesado de software m\u00e1s que la cifra de megap\u00edxeles.<\/p>\n<p class=\"v-d-p\" style=\"\">La pantalla AMOLED de 6,83 pulgadas y resoluci\u00f3n 1.5K (1.280 x 2.772 p\u00edxeles) con 120 Hz de refresco es otro punto donde el modelo se sale de lo habitual. El 1.5K supera al FHD+ del grueso de su rango, y en la pr\u00e1ctica eso se traduce en<strong> texto m\u00e1s n\u00edtido y v\u00eddeos sin el efecto de pixelado<\/strong> que delata a los AMOLED m\u00e1s baratos cuando los acercas al ojo.<\/p>\n<p class=\"v-d-p\" style=\"\">La app de streaming, el PDF, el mapa: <strong>todo se ve con una definici\u00f3n que normalmente pide m\u00e1s dinero<\/strong>.<\/p>\n<p>\nEl chip que lo aguanta (con un matiz honesto)\n<\/p>\n<p class=\"v-d-p\" style=\"\">El Dimensity 7400-Ultra de MediaTek (fabricado en proceso de 4 nm, presentado a principios de 2025) no es el procesador m\u00e1s potente de su franja en 2026. Para gaming intensivo hay quienes prefieren el Snapdragon 7s Gen 3, y en ese punto el Note 15 Pro no es la elecci\u00f3n m\u00e1s obvia.<\/p>\n<p class=\"v-d-p\" style=\"\"><strong>Para el uso diario, apps sociales, foto y v\u00eddeo 4K a 30 fps, el chip rinde con comodidad<\/strong>. Las 8 GB de RAM y los 256 GB de almacenamiento en la variante base son lo suficiente para que el m\u00f3vil no haga el gesto de pensar antes de abrir una app.<\/p>\n<p class=\"v-d-p\" style=\"\">Lo que s\u00ed falta para que sea redondo: <strong>el v\u00eddeo se queda en 4K a 30 fps<\/strong>. Sin 4K60, sin slow motion a alta resoluci\u00f3n. Para la mayor\u00eda no es un freno; para quien graba con regularidad, es un dato a tener en cuenta antes de comprar.<\/p>\n<p>\nEl veredicto: dos a\u00f1os de retraso encima de la mesa\n<\/p>\n<p class=\"v-d-p\" style=\"\">Quien ya tiene el Note 14 Pro o el Note 13 Pro Plus no va a notar un cambio de vida con este modelo. El salto generacional no justifica el gasto si el m\u00f3vil que tienes sigue respondiendo.<\/p>\n<p class=\"v-d-p\" style=\"\">Pero imagina la pantalla del Note 15 Pro en el bolsillo de alguien que lleva tres a\u00f1os con un FHD+ sin AMOLED, sin IP de verdad y con c\u00e1mara de 64 MP. Es como encender la luz. <strong>El conjunto de resistencia al agua real, sensor grande con margen de recorte y pantalla con resoluci\u00f3n<\/strong> por encima de su precio no suele verse junto en esta franja sin que uno de los tres salte por los aires.<\/p>\n<p class=\"v-d-p\" style=\"\">Est\u00e1 rebajado, y <strong>en esta franja es raro encontrar los tres argumentos juntos sin que uno de ellos sea el precio.<\/strong><\/p>\n<ul class=\"v-cmp-rld__u\">\n<li class=\"v-cmp-rld__l\">\n<p><a class=\"v-a-lnk\" href=\"http:\/\/www.abc.es\/favorito\/electronica\/moviles-smartphones\/movil-comprar-prime-day-amazon-cinco-modelos-20260623062600-nt.html#vtm_modulosEngag=noticiasrelacionadas-cmp-dos:favorito:noticia:1\" title=\"Qu\u00e9 m\u00f3vil comprar en el Prime Day de Amazon: cinco modelos con descuento real seg\u00fan c\u00f3mo lo uses\" data-voc-vtm-id=\"in-text-traffic\" rel=\"nofollow noopener\" target=\"_blank\"><br \/>\n<img decoding=\"async\" loading=\"lazy\" src=\"https:\/\/www.europesays.com\/es\/wp-content\/uploads\/2026\/06\/image_20260623103441-U26846642532MfH-366x256@diario_abc.png\" class=\"v-a-img\" width=\"258\" height=\"180\" alt=\"Qu\u00e9 m\u00f3vil comprar en el Prime Day de Amazon: cinco modelos con descuento real seg\u00fan c\u00f3mo lo uses\"\/><br \/>\n<\/a><\/p>\n<p>Alejandra Santisteban Guiu<\/p>\n<\/li>\n<li class=\"v-cmp-rld__l\">\n<p><a class=\"v-a-lnk\" href=\"http:\/\/www.abc.es\/favorito\/gps-integrado-llamadas-bluetooth-salud-horas-smartwatches-20260624020545-nt.html#vtm_modulosEngag=noticiasrelacionadas-cmp-dos:favorito:noticia:2\" title=\"GPS integrado, llamadas Bluetooth y salud 24 horas: 6 smartwatches que no llegan a 80\u20ac\" data-voc-vtm-id=\"in-text-traffic\" rel=\"nofollow noopener\" target=\"_blank\"><br \/>\n<img decoding=\"async\" loading=\"lazy\" src=\"https:\/\/www.europesays.com\/es\/wp-content\/uploads\/2026\/06\/G7wcF0IaMAE84Es-U67352310378QAC-366x256@diario_abc.jpg\" class=\"v-a-img\" width=\"258\" height=\"180\" alt=\"GPS integrado, llamadas Bluetooth y salud 24 horas: 6 smartwatches que no llegan a 80\u20ac\"\/><br \/>\n<\/a><\/p>\n<\/li>\n<\/ul>\n<p class=\"v-d-p\" style=\"\">En la secci\u00f3n <a href=\"https:\/\/www.abc.es\/favorito\/\" target=\"_blank\" data-voc-vtm-id=\"in-text-traffic\" class=\"monetise\" title=\"Favorito de ABC\" data-mrf-link=\"www.abc.es\" rel=\"nofollow noopener\">Favorito de ABC<\/a> se pueden encontrar m\u00e1s ofertas y gangas como esta para equipar tu casa o renovar tu tecnolog\u00eda con criterio y ahorro.<\/p>\n","protected":false},"excerpt":{"rendered":"28\/06\/2026 a las 06:29h. En la franja media del mercado de smartphones hay una guerra silenciosa por qui\u00e9n&hellip;\n","protected":false},"author":2,"featured_media":629983,"comment_status":"","ping_status":"","sticky":false,"template":"","format":"standard","meta":{"footnotes":""},"categories":[81],"tags":[29821,6815,116975,3250,119,123,124,25,24,6526,24698,116976,2750,10540,23155,1700,117,121,122,23,118,120],"class_list":["post-629982","post","type-post","status-publish","format-standard","has-post-thumbnail","category-ciencia-y-tecnologia","tag-29821","tag-6815","tag-amoled","tag-camara","tag-ciencia","tag-ciencia-y-tecnologia","tag-cienciaytecnologia","tag-es","tag-espana","tag-funciona","tag-gama","tag-ip68","tag-media","tag-movil","tag-pantalla","tag-samsung","tag-science","tag-science-and-technology","tag-scienceandtechnology","tag-spain","tag-technology","tag-tecnologia"],"share_on_mastodon":{"url":"https:\/\/pubeurope.com\/@es\/116826527450270734","error":""},"_links":{"self":[{"href":"https:\/\/www.europesays.com\/es\/wp-json\/wp\/v2\/posts\/629982","targetHints":{"allow":["GET"]}}],"collection":[{"href":"https:\/\/www.europesays.com\/es\/wp-json\/wp\/v2\/posts"}],"about":[{"href":"https:\/\/www.europesays.com\/es\/wp-json\/wp\/v2\/types\/post"}],"author":[{"embeddable":true,"href":"https:\/\/www.europesays.com\/es\/wp-json\/wp\/v2\/users\/2"}],"replies":[{"embeddable":true,"href":"https:\/\/www.europesays.com\/es\/wp-json\/wp\/v2\/comments?post=629982"}],"version-history":[{"count":0,"href":"https:\/\/www.europesays.com\/es\/wp-json\/wp\/v2\/posts\/629982\/revisions"}],"wp:featuredmedia":[{"embeddable":true,"href":"https:\/\/www.europesays.com\/es\/wp-json\/wp\/v2\/media\/629983"}],"wp:attachment":[{"href":"https:\/\/www.europesays.com\/es\/wp-json\/wp\/v2\/media?parent=629982"}],"wp:term":[{"taxonomy":"category","embeddable":true,"href":"https:\/\/www.europesays.com\/es\/wp-json\/wp\/v2\/categories?post=629982"},{"taxonomy":"post_tag","embeddable":true,"href":"https:\/\/www.europesays.com\/es\/wp-json\/wp\/v2\/tags?post=629982"}],"curies":[{"name":"wp","href":"https:\/\/api.w.org\/{rel}","templated":true}]}}