{"id":630013,"date":"2026-06-28T07:47:15","date_gmt":"2026-06-28T07:47:15","guid":{"rendered":"https:\/\/www.europesays.com\/es\/630013\/"},"modified":"2026-06-28T07:47:15","modified_gmt":"2026-06-28T07:47:15","slug":"los-barrios-pobres-de-valencia-y-lhorta-sufren-un-bochorno-hasta-cinco-grados-mas-alto-que-los-ricos","status":"publish","type":"post","link":"https:\/\/www.europesays.com\/es\/630013\/","title":{"rendered":"Los barrios pobres de Val\u00e8ncia y l&#8217;Horta sufren un bochorno hasta cinco grados m\u00e1s alto que los ricos"},"content":{"rendered":"<p class=\"ft-text ft-helper-closenews\">El &#8216;cintur\u00f3n rojo&#8217; pol\u00edtico del \u00e1rea metropolitana de Val\u00e8ncia es tambi\u00e9n un cintur\u00f3n rojo de vulnerabilidad frente al<a class=\"ft-link ft-link--decoration\" href=\"https:\/\/www.levante-emv.com\/comunitat-valenciana\/2026\/06\/25\/ola-calor-cobra-ocho-victimas-tres-dias-131799515.html\" rel=\"nofollow noopener\" target=\"_blank\"> calor<\/a>. Los barrios de la zona del suroeste de la gran urbe, especialmente los m\u00e1s pobres, son los m\u00e1s expuestos frente a las temperaturas extremas y las olas de calor. La diferencia de temperatura m\u00e1xima entre estos distritos y los del centro del Cap i casal puede llegar a ser de hasta cinco grados. Mientras que la playa de la Pobla de Farnals registr\u00f3 una sensaci\u00f3n t\u00e9rmica de 30,04 grados durante el verano del 2022, en las urbanizaciones occidentales de Quart de Poblet esta fue de 35,4 grados. As\u00ed lo recoge un estudio del Instituto de Gobierno y Pol\u00edticas P\u00fablicas de la Universitat Aut\u00f2noma de Barcelona (UAB) que ha analizado el estr\u00e9s t\u00e9rmico de los barrios de las \u00e1reas metropolitanas de Val\u00e8ncia, Madrid, Barcelona y Sevilla. Los datos recopilados establecen un patr\u00f3n claro en las cuatro capitales: los barrios pobres -teniendo en cuenta sus caracter\u00edsticas socioecon\u00f3micas y residenciales- registran temperaturas m\u00e1s elevadas.<\/p>\n<p class=\"ft-text\">\u00abSu vulnerabilidad es doble -, explica el catedr\u00e1tico de Geograf\u00eda y l\u00edder del proyecto, Marc Par\u00e9s-. porque tienen mayor exposici\u00f3n al calor y su capacidad de respuesta frente a este es m\u00e1s limitada\u00bb. Coinciden tambi\u00e9n con los barrios con mayor densidad de poblaci\u00f3n, como Mislata, con viviendas en peor situaci\u00f3n de aislamiento y con menos zonas verdes. La franja norte-sud entre Llocnou de la Corona, el municipio m\u00e1s peque\u00f1o del pa\u00eds, y Picassent es otro de los puntos calientes establecidos por el proyecto de la UAB; discurre de forma paralela a la pista de Silla. Sin embargo, los puntos de alto estr\u00e9s t\u00e9rmico se dispersan por toda la zona suroeste del \u00e1rea metropolitana, como se observa en la imagen que ilustra esta informaci\u00f3n. Muchas de ellas coinciden con el discurrir de las principales carreteras; la A3 es otro ejemplo.<\/p>\n<p class=\"ft-text\">Hasta ocho municipios cuentan con al menos un barrio con nivel 10 -el m\u00e1s elevado- de vulnerabilidad y con mayor exposici\u00f3n al calor. Son los siguientes: <\/p>\n<ul class=\"ft-list ft-list--primary\" data-aida-text=\"\">\n<li class=\"ft-list__item\">Burjassot por el barrio de las 613 viviendas. <\/li>\n<li class=\"ft-list__item\">Alfafar por el de l&#8217;Orba. <\/li>\n<li class=\"ft-list__item\">Torrent con hasta tres barrios: los de El Mol\u00ed, el Xenillet y Benissaet. <\/li>\n<li class=\"ft-list__item\">Manises por Santa F\u00e9lix. <\/li>\n<li class=\"ft-list__item\">Xirivella con todos sus barrios. <\/li>\n<li class=\"ft-list__item\">Quart de Poblet por sus urbanizaciones occidentales. <\/li>\n<li class=\"ft-list__item\">Aldaia por el Barrio del Cristo, una parte del mismo en el t\u00e9rmino municipal de Quart. <\/li>\n<li class=\"ft-list__item\">Y Alaqu\u00e0s por el Parc del Dijous. <\/li>\n<\/ul>\n<p class=\"ft-text\">El proyecto ha analizado dos variables t\u00e9rmicas. La primera de ellas es la temperatura superficial del suelo (LTS, por sus siglas en ingl\u00e9s) del verano del a\u00f1o 2022, la media de toda la estaci\u00f3n, recopilada por los sat\u00e9lites. La segunda es el \u00edndice de clima t\u00e9rmico (UTCI), una variable que tiene en cuenta la temperatura, pero tambi\u00e9n otras cuestiones como la sensaci\u00f3n o confort t\u00e9rmico. Ah\u00ed el viento y la humedad ambiente tienen tambi\u00e9n un peso significativo. A estas hay que sumar el \u00edndice de vulnerabilidad desarrollado por el Institut Metr\u00f2poli que analiza los barrios m\u00e1s pobres. De hecho, el estudio tiene un equipo trabajando en la Comunitat Valenciana. <\/p>\n<p class=\"ft-text\">La brecha entre barrios de Val\u00e8ncia es la segunda m\u00e1s pronunciada entre las cuatro capitales, solo por detr\u00e1s de la observada en Barcelona. La temperatura media en superficie es 0,81 grados m\u00e1s elevada en los barrios pobres del \u00e1rea metropolitana del T\u00faria que en los ricos, mientras que la diferencia de sensaci\u00f3n t\u00e9rmica se eleva hasta los 1,08 grados. Esa es la media, pero los extremos se disparan hasta cinco grados. <\/p>\n<p>Visi\u00f3n metropolitana <\/p>\n<p class=\"ft-text\">Las conclusiones coinciden con las de <a class=\"ft-link ft-link--decoration\" href=\"https:\/\/www.levante-emv.com\/valencia\/2025\/08\/16\/barrios-calidos-valencia-riesgo-personas-ola-de-calor-120651552.html\" rel=\"nofollow noopener\" target=\"_blank\">un estudio de la Universitat Polit\u00e8cnica de Val\u00e8ncia (UPV)<\/a>, publicado el pasado a\u00f1o en <a class=\"ft-link ft-link--decoration\" href=\"https:\/\/www.levante-emv.com\" rel=\"nofollow noopener\" target=\"_blank\">Levante-EMV<\/a>, que analizaba la relaci\u00f3n entre las temperaturas y la vulnerabilidad en los barrios de Val\u00e8ncia ciudad. Los vecinos de zonas con menor renta como Benicalap, El Calvari, Torrefiel, Els Orriols, Benimaclet o Nou Moles son m\u00e1s vulnerables frente al calor. Justamente los de m\u00e1s densidad, menor renta, mayor proporci\u00f3n de poblaci\u00f3n envejecida y escasez de zonas verdes. En contraposici\u00f3n, los barrios de Trinitat, Exposici\u00f3, Castellar o el Bot\u00e0nic son los que mejor afrontan las temperaturas extremas.<\/p>\n<p><img decoding=\"async\" src=\"https:\/\/www.europesays.com\/es\/wp-content\/uploads\/2026\/06\/5ed6cd23-1f6b-466e-94f3-3bd77025d32a_alta-libre-aspect-ratio_default_0_x600y225.jpg\" width=\"1200\" height=\"675\" alt=\"Radiograf\u00eda de los barrios que pasan m\u00e1s calor en Val\u00e8ncia ciudad.\" class=\"ft-helper-img-rd\" loading=\"lazy\" fetchpriority=\"auto\"\/><\/p>\n<p class=\"ft-helper-fontColor-quaternary ft-helper-fontSize-body-S ft-helper-spacer-t-xxs\">Radiograf\u00eda de los barrios que pasan m\u00e1s calor en Val\u00e8ncia ciudad.  \/ L-EMV<\/p>\n<p class=\"ft-text\">Un a\u00f1o despu\u00e9s, la investigaci\u00f3n de la UAB ampl\u00eda la mirada hacia un nivel metropolitano, hacia un \u00e1rea donde viven <strong>378.000 valencianos y valencianas<\/strong>. De hecho, se espera que su poblaci\u00f3n crezca en los pr\u00f3ximos a\u00f1os o, m\u00e1s bien, un fen\u00f3meno de migraci\u00f3n desde la gran ciudad hacia los pueblos lim\u00edtrofes debido a la expulsi\u00f3n provocada por el incremento de los precios de la vivienda. \u00abEste salto nos permite tener una fotograf\u00eda mejor -, explica Par\u00e9s- porque es en las periferias donde hay una mayor vulnerabilidad frente al calor\u00bb. En contraposici\u00f3n, esta es menor en entornos seminaturales o de litoral. <\/p>\n<p class=\"ft-text\">El proyecto del equipo de Par\u00e9s est\u00e1 en su primera fase y no hay documentaci\u00f3n publicada. Le seguiran otras dos. La siguiente consiste en una serie de encuestas representativas para evaluar las diferencias entre barrios y comprobar c\u00f3mo estos influye en la respuesta frente a las temperaturas extremas. La \u00faltima realizar\u00e1 un estudio de la situaci\u00f3n en una serie barrios elegidos en cada una de las \u00e1reas metropolitanas. La peculiaridad del estudio en Val\u00e8ncia incluye una segunda variable de riesgo: la de las inundaciones. \u00abNos parece relevante tras lo sucedido en 2024 -, comenta el experto- para observar c\u00f3mo se est\u00e1 respondiendo a esta emergencia\u00bb. <\/p>\n<p class=\"ft-text\">La combinaci\u00f3n entre barrios y climatolog\u00eda ser\u00e1 cada vez m\u00e1s importante porque esta est\u00e1 cambiando precipitadamente en el Mediterr\u00e1neo, <a class=\"ft-link ft-link--decoration\" href=\"https:\/\/www.levante-emv.com\/comunitat-valenciana\/2026\/06\/14\/mediterraneo-vivir-zona-cero-cambio-climatico-cambiado-clima-131150648.html\" rel=\"nofollow noopener\" target=\"_blank\">mucho m\u00e1s r\u00e1pido que en otras zonas del planeta<\/a>. Los fen\u00f3menos son m\u00e1s extremos y m\u00e1s frecuentes. Las estaciones est\u00e1n cambiando. El verano, por ejemplo, se est\u00e1 alargando hacia la primavera y dura ya 10 d\u00edas m\u00e1s que anta\u00f1o. Algunos expertos hablan incluso de una estaci\u00f3n de casi seis meses. En este contexto, cobra mayor importancia a\u00fan conocer la vulnerabilidad de los barrios frente al calor. La renta, una vez m\u00e1s, determinante.<\/p>\n<p data-close=\"closedContent\" class=\"subscribeHideForDisplay\">Suscr\u00edbete para seguir leyendo<\/p>\n","protected":false},"excerpt":{"rendered":"El &#8216;cintur\u00f3n rojo&#8217; pol\u00edtico del \u00e1rea metropolitana de Val\u00e8ncia es tambi\u00e9n un cintur\u00f3n rojo de vulnerabilidad frente al&hellip;\n","protected":false},"author":2,"featured_media":630014,"comment_status":"","ping_status":"","sticky":false,"template":"","format":"standard","meta":{"footnotes":""},"categories":[8],"tags":[116978,99600,21743,17,18,4922,25,24,13,14,11,19,20,104897,116979,9,10,15,16,57351,53761,23,11963,6195,12,21,22,235,1793],"class_list":["post-630013","post","type-post","status-publish","format-standard","has-post-thumbnail","category-espana","tag-5-grados","tag-area-metropolitana","tag-barrios","tag-breaking-news","tag-breakingnews","tag-calor","tag-es","tag-espana","tag-featured-news","tag-featurednews","tag-headlines","tag-latest-news","tag-latestnews","tag-lhorta","tag-mas-ricos","tag-news","tag-noticias","tag-noticias-destacadas","tag-noticiasdestacadas","tag-pobres","tag-quart","tag-spain","tag-sufren","tag-temperaturas","tag-titulares","tag-ultimas-noticias","tag-ultimasnoticias","tag-valencia","tag-verano"],"share_on_mastodon":{"url":"https:\/\/pubeurope.com\/@es\/116826633489415693","error":""},"_links":{"self":[{"href":"https:\/\/www.europesays.com\/es\/wp-json\/wp\/v2\/posts\/630013","targetHints":{"allow":["GET"]}}],"collection":[{"href":"https:\/\/www.europesays.com\/es\/wp-json\/wp\/v2\/posts"}],"about":[{"href":"https:\/\/www.europesays.com\/es\/wp-json\/wp\/v2\/types\/post"}],"author":[{"embeddable":true,"href":"https:\/\/www.europesays.com\/es\/wp-json\/wp\/v2\/users\/2"}],"replies":[{"embeddable":true,"href":"https:\/\/www.europesays.com\/es\/wp-json\/wp\/v2\/comments?post=630013"}],"version-history":[{"count":0,"href":"https:\/\/www.europesays.com\/es\/wp-json\/wp\/v2\/posts\/630013\/revisions"}],"wp:featuredmedia":[{"embeddable":true,"href":"https:\/\/www.europesays.com\/es\/wp-json\/wp\/v2\/media\/630014"}],"wp:attachment":[{"href":"https:\/\/www.europesays.com\/es\/wp-json\/wp\/v2\/media?parent=630013"}],"wp:term":[{"taxonomy":"category","embeddable":true,"href":"https:\/\/www.europesays.com\/es\/wp-json\/wp\/v2\/categories?post=630013"},{"taxonomy":"post_tag","embeddable":true,"href":"https:\/\/www.europesays.com\/es\/wp-json\/wp\/v2\/tags?post=630013"}],"curies":[{"name":"wp","href":"https:\/\/api.w.org\/{rel}","templated":true}]}}